{"id":27224,"date":"2021-08-27T12:03:20","date_gmt":"2021-08-27T12:03:20","guid":{"rendered":"http:\/\/historiografija.hr\/?p=27224"},"modified":"2021-08-27T12:03:20","modified_gmt":"2021-08-27T12:03:20","slug":"historiografsko-misljenje-christian-axboe-nielsen-o-prevladavajucem-povratku-shvacanju-povijesti-koje-izbjegava-suocavanje-s-prosloscu","status":"publish","type":"post","link":"https:\/\/historiografija.hr\/?p=27224","title":{"rendered":"Historiografsko mi\u0161ljenje: Christian Axboe Nielsen o prevladavaju\u0107em povratku shva\u0107anju povijesti koje izbjegava suo\u010davanje s pro\u0161lo\u0161\u0107u"},"content":{"rendered":"\n<p>\u201cBojim se da se i na me\u0111unarodnom planu vra\u0107amo primitivnom shvatanju istorije, prema kojem pre svega politi\u010dari a i obi\u010dni ljudi misle da je svrha njenog u\u010denja, zapravo, u tome da se stalno fokusiramo isklju\u010divo na ono \u0161to je pozitivno za dr\u017eavu i narod&#8221;, ka\u017ee Nilsen dodaju\u0107i da u tom slu\u010daju nema suo\u010davanja sa pro\u0161lo\u0161\u0107u.<\/p>\n\n\n\n<p>\u201cOnda ni u Americi, ni u Danskoj niti na Balkanu ne\u0107emo se baviti svojim zlo\u010dinima nego \u0107emo uvek samo MI biti u pravu i da za sve na\u0161e probleme ili barem ve\u0107inu &#8211; krivi su na\u0161i agresivni i zlo\u010desti susedi. Ako krenemo u tom smeru onda mislim da se crno pi\u0161e ne samo biv\u0161oj Jugoslaviji, nego i Evropskoj uniji i drugim delovima sveta&#8221;, smatra Nilsen.<\/p>\n\n\n\n<hr class=\"wp-block-separator\"\/>\n\n\n\n<p><strong><em>Cijeli intervju dostupan je na poveznici:<\/em><\/strong><\/p>\n\n\n\n<p><a href=\"https:\/\/www.slobodnaevropa.org\/a\/christian-nielsen-rat-balkan-genocid-hag\/31405235.html\">https:\/\/www.slobodnaevropa.org\/a\/christian-nielsen-rat-balkan-genocid-hag\/31405235.html<\/a><\/p>\n\n\n\n<hr class=\"wp-block-separator\"\/>\n\n\n\n<p>Na intervju je uputio portal <strong>Historiografija.ba<\/strong> na poveznici:<\/p>\n\n\n\n<p><a href=\"https:\/\/www.historiografija.ba\/article.php?id=568\">https:\/\/www.historiografija.ba\/article.php?id=568<\/a><\/p>\n\n\n\n<hr class=\"wp-block-separator\"\/>\n","protected":false},"excerpt":{"rendered":"","protected":false},"author":2,"featured_media":17718,"comment_status":"open","ping_status":"open","sticky":false,"template":"","format":"standard","meta":{"_acf_changed":false,"jetpack_post_was_ever_published":false,"_jetpack_newsletter_access":"","_jetpack_dont_email_post_to_subs":false,"_jetpack_newsletter_tier_id":0,"_jetpack_memberships_contains_paywalled_content":false,"_jetpack_memberships_contains_paid_content":false,"footnotes":"","jetpack_publicize_message":"","jetpack_publicize_feature_enabled":true,"jetpack_social_post_already_shared":true,"jetpack_social_options":{"image_generator_settings":{"template":"highway","default_image_id":0,"font":"","enabled":false},"version":2}},"categories":[3,11],"tags":[],"class_list":["post-27224","post","type-post","status-publish","format-standard","has-post-thumbnail","hentry","category-novosti","category-rubrike"],"acf":{"facebook_opis":""},"jetpack_publicize_connections":[],"jetpack_featured_media_url":"https:\/\/i0.wp.com\/historiografija.hr\/wp-content\/uploads\/2019\/11\/Nielsen.jpg?fit=1024%2C425&ssl=1","jetpack_sharing_enabled":true,"jetpack-related-posts":[],"_links":{"self":[{"href":"https:\/\/historiografija.hr\/index.php?rest_route=\/wp\/v2\/posts\/27224","targetHints":{"allow":["GET"]}}],"collection":[{"href":"https:\/\/historiografija.hr\/index.php?rest_route=\/wp\/v2\/posts"}],"about":[{"href":"https:\/\/historiografija.hr\/index.php?rest_route=\/wp\/v2\/types\/post"}],"author":[{"embeddable":true,"href":"https:\/\/historiografija.hr\/index.php?rest_route=\/wp\/v2\/users\/2"}],"replies":[{"embeddable":true,"href":"https:\/\/historiografija.hr\/index.php?rest_route=%2Fwp%2Fv2%2Fcomments&post=27224"}],"version-history":[{"count":1,"href":"https:\/\/historiografija.hr\/index.php?rest_route=\/wp\/v2\/posts\/27224\/revisions"}],"predecessor-version":[{"id":27225,"href":"https:\/\/historiografija.hr\/index.php?rest_route=\/wp\/v2\/posts\/27224\/revisions\/27225"}],"wp:featuredmedia":[{"embeddable":true,"href":"https:\/\/historiografija.hr\/index.php?rest_route=\/wp\/v2\/media\/17718"}],"wp:attachment":[{"href":"https:\/\/historiografija.hr\/index.php?rest_route=%2Fwp%2Fv2%2Fmedia&parent=27224"}],"wp:term":[{"taxonomy":"category","embeddable":true,"href":"https:\/\/historiografija.hr\/index.php?rest_route=%2Fwp%2Fv2%2Fcategories&post=27224"},{"taxonomy":"post_tag","embeddable":true,"href":"https:\/\/historiografija.hr\/index.php?rest_route=%2Fwp%2Fv2%2Ftags&post=27224"}],"curies":[{"name":"wp","href":"https:\/\/api.w.org\/{rel}","templated":true}]}}