{"id":27210,"date":"2021-08-27T09:00:03","date_gmt":"2021-08-27T09:00:03","guid":{"rendered":"http:\/\/historiografija.hr\/?p=27210"},"modified":"2021-08-27T09:00:03","modified_gmt":"2021-08-27T09:00:03","slug":"izlozba-lissa-na-razmedi-jadrana-talijanska-vlast-na-visu-1918-1921","status":"publish","type":"post","link":"https:\/\/historiografija.hr\/?p=27210","title":{"rendered":"Izlo\u017eba &#8220;Lissa na razme\u0111i Jadrana: talijanska vlast na Visu 1918.-1921.&#8221;"},"content":{"rendered":"\n<p>Otvaranje izlo\u017ebe &#8220;<em>Lissa <\/em>na razme\u0111i Jadrana: talijanska vlast na Visu 1918.-1921.&#8221; povodom 100 godina od odlaska Talijana.<br><br>Grad Vis i Ogranak Matice hrvatske u Visu organiziraju izlo\u017ebu u Arheolo\u0161koj zbirci Issa u tvr\u0111avi Batarija. Otvaranje izlo\u017ebe je 27.8. 2021. godine u 20:00 sati, dok su autori izlo\u017ebe studenti povijesti (FFZg) Nikola Ostoji\u0107 i Vinko Udiljak te kolekcionar An\u0111elo Mikli\u0107.<br><br>Izlo\u017eba prati tijek od po\u010detka Prvog svjetskog rata u Dalmaciji i Visu, preko politi\u010dkih strujanja Talijana sve do na\u010dina \u017eivota za vrijeme okupacije iznose\u0107i pred Vas fotografije, litografije, novinske \u010dlanke, uniforme i druge sadr\u017eaje. Uz izlo\u017ebu je tiskan popratni katalog.<\/p>\n\n\n\n<hr class=\"wp-block-separator\"\/>\n","protected":false},"excerpt":{"rendered":"","protected":false},"author":2,"featured_media":27211,"comment_status":"open","ping_status":"open","sticky":false,"template":"","format":"standard","meta":{"_acf_changed":false,"jetpack_post_was_ever_published":false,"_jetpack_newsletter_access":"","_jetpack_dont_email_post_to_subs":false,"_jetpack_newsletter_tier_id":0,"_jetpack_memberships_contains_paywalled_content":false,"_jetpack_memberships_contains_paid_content":false,"footnotes":"","jetpack_publicize_message":"","jetpack_publicize_feature_enabled":true,"jetpack_social_post_already_shared":true,"jetpack_social_options":{"image_generator_settings":{"template":"highway","default_image_id":0,"font":"","enabled":false},"version":2}},"categories":[10,3],"tags":[],"class_list":["post-27210","post","type-post","status-publish","format-standard","has-post-thumbnail","hentry","category-izlozbe","category-novosti"],"acf":{"facebook_opis":""},"jetpack_publicize_connections":[],"jetpack_featured_media_url":"https:\/\/i0.wp.com\/historiografija.hr\/wp-content\/uploads\/2021\/08\/Vis.jpg?fit=280%2C391&ssl=1","jetpack_sharing_enabled":true,"jetpack-related-posts":[],"_links":{"self":[{"href":"https:\/\/historiografija.hr\/index.php?rest_route=\/wp\/v2\/posts\/27210","targetHints":{"allow":["GET"]}}],"collection":[{"href":"https:\/\/historiografija.hr\/index.php?rest_route=\/wp\/v2\/posts"}],"about":[{"href":"https:\/\/historiografija.hr\/index.php?rest_route=\/wp\/v2\/types\/post"}],"author":[{"embeddable":true,"href":"https:\/\/historiografija.hr\/index.php?rest_route=\/wp\/v2\/users\/2"}],"replies":[{"embeddable":true,"href":"https:\/\/historiografija.hr\/index.php?rest_route=%2Fwp%2Fv2%2Fcomments&post=27210"}],"version-history":[{"count":1,"href":"https:\/\/historiografija.hr\/index.php?rest_route=\/wp\/v2\/posts\/27210\/revisions"}],"predecessor-version":[{"id":27212,"href":"https:\/\/historiografija.hr\/index.php?rest_route=\/wp\/v2\/posts\/27210\/revisions\/27212"}],"wp:featuredmedia":[{"embeddable":true,"href":"https:\/\/historiografija.hr\/index.php?rest_route=\/wp\/v2\/media\/27211"}],"wp:attachment":[{"href":"https:\/\/historiografija.hr\/index.php?rest_route=%2Fwp%2Fv2%2Fmedia&parent=27210"}],"wp:term":[{"taxonomy":"category","embeddable":true,"href":"https:\/\/historiografija.hr\/index.php?rest_route=%2Fwp%2Fv2%2Fcategories&post=27210"},{"taxonomy":"post_tag","embeddable":true,"href":"https:\/\/historiografija.hr\/index.php?rest_route=%2Fwp%2Fv2%2Ftags&post=27210"}],"curies":[{"name":"wp","href":"https:\/\/api.w.org\/{rel}","templated":true}]}}