{"id":27203,"date":"2021-08-26T09:39:47","date_gmt":"2021-08-26T09:39:47","guid":{"rendered":"http:\/\/historiografija.hr\/?p=27203"},"modified":"2021-08-26T09:39:47","modified_gmt":"2021-08-26T09:39:47","slug":"izlozba-slatki-zivot-100-godina-tvornice-zvecevo","status":"publish","type":"post","link":"https:\/\/historiografija.hr\/?p=27203","title":{"rendered":"Izlo\u017eba &#8220;Slatki \u017eivot, 100 godina tvornice Zve\u010devo&#8221;"},"content":{"rendered":"\n<p>Gradski muzej Po\u017eega otvara 26. kolovoza 2021. u privremenom izlo\u017ebenom prostoru, Matice hrvatske 13, izlo\u017ebu posve\u0107enoj radu njihove tvornice prehrambenih artikala pod naslovom &#8220;Slatki \u017eivot, 100 godina tvornice Zve\u010devo&#8221;.<\/p>\n\n\n\n<p><strong>O tvornici:<\/strong><\/p>\n\n\n\n<p>Nakon nastalog kaosa poslije Prvog svjetskog rata, upravo je Po\u017eega izabrana za savr\u0161eno mjesto za tvornicu koja \u0107e cijelom gradu donijeti \u010dokoladnu slavu ne\u0161to kasnije, te \u0107e grad Po\u017eega postati vode\u0107i proizvo\u0111a\u010d slatki\u0161a Kraljevine. Tvrtka Zve\u010devo d.d. Po\u017eega zapo\u010dela je s radom kao tvornica \u201cStock cognac Medicinal\u201d, 20. listopada 1921.godine, proizvode\u0107i&nbsp; jaka alkoholna pi\u0107a (vo\u0107ne rakije, vinjak i doma\u0107i brandy).<\/p>\n\n\n\n<p><br>\u0160vicarska tvrtka Nestl\u00e9 1934.godine nudi ugovor Stocku za najam postrojenja, kako bi proizvodili \u010dokolade i bombone, na punih 10 godina. Ponudu su odobrili Ministarstvo i Kraljevska banska uprava u Zagrebu, te Nestl\u00e9 1936.godine dobiva dozvolu za po\u010detak proizvodnje \u010dokolade i \u010dokoladnih proizvoda.<\/p>\n\n\n\n<p><br>Tvornica je zapo\u0161ljavala 350 djelatnika, sve ve\u0107inom iz Po\u017eege, a bili su raspodijeljeni u 8 velikih odjela \u2013 Konjak i ostala alkoholna pi\u0107a; \u010dokolada i \u010dokoladni bomboni; kakao u prahu i kakaovo maslo; praline i punjena \u010dokolada; kanditi; svileni bomboni i karamele; marmelada i vo\u0107ni sirupi; roba od vafla i fini deserti; zamatanje \u010daja.<\/p>\n\n\n\n<p>Geslo tvornice glasilo je \u201cBudi iskren\u201d i bilo je ispisano na jednoj od zgrada tvornice. Poput dobrog duha, geslo je ujedinjavalo sve radnike i upravu, te je unutar tvornice osnovana knji\u017enica, pjeva\u010dko dru\u0161tvo i orkestar.<\/p>\n\n\n\n<p><br>Nakon 10 godina, 1946. godine,&nbsp; proizvodnja je nastavljena u nacionaliziranoj tvornici, a pod imenom \u201cZve\u010devo\u201d&nbsp; tvornica po\u010dinje poslovati od 1951.godine. U sljede\u0107im godinama Zve\u010devo o\u010dekuju znatne promjene: godina je 1958. i u sustav Zve\u010deva ulazi mljekara; tijekom 60-ih godina prestaje nerentabilna proizvodnja vo\u0107nih sokova i bra\u0161na.&nbsp; Sve se koncentrira oko proizvodnje kakao proizvoda, jakih alkoholnih pi\u0107a i preradu mlijeka u mlije\u010dni prah. Zatim se dogodilo ne\u0161to \u0161to je zaista promijenilo sve. Nekolicina entuzijasta, direktori, majstori i radnice osmislili su 1963\/64.godine&nbsp;<a href=\"http:\/\/www.zvecevo.hr\/portfolio\/mikado-riza\/\">prvu \u010dokoladu s ri\u017eom u svijetu<\/a>!&nbsp; Radilo se o ekspandiranoj ri\u017ei i 90 postotnoj mlije\u010dnoj \u010dokoladi, od mlijeka iz vlastite mljekare. Sinonim za \u010dokoladu s ri\u017eom uvijek \u0107e biti&nbsp;<a href=\"http:\/\/www.zvecevo.hr\/portfolio\/mikado-riza\/\">Mikado<\/a>&nbsp;\u2013 japanski ovozemaljski i nebeski vladar; hrana ljudi i bogova. Isto tako, u periodu od kasnih 60-ih i ranih 70-ih slijedi moderniziranje i rekonstruiranje procesa, te dolazi do pove\u0107anja proizvodnje, a samim time i zaposlenosti.<\/p>\n\n\n\n<p><br>Uz to, Nestl\u00e9 i Zve\u010devo sklapaju ugovor o dugoro\u010dnoj poslovnoj suradnji 1970.godine, te Zve\u010devo osvaja doma\u0107e i inozemno tr\u017ei\u0161te.&nbsp; 1987.godine Zve\u010devo pokre\u0107e i proizvodnju na bazi bra\u0161na \u2013 vafel proizvode, a od 1994.godine posluje kao dioni\u010dko dru\u0161tvo. Tvornica Zve\u010devo je proslavila Po\u017eegu kao grad \u010dokolade jo\u0161 u doba Kraljevine SHS, a \u010dokolada s ri\u017eom i danas je obavezan poklon kad se ide u goste.<\/p>\n\n\n\n<p>Izvor: <a href=\"https:\/\/www.zvecevo.hr\/zvecevo-grupa\/povijest\/\">https:\/\/www.zvecevo.hr\/zvecevo-grupa\/povijest\/<\/a><\/p>\n\n\n\n<hr class=\"wp-block-separator\"\/>\n\n\n\n<p>Obavijest o izlo\u017ebi:<\/p>\n\n\n\n<p><a href=\"https:\/\/www.mdc.hr\/\">https:\/\/www.mdc.hr\/<\/a><\/p>\n\n\n\n<p><a href=\"https:\/\/www.gmp.hr\/item\/426-ususret-izlozbi-slatki-zivot-100-godina-tvornice-zvecevo\">https:\/\/www.gmp.hr\/item\/426-ususret-izlozbi-slatki-zivot-100-godina-tvornice-zvecevo<\/a><\/p>\n\n\n\n<hr class=\"wp-block-separator\"\/>\n","protected":false},"excerpt":{"rendered":"","protected":false},"author":2,"featured_media":27204,"comment_status":"open","ping_status":"open","sticky":false,"template":"","format":"standard","meta":{"_acf_changed":false,"jetpack_post_was_ever_published":false,"_jetpack_newsletter_access":"","_jetpack_dont_email_post_to_subs":false,"_jetpack_newsletter_tier_id":0,"_jetpack_memberships_contains_paywalled_content":false,"_jetpack_memberships_contains_paid_content":false,"footnotes":"","jetpack_publicize_message":"","jetpack_publicize_feature_enabled":true,"jetpack_social_post_already_shared":true,"jetpack_social_options":{"image_generator_settings":{"template":"highway","default_image_id":0,"font":"","enabled":false},"version":2}},"categories":[10,3],"tags":[],"class_list":["post-27203","post","type-post","status-publish","format-standard","has-post-thumbnail","hentry","category-izlozbe","category-novosti"],"acf":{"facebook_opis":""},"jetpack_publicize_connections":[],"jetpack_featured_media_url":"https:\/\/i0.wp.com\/historiografija.hr\/wp-content\/uploads\/2021\/08\/zvec.jpg?fit=1321%2C650&ssl=1","jetpack_sharing_enabled":true,"jetpack-related-posts":[{"id":52717,"url":"https:\/\/historiografija.hr\/?p=52717","url_meta":{"origin":27203,"position":0},"title":"Okrugli stol &#8220;Dvjestapedeset godina Sjedinjenih Ameri\u010dkih Dr\u017eava \u2013 od kolonije do prve zemlje svijeta i dalje&#8221;","author":"Filip \u0160imunjak","date":"29. travnja 2026.","format":false,"excerpt":"Ove godine obilje\u017eava se 250. obljetnica osnutka Sjedinjenih Ameri\u010dkih Dr\u017eava, povodom koje je pokrenut niz rasprava o ameri\u010dkoj povijesti, njezinoj globalnoj ulozi i naslje\u0111u koje se prote\u017ee od 1776. do danas. Obljetnica je ujedno prilika za promi\u0161ljanje o tome kako danas tuma\u010dimo ameri\u010dku pro\u0161lost, ali i (aktualnu) ulogu SAD-a u\u2026","rel":"","context":"U &quot;Novosti&quot;","block_context":{"text":"Novosti","link":"https:\/\/historiografija.hr\/?cat=3"},"img":{"alt_text":"","src":"https:\/\/i0.wp.com\/historiografija.hr\/wp-content\/uploads\/2026\/04\/Kliofest-01-utorak-I-02-OS-250-godina-SAD.jpg?fit=1200%2C566&ssl=1&resize=350%2C200","width":350,"height":200,"srcset":"https:\/\/i0.wp.com\/historiografija.hr\/wp-content\/uploads\/2026\/04\/Kliofest-01-utorak-I-02-OS-250-godina-SAD.jpg?fit=1200%2C566&ssl=1&resize=350%2C200 1x, https:\/\/i0.wp.com\/historiografija.hr\/wp-content\/uploads\/2026\/04\/Kliofest-01-utorak-I-02-OS-250-godina-SAD.jpg?fit=1200%2C566&ssl=1&resize=525%2C300 1.5x, https:\/\/i0.wp.com\/historiografija.hr\/wp-content\/uploads\/2026\/04\/Kliofest-01-utorak-I-02-OS-250-godina-SAD.jpg?fit=1200%2C566&ssl=1&resize=700%2C400 2x, https:\/\/i0.wp.com\/historiografija.hr\/wp-content\/uploads\/2026\/04\/Kliofest-01-utorak-I-02-OS-250-godina-SAD.jpg?fit=1200%2C566&ssl=1&resize=1050%2C600 3x"},"classes":[]},{"id":52733,"url":"https:\/\/historiografija.hr\/?p=52733","url_meta":{"origin":27203,"position":1},"title":"Vlado Raji\u0107 \u201eGranica na kraju stolje\u0107a\u201c","author":"Filip \u0160imunjak","date":"29. travnja 2026.","format":false,"excerpt":"U suizdanju Durieuxa i Beletre objavljena je 2025. godine knjiga Granica na kraju stolje\u0107a autora Vlade Raji\u0107a.\u00a0 O knjizi\u00a0 Romansirana biografija Vladimira Iblera mnogo je vi\u0161e od zanimljive pri\u010de o privatnom \u017eivotu i impresivnoj profesionalnoj karijeri istaknutog stru\u010dnjaka za me\u0111unarodno pravo i dugo\u00adgodi\u0161njeg profesora na zagreba\u010dkom Pravnom fakultetu, akademika, koji\u2026","rel":"","context":"U &quot;Knjige&quot;","block_context":{"text":"Knjige","link":"https:\/\/historiografija.hr\/?cat=8"},"img":{"alt_text":"","src":"https:\/\/i0.wp.com\/historiografija.hr\/wp-content\/uploads\/2026\/04\/VLADO-RAJIC-GRANICA-NA-KRAJU-STOLJECA.jpg?fit=450%2C650&ssl=1&resize=350%2C200","width":350,"height":200},"classes":[]},{"id":52768,"url":"https:\/\/historiografija.hr\/?p=52768","url_meta":{"origin":27203,"position":2},"title":"Poziv za prijavu na me\u0111unarodni ljetni kamp za mlade \u201cYouth in Cold-War Europe\u201d","author":"Filip \u0160imunjak","date":"30. travnja 2026.","format":false,"excerpt":"Otvoren je poziv za prijavu na me\u0111unarodni ljetni kamp \"Youth in Cold-War Europe\", koji se odr\u017eava od 28.08. do 06.09. 2026. godine u Weimaru (Njema\u010dka). Kamp se odr\u017eava u organizaciji Europskog centra za obrazovanje mladih (EJBW) iz Weimara i njegovih me\u0111unarodnih partnera, te uz financijsku podr\u0161ku Europske unije i Savezne\u2026","rel":"","context":"U &quot;Novosti&quot;","block_context":{"text":"Novosti","link":"https:\/\/historiografija.hr\/?cat=3"},"img":{"alt_text":"","src":"https:\/\/i0.wp.com\/historiografija.hr\/wp-content\/uploads\/2026\/04\/LJETNI-KAMP-ZA-MLADE-YOUTH-IN-COLD-WAR-EUROPE.jpg?fit=667%2C375&ssl=1&resize=350%2C200","width":350,"height":200,"srcset":"https:\/\/i0.wp.com\/historiografija.hr\/wp-content\/uploads\/2026\/04\/LJETNI-KAMP-ZA-MLADE-YOUTH-IN-COLD-WAR-EUROPE.jpg?fit=667%2C375&ssl=1&resize=350%2C200 1x, https:\/\/i0.wp.com\/historiografija.hr\/wp-content\/uploads\/2026\/04\/LJETNI-KAMP-ZA-MLADE-YOUTH-IN-COLD-WAR-EUROPE.jpg?fit=667%2C375&ssl=1&resize=525%2C300 1.5x"},"classes":[]},{"id":52631,"url":"https:\/\/historiografija.hr\/?p=52631","url_meta":{"origin":27203,"position":3},"title":"Predavanje Ivana Tepe\u0161a: Djelovanje hrvatske politi\u010dke emigracije","author":"Branimir Jankovi\u0107","date":"23. travnja 2026.","format":false,"excerpt":"Odjel za me\u0111unarodnu suradnju i iseljeni\u0161tvo Matice hrvatske Predavanje Ivana Tepe\u0161a: Djelovanje hrvatske politi\u010dke emigracije Utorak, 28. travnja 2026. u 18:00 sati, Dvorana Ljudevita Jonkea (Mala dvorana MH), Strossmayerov trg 4, Zagreb dr. sc. Ivan Tepe\u0161, Institut za istra\u017eivanje migracija Hrvatska politi\u010dka emigracija obilje\u017eila je polustoljetnu hrvatsku povijest u drugoj\u2026","rel":"","context":"U &quot;Novosti&quot;","block_context":{"text":"Novosti","link":"https:\/\/historiografija.hr\/?cat=3"},"img":{"alt_text":"","src":"","width":0,"height":0},"classes":[]},{"id":52666,"url":"https:\/\/historiografija.hr\/?p=52666","url_meta":{"origin":27203,"position":4},"title":"Najava programa Festivala povijesti Kliofest (5-8. V. 2026)","author":"Branimir Jankovi\u0107","date":"24. travnja 2026.","format":false,"excerpt":"Po trinaesti put odr\u017eava se Festival povijesti Kliofest! Do petka \u0107emo odr\u017eati osam okruglih stolova i dva kolokvija te niz predstavljanja knjiga i projekata razli\u010dite tematike, od antike do suvremenosti. Bit \u0107e predstavljeno i nekoliko izlo\u017ebi te odr\u017ean jedan povijesni kviz. Prikazat \u0107emo i jedan film \u2013 o generalu Boroevi\u0107u.\u2026","rel":"","context":"U &quot;Novosti&quot;","block_context":{"text":"Novosti","link":"https:\/\/historiografija.hr\/?cat=3"},"img":{"alt_text":"","src":"https:\/\/i0.wp.com\/historiografija.hr\/wp-content\/uploads\/2026\/04\/Kliofest-2026.jpg?fit=526%2C526&ssl=1&resize=350%2C200","width":350,"height":200,"srcset":"https:\/\/i0.wp.com\/historiografija.hr\/wp-content\/uploads\/2026\/04\/Kliofest-2026.jpg?fit=526%2C526&ssl=1&resize=350%2C200 1x, https:\/\/i0.wp.com\/historiografija.hr\/wp-content\/uploads\/2026\/04\/Kliofest-2026.jpg?fit=526%2C526&ssl=1&resize=525%2C300 1.5x"},"classes":[]},{"id":52496,"url":"https:\/\/historiografija.hr\/?p=52496","url_meta":{"origin":27203,"position":5},"title":"30 godina Podru\u017enice \u2013 Javno predavanje Matea \u010calu\u0161i\u0107a \u201eSlavonski Brod u Domovinskom ratu\u201c","author":"Branimir Jankovi\u0107","date":"17. travnja 2026.","format":false,"excerpt":"U 2026. navr\u0161ava se trideset godina od osnutka Podru\u017enice za povijest Slavonije, Srijema i Baranje Hrvatskoga instituta za povijest. Obilje\u017eavanje ove zna\u010dajne obljetnice zapo\u010dinje ciklusom javnih povijesnih predavanja znanstvenika Instituta. Tre\u0107e po redu je predavanje Matea \u010calu\u0161i\u0107a \u2013 \u201eSLAVONSKI BROD U DOMOVINSKOM RATU\u201c. Predavanje \u0107e se odr\u017eati 21. travnja 2026.\u2026","rel":"","context":"U &quot;Novosti&quot;","block_context":{"text":"Novosti","link":"https:\/\/historiografija.hr\/?cat=3"},"img":{"alt_text":"","src":"https:\/\/i0.wp.com\/historiografija.hr\/wp-content\/uploads\/2026\/04\/Predavanje-Calusic.png?fit=860%2C1200&ssl=1&resize=350%2C200","width":350,"height":200,"srcset":"https:\/\/i0.wp.com\/historiografija.hr\/wp-content\/uploads\/2026\/04\/Predavanje-Calusic.png?fit=860%2C1200&ssl=1&resize=350%2C200 1x, https:\/\/i0.wp.com\/historiografija.hr\/wp-content\/uploads\/2026\/04\/Predavanje-Calusic.png?fit=860%2C1200&ssl=1&resize=525%2C300 1.5x, https:\/\/i0.wp.com\/historiografija.hr\/wp-content\/uploads\/2026\/04\/Predavanje-Calusic.png?fit=860%2C1200&ssl=1&resize=700%2C400 2x"},"classes":[]}],"_links":{"self":[{"href":"https:\/\/historiografija.hr\/index.php?rest_route=\/wp\/v2\/posts\/27203","targetHints":{"allow":["GET"]}}],"collection":[{"href":"https:\/\/historiografija.hr\/index.php?rest_route=\/wp\/v2\/posts"}],"about":[{"href":"https:\/\/historiografija.hr\/index.php?rest_route=\/wp\/v2\/types\/post"}],"author":[{"embeddable":true,"href":"https:\/\/historiografija.hr\/index.php?rest_route=\/wp\/v2\/users\/2"}],"replies":[{"embeddable":true,"href":"https:\/\/historiografija.hr\/index.php?rest_route=%2Fwp%2Fv2%2Fcomments&post=27203"}],"version-history":[{"count":1,"href":"https:\/\/historiografija.hr\/index.php?rest_route=\/wp\/v2\/posts\/27203\/revisions"}],"predecessor-version":[{"id":27205,"href":"https:\/\/historiografija.hr\/index.php?rest_route=\/wp\/v2\/posts\/27203\/revisions\/27205"}],"wp:featuredmedia":[{"embeddable":true,"href":"https:\/\/historiografija.hr\/index.php?rest_route=\/wp\/v2\/media\/27204"}],"wp:attachment":[{"href":"https:\/\/historiografija.hr\/index.php?rest_route=%2Fwp%2Fv2%2Fmedia&parent=27203"}],"wp:term":[{"taxonomy":"category","embeddable":true,"href":"https:\/\/historiografija.hr\/index.php?rest_route=%2Fwp%2Fv2%2Fcategories&post=27203"},{"taxonomy":"post_tag","embeddable":true,"href":"https:\/\/historiografija.hr\/index.php?rest_route=%2Fwp%2Fv2%2Ftags&post=27203"}],"curies":[{"name":"wp","href":"https:\/\/api.w.org\/{rel}","templated":true}]}}