{"id":27197,"date":"2021-08-26T09:24:46","date_gmt":"2021-08-26T09:24:46","guid":{"rendered":"http:\/\/historiografija.hr\/?p=27197"},"modified":"2021-08-26T09:26:46","modified_gmt":"2021-08-26T09:26:46","slug":"izlozba-sa-o-roma-50-godina-romskog-durdevdana-u-skopju-u-pazinu","status":"publish","type":"post","link":"https:\/\/historiografija.hr\/?p=27197","title":{"rendered":"Izlo\u017eba \u201cSa o Roma \u2013 50 godina romskog \u0110ur\u0111evdana u Skopju\u201d u Pazinu"},"content":{"rendered":"\n<p>Etnografski muzej Istre\/Museo etnografico dell&#8217;Istria u suradnji s Pu\u010dkim otvorenim u\u010dili\u0161tem Pazin i Udrugom prijatelja romske folklorne umjetnosti Romano organizirali su 25. kolovoza 2021. otvorenje izlo\u017ebe <strong>Sa o Roma \u2013 50 godina romskog \u0110ur\u0111evdana u Skopju <\/strong>(Spomen dom &#8211; na platou Pu\u010dkog otvorenog u\u010dili\u0161ta Pazin).<\/p>\n\n\n\n<p>Izlo\u017eba <strong>Sa o Roma &#8211; 50 godina romskog \u0110ur\u0111evdana u Skopju<\/strong> nastala je kao rezultat istra\u017eivanja plesova ju\u017enoslavenskih naroda i romskih zajednica, plesne etnologinje Elise Ivancich Dunin.&nbsp;Kroz fotografije, filmove, no\u0161nje i druge predmete materijalne kulture izlo\u017eba prikazuje godi\u0161nji romski blagdan skopskih Roma, \u201cErdelezi\u201d, koji se slavi u prolje\u0107e u periodu od 2. do 9. svibnja, doba godine kojeg Romi nazivaju \u201enilaj\u201c.<\/p>\n\n\n\n<p>Javni aspekt blagdana nagla\u0161en je obi\u010dajem do\u010dekivanja dopreme janjaca u zajednicu, koji se kasnije obredno \u017ertvuju te svakodnevnom glazbom koja traje od izlaska sunca. Nekada se izvodila na <em>zurlama<\/em> i <em>tapanima<\/em>, dok je to u novije doba glasna glazba s radija. Zajedni\u010dko \u201ekhelibe\u201c (vrsta kola \u201eora\u201c) nekada se plesalo na raskr\u0161\u0107ima, a u njemu je sudjelovala cijela zajednica. Vrhunac proslave je u sumrak posljednjeg dana (9. svibnja) i obilje\u017een je gozbama, dru\u017eenjem i plesanjem na javnim mjestima.<\/p>\n\n\n\n<p><br>Promjene vezane uz proslavu ovog blagdana tijekom pet desetlje\u0107a na filmskoj vrpci i fotografijama bilje\u017eila je ameri\u010dka etnokoreologinja hrvatskog porijekla dr. sc. Elsie Ivancich Dunin \u010diji je rad predstavljen ovom izlo\u017ebom.<\/p>\n\n\n\n<p><br>Proslavu ovog blagdana Republika Makedonija je 2011. g., a ne\u0161to kasnije, \u00a02017. g. i UNESCO proglasio za\u0161ti\u0107enim kulturnim dobrom.<\/p>\n\n\n\n<hr class=\"wp-block-separator\"\/>\n\n\n\n<p>Izvori:<\/p>\n\n\n\n<p><a href=\"https:\/\/www.mdc.hr\/\">https:\/\/www.mdc.hr\/<\/a><\/p>\n\n\n\n<p><a href=\"https:\/\/ipd-ssi.hr\/\">https:\/\/ipd-ssi.hr\/<\/a><\/p>\n\n\n\n<p><a href=\"https:\/\/www.emi.hr\/\">https:\/\/www.emi.hr\/<\/a><\/p>\n\n\n\n<hr class=\"wp-block-separator\"\/>\n","protected":false},"excerpt":{"rendered":"","protected":false},"author":2,"featured_media":27198,"comment_status":"open","ping_status":"open","sticky":false,"template":"","format":"standard","meta":{"_acf_changed":false,"jetpack_post_was_ever_published":false,"_jetpack_newsletter_access":"","_jetpack_dont_email_post_to_subs":false,"_jetpack_newsletter_tier_id":0,"_jetpack_memberships_contains_paywalled_content":false,"_jetpack_memberships_contains_paid_content":false,"footnotes":"","jetpack_publicize_message":"","jetpack_publicize_feature_enabled":true,"jetpack_social_post_already_shared":true,"jetpack_social_options":{"image_generator_settings":{"template":"highway","default_image_id":0,"font":"","enabled":false},"version":2}},"categories":[10,3],"tags":[],"class_list":["post-27197","post","type-post","status-publish","format-standard","has-post-thumbnail","hentry","category-izlozbe","category-novosti"],"acf":{"facebook_opis":""},"jetpack_publicize_connections":[],"jetpack_featured_media_url":"https:\/\/i0.wp.com\/historiografija.hr\/wp-content\/uploads\/2021\/08\/roma.jpg?fit=552%2C323&ssl=1","jetpack_sharing_enabled":true,"jetpack-related-posts":[],"_links":{"self":[{"href":"https:\/\/historiografija.hr\/index.php?rest_route=\/wp\/v2\/posts\/27197","targetHints":{"allow":["GET"]}}],"collection":[{"href":"https:\/\/historiografija.hr\/index.php?rest_route=\/wp\/v2\/posts"}],"about":[{"href":"https:\/\/historiografija.hr\/index.php?rest_route=\/wp\/v2\/types\/post"}],"author":[{"embeddable":true,"href":"https:\/\/historiografija.hr\/index.php?rest_route=\/wp\/v2\/users\/2"}],"replies":[{"embeddable":true,"href":"https:\/\/historiografija.hr\/index.php?rest_route=%2Fwp%2Fv2%2Fcomments&post=27197"}],"version-history":[{"count":3,"href":"https:\/\/historiografija.hr\/index.php?rest_route=\/wp\/v2\/posts\/27197\/revisions"}],"predecessor-version":[{"id":27201,"href":"https:\/\/historiografija.hr\/index.php?rest_route=\/wp\/v2\/posts\/27197\/revisions\/27201"}],"wp:featuredmedia":[{"embeddable":true,"href":"https:\/\/historiografija.hr\/index.php?rest_route=\/wp\/v2\/media\/27198"}],"wp:attachment":[{"href":"https:\/\/historiografija.hr\/index.php?rest_route=%2Fwp%2Fv2%2Fmedia&parent=27197"}],"wp:term":[{"taxonomy":"category","embeddable":true,"href":"https:\/\/historiografija.hr\/index.php?rest_route=%2Fwp%2Fv2%2Fcategories&post=27197"},{"taxonomy":"post_tag","embeddable":true,"href":"https:\/\/historiografija.hr\/index.php?rest_route=%2Fwp%2Fv2%2Ftags&post=27197"}],"curies":[{"name":"wp","href":"https:\/\/api.w.org\/{rel}","templated":true}]}}