{"id":27183,"date":"2021-08-24T09:50:32","date_gmt":"2021-08-24T09:50:32","guid":{"rendered":"http:\/\/historiografija.hr\/?p=27183"},"modified":"2021-08-24T09:50:32","modified_gmt":"2021-08-24T09:50:32","slug":"poziv-na-seminar-preoblikovanje-predstave-o-demokratskim-revolucijama-1989","status":"publish","type":"post","link":"https:\/\/historiografija.hr\/?p=27183","title":{"rendered":"Poziv na seminar \u201ePreoblikovanje predstave o demokratskim revolucijama 1989.\u201d"},"content":{"rendered":"\n<p><strong>Seminar za nastavnike povijesti i van\u0161kolske edukatore u domeni povijesnog obrazovanja<\/strong><br><strong>\u201ePreoblikovanje predstave o demokratskim revolucijama 1989.\u201d<\/strong><\/p>\n\n\n\n<p><strong>Solun, Gr\u010dka<\/strong><br><strong>22. rujan \u2013 26. rujan 2021.<\/strong><\/p>\n\n\n\n<p><strong>Poziv za sudionike<\/strong><\/p>\n\n\n\n<p><strong>O seminaru:<\/strong><\/p>\n\n\n\n<p>Seminar \u201cPreoblikovanje predstave o demokratskim revolucijama 1989.\u201d odr\u017eat \u0107e se od 22. do 26. rujna 2021. u Solunu, Gr\u010dka. Seminar \u0107e okupiti nastavnike povijesti i van\u0161kolske edukatore u domeni povijesnog obrazovanja iz razli\u010ditih europskih zemalja.<br>Tijekom programa bit \u0107e predstavljen edukativni film posve\u0107en demokratskim promjenama u Europi 1989. godine i tranziciji u demokraciju i slobodno tr\u017ei\u0161no gospodarstvo u devedesetima.<br>Svi sudionici seminara dobit \u0107e priru\u010dnik s didakti\u010dkim materijalima koji pridonose pou\u010davanju o demokratskim tranzicijama u Europi.<\/p>\n\n\n\n<p>Osim toga, zajedno \u0107emo raditi na sljede\u0107im temama:<br>\u2013 Postoji li generacija tranzicije u Europi?<br>\u2013 Kakvo je znanje mladih o 1989. i promjenama koje su se dogodile nakon toga?<br>\u2013 Koji su pouzdani povijesni izvori o demokratskim promjenama?<\/p>\n\n\n\n<p>Projekt \u201ePreoblikovanje predstave o demokratskim revolucijama 1989.: Europske suvremene perspektive i zaboravljene lekcije iz pro\u0161losti\u201c \u017eeli podsjetiti europske gra\u0111ane na demokratske revolucije 1989. \u2013 1990. kao razdoblje mukotrpnih borbi za pluralisti\u010dku demokraciju i miran su\u017eivot u Europi s ciljem oja\u010davanja suvremene posve\u0107enosti europskih gra\u0111ana o\u010duvanju demokratskog pluralizma i demokratskih institucija.<\/p>\n\n\n\n<p><strong>Tko se mo\u017ee prijaviti: <\/strong>nastavnici povijesti i van\u0161kolski edukatori u domeni povijesnog obrazovanja iz Hrvatske \/ drugih zemalja Europske Unije + nastavnici povijesti i van\u0161kolski edukatori u domeni povijesnog obrazovanja iz Albanije, Bosne i Hercegovine, Sjeverne Makedonije, Crne Gore, Srbije i Kosova.<\/p>\n\n\n\n<p><strong>Kada i gdje se odr\u017eava seminar:<\/strong> od 22. do 26. rujna 2021. u Solunu, Gr\u010dka<\/p>\n\n\n\n<p><strong>Tro\u0161kovi:<\/strong> Put do Soluna i povratak, smje\u0161taj, 3 obroka dnevno i sve aktivnosti Seminara potpuno su pokriveni od strane organizatora<\/p>\n\n\n\n<p><strong>Prijava:<\/strong> Ako \u017eelite sudjelovati, molimo, ispunite prijavni obrazac koji se nalazi na linku: <a href=\"https:\/\/forms.gle\/KSkWkZnDSfKgssFP8\">https:\/\/forms.gle\/KSkWkZnDSfKgssFP8<\/a><\/p>\n\n\n\n<p><strong>Rok prijave:<\/strong> 01.09.2021.<\/p>\n\n\n\n<p>Stojimo na raspolaganju za vi\u0161e informacija: diana.todorova@documenta.hr<\/p>\n\n\n\n<p>Projekt sufinancira Europska unija kroz program \u201eEuropa za gra\u0111ane\u201c.<\/p>\n\n\n\n<p>Vi\u0161e informacija o seminaru mo\u017eete prona\u0107i u info-packu.<\/p>\n\n\n\n<hr class=\"wp-block-separator\"\/>\n\n\n\n<p>Izvor: <a href=\"https:\/\/documenta.hr\/novosti\/poziv-na-seminar-preoblikovanje-predstave-o-demokratskim-revolucijama-1989\/\">https:\/\/documenta.hr\/novosti\/poziv-na-seminar-preoblikovanje-predstave-o-demokratskim-revolucijama-1989\/<\/a><\/p>\n\n\n\n<hr class=\"wp-block-separator\"\/>\n","protected":false},"excerpt":{"rendered":"","protected":false},"author":2,"featured_media":27184,"comment_status":"open","ping_status":"open","sticky":false,"template":"","format":"standard","meta":{"_acf_changed":false,"jetpack_post_was_ever_published":false,"_jetpack_newsletter_access":"","_jetpack_dont_email_post_to_subs":false,"_jetpack_newsletter_tier_id":0,"_jetpack_memberships_contains_paywalled_content":false,"_jetpack_memberships_contains_paid_content":false,"footnotes":"","jetpack_publicize_message":"","jetpack_publicize_feature_enabled":true,"jetpack_social_post_already_shared":true,"jetpack_social_options":{"image_generator_settings":{"template":"highway","default_image_id":0,"font":"","enabled":false},"version":2}},"categories":[3,9],"tags":[],"class_list":["post-27183","post","type-post","status-publish","format-standard","has-post-thumbnail","hentry","category-novosti","category-skupovi"],"acf":{"facebook_opis":""},"jetpack_publicize_connections":[],"jetpack_featured_media_url":"https:\/\/i0.wp.com\/historiografija.hr\/wp-content\/uploads\/2021\/08\/Reshaping_the_image_of_democratic_revolutions.png?fit=937%2C703&ssl=1","jetpack_sharing_enabled":true,"jetpack-related-posts":[],"_links":{"self":[{"href":"https:\/\/historiografija.hr\/index.php?rest_route=\/wp\/v2\/posts\/27183","targetHints":{"allow":["GET"]}}],"collection":[{"href":"https:\/\/historiografija.hr\/index.php?rest_route=\/wp\/v2\/posts"}],"about":[{"href":"https:\/\/historiografija.hr\/index.php?rest_route=\/wp\/v2\/types\/post"}],"author":[{"embeddable":true,"href":"https:\/\/historiografija.hr\/index.php?rest_route=\/wp\/v2\/users\/2"}],"replies":[{"embeddable":true,"href":"https:\/\/historiografija.hr\/index.php?rest_route=%2Fwp%2Fv2%2Fcomments&post=27183"}],"version-history":[{"count":1,"href":"https:\/\/historiografija.hr\/index.php?rest_route=\/wp\/v2\/posts\/27183\/revisions"}],"predecessor-version":[{"id":27185,"href":"https:\/\/historiografija.hr\/index.php?rest_route=\/wp\/v2\/posts\/27183\/revisions\/27185"}],"wp:featuredmedia":[{"embeddable":true,"href":"https:\/\/historiografija.hr\/index.php?rest_route=\/wp\/v2\/media\/27184"}],"wp:attachment":[{"href":"https:\/\/historiografija.hr\/index.php?rest_route=%2Fwp%2Fv2%2Fmedia&parent=27183"}],"wp:term":[{"taxonomy":"category","embeddable":true,"href":"https:\/\/historiografija.hr\/index.php?rest_route=%2Fwp%2Fv2%2Fcategories&post=27183"},{"taxonomy":"post_tag","embeddable":true,"href":"https:\/\/historiografija.hr\/index.php?rest_route=%2Fwp%2Fv2%2Ftags&post=27183"}],"curies":[{"name":"wp","href":"https:\/\/api.w.org\/{rel}","templated":true}]}}