{"id":27170,"date":"2021-08-23T21:00:25","date_gmt":"2021-08-23T21:00:25","guid":{"rendered":"http:\/\/historiografija.hr\/?p=27170"},"modified":"2021-08-23T21:13:00","modified_gmt":"2021-08-23T21:13:00","slug":"histoire-pour-la-liberte-konferencija-povjesnicari-za-mir-na-xiii-festivalu-krokodil","status":"publish","type":"post","link":"https:\/\/historiografija.hr\/?p=27170","title":{"rendered":"Histoire pour la libert\u00e9: Konferencija &#8220;Povjesni\u010dari za mir&#8221; na XIII festivalu Krokodil"},"content":{"rendered":"\n<p><strong>U nedjelju, 29. kolovoza od 18 sati u Jugoslovenskoj kinoteci u Beogradu u okviru debatnog programa trinaestog izdanja festivala KROKODIL odr\u017eat \u0107e se konferencija<\/strong><em><strong> Povjesni\u010dari za mir<\/strong><\/em><strong> u okviru projekta \u201eHistoire pour la libert\u00e9\u201c.<\/strong><\/p>\n\n\n\n<p>Projekt \u201eHistoire pour la libert\u00e9<em>\u201c<\/em> nastao je nakon uspje\u0161ne realizacije projekta \u201e<a href=\"https:\/\/kojeprvipoceo.rs\/\">Tko je prvi po\u010deo? \u2013 Povjesni\u010dari protiv revizionizma<\/a>\u201c, koji je okupio neke od najistaknutijih povjesni\u010dara postjugoslavenskog prostora s namjerom da se aktivno bore protiv revizionisti\u010dkih tendencija u regionalnim historiografijama, a \u010diji je glavni rezultat deklaracija <em>Obranimo povijest<\/em>. Kroz obilje\u017eavanje doga\u0111aja iz novije europske povijesti, poput ponovnog ujedinjenja Njema\u010dke i demokratske tranzicije zemalja Srednje i Isto\u010dne Europe, ali i njihovim povezivanjem s raspadom SFRJ, projekt \u201eHistoire pour la libert\u00e9\u201c za cilj ima poticanje diskusije i debate o zajedni\u010dkoj kulturi sje\u0107anja, promoviranje mira i tolerancije te razmjenu iskustava i perspektiva, kako bi se dodatno istaknuo dinami\u010dan karakter europskog pam\u0107enja.<\/p>\n\n\n\n<p>Nakon uspje\u0161nih programa realiziranih u okviru Kliofesta u Zagrebu i History Festa u Sarajevu, diskusija o va\u017enosti multiperspektivne historiografije i participativne kulture sje\u0107anja bit \u0107e nastavljena kroz <strong>konferenciju <\/strong><em><strong>Povjesni\u010dari za mir<\/strong><\/em> na kojoj \u0107e sudionici razgovarati o odgovornosti histori\u010dara i nehistori\u010dara za kreiranje historijskih narativa i politiku sje\u0107anja.<\/p>\n\n\n\n<p>Tokom tre\u0107e festivalske ve\u010deri Festivala KROKODIL, koja \u0107e se odr\u017eati <strong>u subotu, 28. kolovoza od 20 sati<\/strong>, na amfiteatru ispred Muzeja Jugoslavije, povjesni\u010dari <strong>Tvrtko<\/strong> <strong>Jakovina<\/strong>, <strong>Dubravka<\/strong> <strong>Stojanovi\u0107<\/strong>, <strong>Ru\u017ea<\/strong> <strong>Fotiadis<\/strong> kao i povjesni\u010dar, publicist i pisac <strong>Dragan Markovina<\/strong> \u0107e u kratkom razgovoru prisutnu publiku upoznati s ciljevima, aktivnostima i dosada\u0161njim rezultatima projekta i najaviti konferenciju <em>Povjesni\u010dari za mir<\/em>.<\/p>\n\n\n\n<p><strong>U nedjelju, 29. kolovoza, s po\u010detkom u 19 sati<\/strong> u Jugoslovenskoj kinoteci sudionici konferencije <em>Povjesni\u010dari za mir<\/em>,<em> <\/em><strong>Ivana Bodro\u017ei\u0107, Igor \u0160tiks, Semezdin Mehmedinovi\u0107, Damir Agi\u010di\u0107, Husnija Kamberovi\u0107, Thomas Schad <\/strong>i <strong>Milivoj Be\u0161lin<\/strong>, u dva \u0107e panela razgovarati o odgovornosti histori\u010dara i nehistori\u010dara za kreiranje povijesnih narativa i politiku sje\u0107anja. Razgovore \u0107e moderirati <strong>Dragan Markovina<\/strong> i <strong>Tvrtko Jakovina<\/strong>.<\/p>\n\n\n\n<p>Debatne programe Festivala KROKODIL i panele konferencije <em>Povjesni\u010dari za mir<\/em> bit \u0107e mogu\u0107e pratiti i putem prijenosa u\u017eivo na YouTube kanalu <a href=\"https:\/\/www.youtube.com\/channel\/UCTAvYZk2eWLFY9a7nrcRm3g\">Krokodil Engaging Words<\/a>.<\/p>\n\n\n\n<p>Projekt <em>Histoire pour la libert\u00e9<\/em> financiran je u okviru programa <em>Europa za gra\u0111ane <\/em>Europske komisije, a realizira se u suradnji s Udru\u017eenjem za modernu historiju (Bosna i Hercegovina), <em>Udrugom Kliofest <\/em>(Hrvatska) i <em>Humboldtovim sveu\u010dili\u0161tem <\/em>(Njema\u010dka).<\/p>\n\n\n\n<hr class=\"wp-block-separator\"\/>\n\n\n\n<figure class=\"wp-block-image size-large\"><img data-recalc-dims=\"1\" loading=\"lazy\" decoding=\"async\" width=\"723\" height=\"1024\" data-attachment-id=\"27171\" data-permalink=\"https:\/\/historiografija.hr\/?attachment_id=27171\" data-orig-file=\"https:\/\/i0.wp.com\/historiografija.hr\/wp-content\/uploads\/2021\/08\/krokodil-poster-bg.jpg?fit=1807%2C2560&amp;ssl=1\" data-orig-size=\"1807,2560\" data-comments-opened=\"1\" data-image-meta=\"{&quot;aperture&quot;:&quot;0&quot;,&quot;credit&quot;:&quot;&quot;,&quot;camera&quot;:&quot;&quot;,&quot;caption&quot;:&quot;&quot;,&quot;created_timestamp&quot;:&quot;0&quot;,&quot;copyright&quot;:&quot;&quot;,&quot;focal_length&quot;:&quot;0&quot;,&quot;iso&quot;:&quot;0&quot;,&quot;shutter_speed&quot;:&quot;0&quot;,&quot;title&quot;:&quot;&quot;,&quot;orientation&quot;:&quot;0&quot;}\" data-image-title=\"krokodil-poster-bg\" data-image-description=\"\" data-image-caption=\"\" data-large-file=\"https:\/\/i0.wp.com\/historiografija.hr\/wp-content\/uploads\/2021\/08\/krokodil-poster-bg.jpg?fit=723%2C1024&amp;ssl=1\" src=\"https:\/\/i0.wp.com\/historiografija.hr\/wp-content\/uploads\/2021\/08\/krokodil-poster-bg.jpg?resize=723%2C1024&#038;ssl=1\" alt=\"\" class=\"wp-image-27171\" srcset=\"https:\/\/i0.wp.com\/historiografija.hr\/wp-content\/uploads\/2021\/08\/krokodil-poster-bg.jpg?resize=723%2C1024&amp;ssl=1 723w, https:\/\/i0.wp.com\/historiografija.hr\/wp-content\/uploads\/2021\/08\/krokodil-poster-bg.jpg?resize=212%2C300&amp;ssl=1 212w, https:\/\/i0.wp.com\/historiografija.hr\/wp-content\/uploads\/2021\/08\/krokodil-poster-bg.jpg?resize=768%2C1088&amp;ssl=1 768w, https:\/\/i0.wp.com\/historiografija.hr\/wp-content\/uploads\/2021\/08\/krokodil-poster-bg.jpg?resize=1084%2C1536&amp;ssl=1 1084w, https:\/\/i0.wp.com\/historiografija.hr\/wp-content\/uploads\/2021\/08\/krokodil-poster-bg.jpg?resize=1446%2C2048&amp;ssl=1 1446w, https:\/\/i0.wp.com\/historiografija.hr\/wp-content\/uploads\/2021\/08\/krokodil-poster-bg.jpg?w=1807&amp;ssl=1 1807w, https:\/\/i0.wp.com\/historiografija.hr\/wp-content\/uploads\/2021\/08\/krokodil-poster-bg.jpg?w=1720&amp;ssl=1 1720w\" sizes=\"auto, (max-width: 723px) 100vw, 723px\" \/><\/figure>\n\n\n\n<hr class=\"wp-block-separator\"\/>\n\n\n\n<p>Izvor i dodatne informacije:<\/p>\n\n\n\n<figure class=\"wp-block-embed-wordpress wp-block-embed is-type-wp-embed is-provider-krokodil\"><div class=\"wp-block-embed__wrapper\">\n<blockquote class=\"wp-embedded-content\" data-secret=\"49MtF1BhOd\"><a href=\"http:\/\/www.krokodil.rs\/2021\/08\/histoire-pour-la-liberte-konferencija-istoricari-za-mir-na-xiii-festivalu-krokodil\/\">HISTOIRE POUR LA LIBERT\u00c9: KONFERENCIJA ISTORI\u010cARI ZA MIR NA XIII FESTIVALU KROKODIL<\/a><\/blockquote><iframe loading=\"lazy\" class=\"wp-embedded-content\" sandbox=\"allow-scripts\" security=\"restricted\" style=\"position: absolute; clip: rect(1px, 1px, 1px, 1px);\" title=\"&#8220;HISTOIRE POUR LA LIBERT\u00c9: KONFERENCIJA ISTORI\u010cARI ZA MIR NA XIII FESTIVALU KROKODIL&#8221; &#8212; KROKODIL\" src=\"http:\/\/www.krokodil.rs\/2021\/08\/histoire-pour-la-liberte-konferencija-istoricari-za-mir-na-xiii-festivalu-krokodil\/embed\/#?secret=49MtF1BhOd\" data-secret=\"49MtF1BhOd\" width=\"600\" height=\"338\" frameborder=\"0\" marginwidth=\"0\" marginheight=\"0\" scrolling=\"no\"><\/iframe>\n<\/div><\/figure>\n\n\n\n<hr class=\"wp-block-separator\"\/>\n","protected":false},"excerpt":{"rendered":"","protected":false},"author":2,"featured_media":27171,"comment_status":"open","ping_status":"open","sticky":false,"template":"","format":"standard","meta":{"_acf_changed":false,"jetpack_post_was_ever_published":false,"_jetpack_newsletter_access":"","_jetpack_dont_email_post_to_subs":false,"_jetpack_newsletter_tier_id":0,"_jetpack_memberships_contains_paywalled_content":false,"_jetpack_memberships_contains_paid_content":false,"footnotes":"","jetpack_publicize_message":"","jetpack_publicize_feature_enabled":true,"jetpack_social_post_already_shared":true,"jetpack_social_options":{"image_generator_settings":{"template":"highway","default_image_id":0,"font":"","enabled":false},"version":2}},"categories":[3,9],"tags":[],"class_list":["post-27170","post","type-post","status-publish","format-standard","has-post-thumbnail","hentry","category-novosti","category-skupovi"],"acf":{"facebook_opis":""},"jetpack_publicize_connections":[],"jetpack_featured_media_url":"https:\/\/i0.wp.com\/historiografija.hr\/wp-content\/uploads\/2021\/08\/krokodil-poster-bg.jpg?fit=1807%2C2560&ssl=1","jetpack_sharing_enabled":true,"jetpack-related-posts":[],"_links":{"self":[{"href":"https:\/\/historiografija.hr\/index.php?rest_route=\/wp\/v2\/posts\/27170","targetHints":{"allow":["GET"]}}],"collection":[{"href":"https:\/\/historiografija.hr\/index.php?rest_route=\/wp\/v2\/posts"}],"about":[{"href":"https:\/\/historiografija.hr\/index.php?rest_route=\/wp\/v2\/types\/post"}],"author":[{"embeddable":true,"href":"https:\/\/historiografija.hr\/index.php?rest_route=\/wp\/v2\/users\/2"}],"replies":[{"embeddable":true,"href":"https:\/\/historiografija.hr\/index.php?rest_route=%2Fwp%2Fv2%2Fcomments&post=27170"}],"version-history":[{"count":7,"href":"https:\/\/historiografija.hr\/index.php?rest_route=\/wp\/v2\/posts\/27170\/revisions"}],"predecessor-version":[{"id":27178,"href":"https:\/\/historiografija.hr\/index.php?rest_route=\/wp\/v2\/posts\/27170\/revisions\/27178"}],"wp:featuredmedia":[{"embeddable":true,"href":"https:\/\/historiografija.hr\/index.php?rest_route=\/wp\/v2\/media\/27171"}],"wp:attachment":[{"href":"https:\/\/historiografija.hr\/index.php?rest_route=%2Fwp%2Fv2%2Fmedia&parent=27170"}],"wp:term":[{"taxonomy":"category","embeddable":true,"href":"https:\/\/historiografija.hr\/index.php?rest_route=%2Fwp%2Fv2%2Fcategories&post=27170"},{"taxonomy":"post_tag","embeddable":true,"href":"https:\/\/historiografija.hr\/index.php?rest_route=%2Fwp%2Fv2%2Ftags&post=27170"}],"curies":[{"name":"wp","href":"https:\/\/api.w.org\/{rel}","templated":true}]}}