{"id":27143,"date":"2021-08-12T10:55:07","date_gmt":"2021-08-12T10:55:07","guid":{"rendered":"http:\/\/historiografija.hr\/?p=27143"},"modified":"2021-08-12T10:55:07","modified_gmt":"2021-08-12T10:55:07","slug":"maria-lazar-zabranjeno-zivjeti","status":"publish","type":"post","link":"https:\/\/historiografija.hr\/?p=27143","title":{"rendered":"Maria Lazar, \u201cZabranjeno \u017eivjeti!\u201d"},"content":{"rendered":"\n<p>Prijevod s njema\u010dkoga: Igor Crnkovi\u0107.<\/p>\n\n\n\n<p>Berlin, 1931. Vrijeme bezbri\u017enih dvadesetih godina sad je pro\u0161lost. Masovna nezaposlenost, siroma\u0161tvo, dru\u0161tveni nemiri i politi\u010dka radikalizacija postali su svakodnevicom. Nakon velikoga burzovnog sloma 1929. ugledni se bankar Ernst von Ufermann na\u0161ao pred bankrotom. Mora otputovati u Frankfurt pregovarati o jo\u0161 jednom u nizu kredita za spas svoje tvrtke. Me\u0111utim, u zra\u010dnoj luci postaje \u017ertvom plja\u010dke i ostaje bez isprava. Zrakoplov polije\u0107e bez njega. Kad se nedugo nakon polijetanja sru\u0161i, cijeli svijet misli da je i on me\u0111u \u017ertvama. Ufermann grabi tu priliku, svojim \u017eivotnim osiguranjem spa\u0161avaju\u0107i svoju obitelj i tvrtku. Uzima novi identitet te kao kurir apsurdne radikalne bande odlazi u Be\u010d, gdje \u0107e se pritajiti pod la\u017enim imenom. Zapo\u010dinje napeta igra ma\u010dke i mi\u0161a, koja se vrti oko prijevara, izdaja i la\u017ei, u kojoj se samo jedna stvar \u010dini konstantom: Ernstu von Ufermannu zabranjeno je \u017eivjeti. U sjeni kukastoga kri\u017ea \u010dini se kako svijet kolporta\u017ee sve vi\u0161e postaje stvarnim.<\/p>\n\n\n\n<p>Maria Lazar (1895. \u2013 1948.) potje\u010de iz ugledne be\u010dke \u017eidovske obitelji. Zavr\u0161ila je \u010duvenu djevoja\u010dku gimnaziju Eugenije Schwarzwald, u \u010dijem ju je salonu 1916. portretirao Oskar Kokoschka i gdje se dru\u017eila s brojnim uglednicima tada\u0161nje be\u010dke kulturne scene, me\u0111u ostalima s Adolfom Loosom, Hermannom Brochom i Egonom Friedellom. Od po\u010detka 1920-ih godina djeluje kao prevoditeljica i autorica za brojna austrijska, skandinavska i \u0161vicarska izdanja. Me\u0111utim, tek kad je u 1930-ima posegnula za nordijskim pseudonimom Esther Grenen, gotovo preko no\u0107i uspijeva se probiti kao spisateljica. Taj uspjeh bio je me\u0111utim kratka daha te je nakon dolaska nacionalsocijalista na vlast naprasno prekinut. Zbog represivna okru\u017eenja 1933. s k\u0107erju napu\u0161ta Austriju i zajedno s Bertoltom Brechtom i Helene Weigel odlazi u egzil u Dansku. God. 1939. bje\u017ei u \u0160vedsku, gdje si 1948., nakon duge i neizlje\u010dive bolesti, oduzima \u017eivot.<\/p>\n\n\n\n<hr class=\"wp-block-separator\"\/>\n\n\n\n<p>Izvor: <a href=\"https:\/\/www.leykam-international.hr\/publikacija.php?id=217\">https:\/\/www.leykam-international.hr\/publikacija.php?id=217<\/a><\/p>\n\n\n\n<hr class=\"wp-block-separator\"\/>\n","protected":false},"excerpt":{"rendered":"","protected":false},"author":2,"featured_media":27144,"comment_status":"open","ping_status":"open","sticky":false,"template":"","format":"standard","meta":{"_acf_changed":false,"jetpack_post_was_ever_published":false,"_jetpack_newsletter_access":"","_jetpack_dont_email_post_to_subs":false,"_jetpack_newsletter_tier_id":0,"_jetpack_memberships_contains_paywalled_content":false,"_jetpack_memberships_contains_paid_content":false,"footnotes":"","jetpack_publicize_message":"","jetpack_publicize_feature_enabled":true,"jetpack_social_post_already_shared":true,"jetpack_social_options":{"image_generator_settings":{"template":"highway","default_image_id":0,"font":"","enabled":false},"version":2}},"categories":[3,12],"tags":[],"class_list":["post-27143","post","type-post","status-publish","format-standard","has-post-thumbnail","hentry","category-novosti","category-knjizevnost"],"acf":{"facebook_opis":""},"jetpack_publicize_connections":[],"jetpack_featured_media_url":"https:\/\/i0.wp.com\/historiografija.hr\/wp-content\/uploads\/2021\/08\/Lazar.jpg?fit=246%2C402&ssl=1","jetpack_sharing_enabled":true,"jetpack-related-posts":[],"_links":{"self":[{"href":"https:\/\/historiografija.hr\/index.php?rest_route=\/wp\/v2\/posts\/27143","targetHints":{"allow":["GET"]}}],"collection":[{"href":"https:\/\/historiografija.hr\/index.php?rest_route=\/wp\/v2\/posts"}],"about":[{"href":"https:\/\/historiografija.hr\/index.php?rest_route=\/wp\/v2\/types\/post"}],"author":[{"embeddable":true,"href":"https:\/\/historiografija.hr\/index.php?rest_route=\/wp\/v2\/users\/2"}],"replies":[{"embeddable":true,"href":"https:\/\/historiografija.hr\/index.php?rest_route=%2Fwp%2Fv2%2Fcomments&post=27143"}],"version-history":[{"count":1,"href":"https:\/\/historiografija.hr\/index.php?rest_route=\/wp\/v2\/posts\/27143\/revisions"}],"predecessor-version":[{"id":27145,"href":"https:\/\/historiografija.hr\/index.php?rest_route=\/wp\/v2\/posts\/27143\/revisions\/27145"}],"wp:featuredmedia":[{"embeddable":true,"href":"https:\/\/historiografija.hr\/index.php?rest_route=\/wp\/v2\/media\/27144"}],"wp:attachment":[{"href":"https:\/\/historiografija.hr\/index.php?rest_route=%2Fwp%2Fv2%2Fmedia&parent=27143"}],"wp:term":[{"taxonomy":"category","embeddable":true,"href":"https:\/\/historiografija.hr\/index.php?rest_route=%2Fwp%2Fv2%2Fcategories&post=27143"},{"taxonomy":"post_tag","embeddable":true,"href":"https:\/\/historiografija.hr\/index.php?rest_route=%2Fwp%2Fv2%2Ftags&post=27143"}],"curies":[{"name":"wp","href":"https:\/\/api.w.org\/{rel}","templated":true}]}}