{"id":27129,"date":"2021-08-10T11:50:21","date_gmt":"2021-08-10T11:50:21","guid":{"rendered":"http:\/\/historiografija.hr\/?p=27129"},"modified":"2021-08-11T15:15:42","modified_gmt":"2021-08-11T15:15:42","slug":"krokodil-zajednicka-citaonica","status":"publish","type":"post","link":"https:\/\/historiografija.hr\/?p=27129","title":{"rendered":"Krokodil: Zajedni\u010dka \u010ditaonica"},"content":{"rendered":"\n<p>Projekat&nbsp;<strong>Zajedni\u010dka \u010ditaonica<\/strong>&nbsp;predstavlja direktni nastavak projekta&nbsp;<strong>Jezici i nacionalizmi<\/strong>&nbsp;i njegovo pomeranje iz domena lingvisti\u010dke nauke u domen knji\u017eevnosti. Cilj projekta&nbsp;<strong>Zajedni\u010dka \u010ditaonica<\/strong>&nbsp;je podizanje svesti u javnosti o zna\u010dajnoj temi zloupotrebe jezika u politi\u010dke svrhe, kako bi se prona\u0161lo najbolje sredstvo za vr\u0161enje uticaja na politi\u010dke strukture da u delo sprovedu preko potrebnu promenu zakonodavstva koje bi bilo u skladu s priznanjem da su \u010detiri \u201cpoliti\u010dka jezika\u201d koja se govore u regiji zapravo samo \u010detiri ravnopravne varijante zajedni\u010dkog ali neimenovanog policentri\u010dnog jezika. Time \u0107e se efikasno okon\u010dati obrazovna, kulturna ali shodno tome i politi\u010dka segregacija u regionu zasnovana na la\u017enoj pretpostavci identitetskih politika da svaka nacija\/etni\u010dka grupa ima pravo (ili \u010dak obavezu) na svoj vlastiti, odvojeni i nezavisni jezik bez obzira na konkretnu jezi\u010dku stvarnost &nbsp;ili \u010dak obi\u010dnu logiku.<\/p>\n\n\n\n<p>Cilj projekta&nbsp;<strong>Zajedni\u010dka \u010ditaonica<\/strong>&nbsp;je i prikupljanje zna\u010dajne koli\u010dine materijala knji\u017eevne produkcije stvarane na zajedni\u010dkom jeziku sredi\u0161njeg podru\u010dja nekada\u0161nje Jugoslavije kako u pro\u0161losti tako i u sada\u0161njosti. Namera nam je da gradimo nedvosmisleno zajedni\u010dku knji\u017eevnu riznicu u ime jedne velike knji\u017eevnosti zajedni\u010dkog jezika naspram na silu formiranih nacionalnih selekcija \u010desto temeljenih na \u201ckrvi\u201d ili ekskluzivnom pripadanju pisaca i njihovih dela. Ova riznica \u0107e poslu\u017eiti kao referentna ta\u010dka za savremene intelektualne i umetni\u010dke rasprave unutar regiona obuhva\u0107enog zajedni\u010dkim jezikom.<\/p>\n\n\n\n<hr class=\"wp-block-separator\"\/>\n\n\n\n<p>JUGOSLAVIJA<\/p>\n\n\n\n<p>Predrag Matvejevi\u0107 i Vladimir Arsenijevi\u0107<\/p>\n\n\n\n<hr class=\"wp-block-separator\"\/>\n\n\n\n<p>EVROPA<\/p>\n\n\n\n<p>Miroslav Krle\u017ea i Igor \u0160tiks<\/p>\n\n\n\n<hr class=\"wp-block-separator\"\/>\n\n\n\n<p>IDENTITETI<\/p>\n\n\n\n<p>Danilo Ki\u0161 i Lana Basta\u0161i\u0107<\/p>\n\n\n\n<hr class=\"wp-block-separator\"\/>\n\n\n\n<p>EGZIL<\/p>\n\n\n\n<p>Dubravka Ugre\u0161i\u0107 i Semezdin Mehmedinovi\u0107<\/p>\n\n\n\n<hr class=\"wp-block-separator\"\/>\n\n\n\n<p>DRU\u0160TVO<\/p>\n\n\n\n<p>Borka Pavi\u0107evi\u0107 i Boris Buden<\/p>\n\n\n\n<hr class=\"wp-block-separator\"\/>\n\n\n\n<p>ANTI\/FA\u0160IZAM<\/p>\n\n\n\n<p>Da\u0161a Drndi\u0107 i Andrej Nikolaidis<\/p>\n\n\n\n<hr class=\"wp-block-separator\"\/>\n\n\n\n<p>GRAD<\/p>\n\n\n\n<p>Bogdan Bogdanovi\u0107 i Dragan Markovina<\/p>\n\n\n\n<hr class=\"wp-block-separator\"\/>\n\n\n\n<p>NEPRILAGO\u0110ENOST<\/p>\n\n\n\n<p>Mirko Kova\u010d i Rada Ivekovi\u0107<\/p>\n\n\n\n<hr class=\"wp-block-separator\"\/>\n\n\n\n<p><em>Publikacije su<\/em> <em>dostupne u<\/em> <strong>PDF<\/strong><em>-u na poveznici:<\/em><\/p>\n\n\n\n<figure class=\"wp-block-embed-wordpress wp-block-embed is-type-wp-embed is-provider-krokodil\"><div class=\"wp-block-embed__wrapper\">\n<blockquote class=\"wp-embedded-content\" data-secret=\"eYDtaF7zB2\"><a href=\"http:\/\/www.krokodil.rs\/zajednicka-citaonica\/\">EDICIJA ZAJEDNI\u010cKA \u010cITAONICA<\/a><\/blockquote><iframe loading=\"lazy\" class=\"wp-embedded-content\" sandbox=\"allow-scripts\" security=\"restricted\" style=\"position: absolute; clip: rect(1px, 1px, 1px, 1px);\" title=\"&#8220;EDICIJA ZAJEDNI\u010cKA \u010cITAONICA&#8221; &#8212; KROKODIL\" src=\"http:\/\/www.krokodil.rs\/zajednicka-citaonica\/embed\/#?secret=eYDtaF7zB2\" data-secret=\"eYDtaF7zB2\" width=\"600\" height=\"338\" frameborder=\"0\" marginwidth=\"0\" marginheight=\"0\" scrolling=\"no\"><\/iframe>\n<\/div><\/figure>\n\n\n\n<hr class=\"wp-block-separator\"\/>\n","protected":false},"excerpt":{"rendered":"","protected":false},"author":2,"featured_media":27132,"comment_status":"open","ping_status":"open","sticky":false,"template":"","format":"standard","meta":{"_acf_changed":false,"jetpack_post_was_ever_published":false,"_jetpack_newsletter_access":"","_jetpack_dont_email_post_to_subs":false,"_jetpack_newsletter_tier_id":0,"_jetpack_memberships_contains_paywalled_content":false,"_jetpack_memberships_contains_paid_content":false,"footnotes":"","jetpack_publicize_message":"","jetpack_publicize_feature_enabled":true,"jetpack_social_post_already_shared":true,"jetpack_social_options":{"image_generator_settings":{"template":"highway","default_image_id":0,"font":"","enabled":false},"version":2}},"categories":[19,3],"tags":[],"class_list":["post-27129","post","type-post","status-publish","format-standard","has-post-thumbnail","hentry","category-e-knjige","category-novosti"],"acf":{"facebook_opis":""},"jetpack_publicize_connections":[],"jetpack_featured_media_url":"https:\/\/i0.wp.com\/historiografija.hr\/wp-content\/uploads\/2021\/08\/jugoslavija-citaonica.jpeg?fit=600%2C237&ssl=1","jetpack_sharing_enabled":true,"jetpack-related-posts":[],"_links":{"self":[{"href":"https:\/\/historiografija.hr\/index.php?rest_route=\/wp\/v2\/posts\/27129","targetHints":{"allow":["GET"]}}],"collection":[{"href":"https:\/\/historiografija.hr\/index.php?rest_route=\/wp\/v2\/posts"}],"about":[{"href":"https:\/\/historiografija.hr\/index.php?rest_route=\/wp\/v2\/types\/post"}],"author":[{"embeddable":true,"href":"https:\/\/historiografija.hr\/index.php?rest_route=\/wp\/v2\/users\/2"}],"replies":[{"embeddable":true,"href":"https:\/\/historiografija.hr\/index.php?rest_route=%2Fwp%2Fv2%2Fcomments&post=27129"}],"version-history":[{"count":3,"href":"https:\/\/historiografija.hr\/index.php?rest_route=\/wp\/v2\/posts\/27129\/revisions"}],"predecessor-version":[{"id":27142,"href":"https:\/\/historiografija.hr\/index.php?rest_route=\/wp\/v2\/posts\/27129\/revisions\/27142"}],"wp:featuredmedia":[{"embeddable":true,"href":"https:\/\/historiografija.hr\/index.php?rest_route=\/wp\/v2\/media\/27132"}],"wp:attachment":[{"href":"https:\/\/historiografija.hr\/index.php?rest_route=%2Fwp%2Fv2%2Fmedia&parent=27129"}],"wp:term":[{"taxonomy":"category","embeddable":true,"href":"https:\/\/historiografija.hr\/index.php?rest_route=%2Fwp%2Fv2%2Fcategories&post=27129"},{"taxonomy":"post_tag","embeddable":true,"href":"https:\/\/historiografija.hr\/index.php?rest_route=%2Fwp%2Fv2%2Ftags&post=27129"}],"curies":[{"name":"wp","href":"https:\/\/api.w.org\/{rel}","templated":true}]}}