{"id":27119,"date":"2021-08-09T14:07:10","date_gmt":"2021-08-09T14:07:10","guid":{"rendered":"http:\/\/historiografija.hr\/?p=27119"},"modified":"2021-08-09T14:07:10","modified_gmt":"2021-08-09T14:07:10","slug":"dubravka-dubravec-labas-vlastiti-identitet-u-tudim-ocima-od-autopredodzbe-talijanskoga-jezika-kulture-i-civilizacije-do-heteropredodzbe-u-hrvatskome-kontekstu","status":"publish","type":"post","link":"https:\/\/historiografija.hr\/?p=27119","title":{"rendered":"Dubravka Dubravec Laba\u0161, \u201cVlastiti identitet u tu\u0111im o\u010dima \u2013 Od autopredod\u017ebe talijanskoga jezika, kulture i civilizacije do heteropredod\u017ebe u hrvatskome kontekstu\u201d"},"content":{"rendered":"\n<p>Knjiga nudi inovativan pristup interdisciplinarnom prou\u010davanju ud\u017ebenika stranih jezika kao slo\u017eenoga kulturnog proizvoda. Autorica polazi od imagolo\u0161ke analize ud\u017ebenika stranih jezika kao kulturalnih posrednika u okviru interkulturalnoga odgoja europskoga gra\u0111anina te obja\u0161njava kako se u slikama o stranoj i materinskoj kulturi preklapa glotodidaktika (disciplina koja se bavi teorijom i praksom u\u010denja stranoga jezika) i imagologija kao grana komparativne knji\u017eevnosti koja istra\u017euje heteropredod\u017ebe o stranim narodima i zemljama te autopredo\u017ebu o vlastitoj zemlji i narodu.<\/p>\n\n\n\n<p>U prvome se dijelu bavi pojmom stranca kao Drugoga te njegova mjesta, polo\u017eaja i uloge u nastajanju ud\u017ebenika stranog jezika. Zatim obja\u0161njava pojmove talijanstva, talijanskosti, talijaniteta te potom stereotipove kao civilizacijske i povijesne \u010dinjenice da bi se onda usredoto\u010dila na odnos intertekstualnosti i u\u010denja stranih jezika u dijakronijskoj perspektivi. U drugome dijelu knjige analizira mogu\u0107nosti uvo\u0111enja imagologije kao znanstvene discipline u prou\u010davanju stranih kultura i knji\u017eevnosti, a u tre\u0107em je dijelu istra\u017eila odnose, veze i rezultate \u0161to su ih donijeli supostojanje te primjena imagologije u glotodidaktici.<\/p>\n\n\n\n<p>Budu\u0107i da je hrvatska kultura stolje\u0107ima bila prepletena s prekojadranskom talijanskom kulturom i civilizacijom, u\u010denje i aktivna uporaba talijanskog jezika se\u017ee u daleku pro\u0161lost. Zanimljivo je pritom da su na na\u0161oj obali, u Istri i na otocima bili prisutni i posebni varijeteti (dalmatski, istro-romanski). Talijanski je bio i jezik obrazovanoga gra\u0111anstva, ne samo lokalnih Talijana nego i slavofonih gra\u0111ana koji su nerijetko i studirali na talijanskim sveu\u010dili\u0161tima. Talijanski jezik prisutan je u povijesti hrvatskoga obrazovnog sustava, a ud\u017ebenici su u tom kontekstu nezaobilazno didakti\u010dko sredstvo. Autorica se potrudila analizirati njihovu imagolo\u0161ku komponentu te na\u010din, registar i rje\u010dnik kojim su prikazani Talijani u ud\u017ebenicima koji se koriste u na\u0161oj sveu\u010dili\u0161noj nastavi odnosno praksi. Na temelju suvremenih filolo\u0161kih, imagolo\u0161kih, kulturolo\u0161kih te metodi\u010dkih spoznaja i dostignu\u0107a knjiga Dubravke Dubravec Laba\u0161 detaljno analizira autopredod\u017ebe talijanskog jezika, kulture i civilizacije te predla\u017ee relevantne zaklju\u010dke o heteropredod\u017ebi u hrvatskome kontekstu u kojem je talijanski dolazni strani jezik koji se postupno usvaja na razli\u010ditim razinama. Kad je strani jezik nau\u010den i kad se se spontano koristi postaje &#8216;na\u0161&#8217;, onaj s kojim dijelimo dvojezi\u010dnost s na\u0161im materinskim hrvatskim. Autorica podastire vrijedan i poticajan znanstveni i stru\u010dni doprinos koji \u0107e zanimati filologe svih profila, metodi\u010dare stranih jezika i kroatistike te \u0161iru kulturnu javnost.<\/p>\n\n\n\n<hr class=\"wp-block-separator\"\/>\n\n\n\n<p>Izdava\u010d: Hrvatska sveu\u010dili\u0161na naklada<\/p>\n\n\n\n<p>Godina izdavanja: 2021<\/p>\n\n\n\n<p>Op\u0107e informacije: 497 str.<\/p>\n\n\n\n<hr class=\"wp-block-separator\"\/>\n\n\n\n<p>Izvor: <a href=\"https:\/\/www.hsn.hr\/product\/509\/vlastiti-identitet\">https:\/\/www.hsn.hr\/product\/509\/vlastiti-identitet<\/a><\/p>\n\n\n\n<hr class=\"wp-block-separator\"\/>\n","protected":false},"excerpt":{"rendered":"","protected":false},"author":2,"featured_media":27120,"comment_status":"open","ping_status":"open","sticky":false,"template":"","format":"standard","meta":{"_acf_changed":false,"jetpack_post_was_ever_published":false,"_jetpack_newsletter_access":"","_jetpack_dont_email_post_to_subs":false,"_jetpack_newsletter_tier_id":0,"_jetpack_memberships_contains_paywalled_content":false,"_jetpack_memberships_contains_paid_content":false,"footnotes":"","jetpack_publicize_message":"","jetpack_publicize_feature_enabled":true,"jetpack_social_post_already_shared":true,"jetpack_social_options":{"image_generator_settings":{"template":"highway","default_image_id":0,"font":"","enabled":false},"version":2}},"categories":[8,3],"tags":[],"class_list":["post-27119","post","type-post","status-publish","format-standard","has-post-thumbnail","hentry","category-knjige","category-novosti"],"acf":{"facebook_opis":""},"jetpack_publicize_connections":[],"jetpack_featured_media_url":"https:\/\/i0.wp.com\/historiografija.hr\/wp-content\/uploads\/2021\/08\/Vlastiti_identitet.jpg?fit=580%2C886&ssl=1","jetpack_sharing_enabled":true,"jetpack-related-posts":[],"_links":{"self":[{"href":"https:\/\/historiografija.hr\/index.php?rest_route=\/wp\/v2\/posts\/27119","targetHints":{"allow":["GET"]}}],"collection":[{"href":"https:\/\/historiografija.hr\/index.php?rest_route=\/wp\/v2\/posts"}],"about":[{"href":"https:\/\/historiografija.hr\/index.php?rest_route=\/wp\/v2\/types\/post"}],"author":[{"embeddable":true,"href":"https:\/\/historiografija.hr\/index.php?rest_route=\/wp\/v2\/users\/2"}],"replies":[{"embeddable":true,"href":"https:\/\/historiografija.hr\/index.php?rest_route=%2Fwp%2Fv2%2Fcomments&post=27119"}],"version-history":[{"count":1,"href":"https:\/\/historiografija.hr\/index.php?rest_route=\/wp\/v2\/posts\/27119\/revisions"}],"predecessor-version":[{"id":27121,"href":"https:\/\/historiografija.hr\/index.php?rest_route=\/wp\/v2\/posts\/27119\/revisions\/27121"}],"wp:featuredmedia":[{"embeddable":true,"href":"https:\/\/historiografija.hr\/index.php?rest_route=\/wp\/v2\/media\/27120"}],"wp:attachment":[{"href":"https:\/\/historiografija.hr\/index.php?rest_route=%2Fwp%2Fv2%2Fmedia&parent=27119"}],"wp:term":[{"taxonomy":"category","embeddable":true,"href":"https:\/\/historiografija.hr\/index.php?rest_route=%2Fwp%2Fv2%2Fcategories&post=27119"},{"taxonomy":"post_tag","embeddable":true,"href":"https:\/\/historiografija.hr\/index.php?rest_route=%2Fwp%2Fv2%2Ftags&post=27119"}],"curies":[{"name":"wp","href":"https:\/\/api.w.org\/{rel}","templated":true}]}}