{"id":27116,"date":"2021-08-06T22:50:14","date_gmt":"2021-08-06T22:50:14","guid":{"rendered":"http:\/\/historiografija.hr\/?p=27116"},"modified":"2021-08-06T22:51:04","modified_gmt":"2021-08-06T22:51:04","slug":"prvi-poziv-za-sudjelovanje-u-3-znanstvenom-kolokviju-povijest-u-javnom-prostoru-markiranje-prostora-spomenici-i-spomen-obiljezja","status":"publish","type":"post","link":"https:\/\/historiografija.hr\/?p=27116","title":{"rendered":"Prvi poziv za sudjelovanje u 3. znanstvenom kolokviju &#8220;Povijest u javnom prostoru: Markiranje prostora \u2013 spomenici i spomen-obilje\u017eja&#8221;"},"content":{"rendered":"\n<p>KLIOFEST, udruga za promicanje kulture povijesti<\/p>\n\n\n\n<p>Plani\u0107eva 10, 10020 Zagreb<\/p>\n\n\n\n<hr class=\"wp-block-separator\"\/>\n\n\n\n<p><strong>Prvi poziv za sudjelovanje u 3. znanstvenom kolokviju<\/strong><\/p>\n\n\n\n<p><em><strong>Povijest u javnom prostoru: Markiranje prostora \u2013 spomenici i spomen-obilje\u017eja<\/strong><\/em><\/p>\n\n\n\n<hr class=\"wp-block-separator\"\/>\n\n\n\n<p>Znanstveni skup je zami\u0161ljen kao nastavak inicijative pokrenute prije dvije godine koja je rezultirala kolokvijem <em>Povijest u javnom prostoru: stanje i perspektive \u2013 hrvatska i inozemna iskustva <\/em>odr\u017eanim 2019. te kolokvijem <em>Povijest u javnom prostoru: stanje i perspektive \u2013 Je li Drugi svjetski rat gotov? <\/em>odr\u017eanim 2020. godine. Na tim se kolokvijima raspravljalo o mjestu povijesti u javnom prostoru kao i o politici povijesti u raznim njezinim aspektima.<\/p>\n\n\n\n<p>Ove godine nastavit \u0107e se rasprava o javnoj povijesti kao podru\u010dju javne djelatnosti i kao temi historiografskih istra\u017eivanja te njezinom mjestu u obrazovnom sustavu, odnosno o politikama povijesti. Fokus \u0107e biti usmjeren na pitanje spomenika i drugih spomen-obilje\u017eja, te na razli\u010dite aspekte politike povijesti vezane uz podizanje spomenika i odnos prema njima, \u0161to je \u010dest izvor kontroverzi u Hrvatskoj, a u zadnje vrijeme i jedna od vode\u0107ih svjetskih tema.<\/p>\n\n\n\n<p>Pozivamo povjesni\u010dare, ali i druge znanstvenike \u2013 politologe, sociologe, etnologe, muzeologe i ba\u0161tinske djelatnike op\u0107enito, da se prijave za sudjelovanje na ovome kolokviju i raspravi.<\/p>\n\n\n\n<hr class=\"wp-block-separator\"\/>\n\n\n\n<p><strong>Kolokvij je planiran za 3. prosinca 2021. godine.<\/strong><\/p>\n\n\n\n<hr class=\"wp-block-separator\"\/>\n\n\n\n<p><strong>Rok<\/strong> za <strong>prijave<\/strong> isti\u010de <strong>30. rujna 2021. godine<\/strong>. Prijave s naslovom desetominutnih izlaganja i sa\u017eetkom (do pola kartice) te kratkom biografijom po\u0161aljite na adresu <a href=\"mailto:pujp.kolokvij@gmail.com\">pujp.kolokvij@gmail.com<\/a><\/p>\n\n\n\n<hr class=\"wp-block-separator\"\/>\n\n\n\n<p><\/p>\n","protected":false},"excerpt":{"rendered":"","protected":false},"author":2,"featured_media":0,"comment_status":"open","ping_status":"open","sticky":false,"template":"","format":"standard","meta":{"_acf_changed":false,"jetpack_post_was_ever_published":false,"_jetpack_newsletter_access":"","_jetpack_dont_email_post_to_subs":false,"_jetpack_newsletter_tier_id":0,"_jetpack_memberships_contains_paywalled_content":false,"_jetpack_memberships_contains_paid_content":false,"footnotes":"","jetpack_publicize_message":"","jetpack_publicize_feature_enabled":true,"jetpack_social_post_already_shared":true,"jetpack_social_options":{"image_generator_settings":{"template":"highway","default_image_id":0,"font":"","enabled":false},"version":2}},"categories":[4,9],"tags":[],"class_list":["post-27116","post","type-post","status-publish","format-standard","hentry","category-osvrti","category-skupovi"],"acf":{"facebook_opis":""},"jetpack_publicize_connections":[],"jetpack_featured_media_url":"","jetpack_sharing_enabled":true,"jetpack-related-posts":[],"_links":{"self":[{"href":"https:\/\/historiografija.hr\/index.php?rest_route=\/wp\/v2\/posts\/27116","targetHints":{"allow":["GET"]}}],"collection":[{"href":"https:\/\/historiografija.hr\/index.php?rest_route=\/wp\/v2\/posts"}],"about":[{"href":"https:\/\/historiografija.hr\/index.php?rest_route=\/wp\/v2\/types\/post"}],"author":[{"embeddable":true,"href":"https:\/\/historiografija.hr\/index.php?rest_route=\/wp\/v2\/users\/2"}],"replies":[{"embeddable":true,"href":"https:\/\/historiografija.hr\/index.php?rest_route=%2Fwp%2Fv2%2Fcomments&post=27116"}],"version-history":[{"count":2,"href":"https:\/\/historiografija.hr\/index.php?rest_route=\/wp\/v2\/posts\/27116\/revisions"}],"predecessor-version":[{"id":27118,"href":"https:\/\/historiografija.hr\/index.php?rest_route=\/wp\/v2\/posts\/27116\/revisions\/27118"}],"wp:attachment":[{"href":"https:\/\/historiografija.hr\/index.php?rest_route=%2Fwp%2Fv2%2Fmedia&parent=27116"}],"wp:term":[{"taxonomy":"category","embeddable":true,"href":"https:\/\/historiografija.hr\/index.php?rest_route=%2Fwp%2Fv2%2Fcategories&post=27116"},{"taxonomy":"post_tag","embeddable":true,"href":"https:\/\/historiografija.hr\/index.php?rest_route=%2Fwp%2Fv2%2Ftags&post=27116"}],"curies":[{"name":"wp","href":"https:\/\/api.w.org\/{rel}","templated":true}]}}