{"id":27113,"date":"2021-08-06T22:43:07","date_gmt":"2021-08-06T22:43:07","guid":{"rendered":"http:\/\/historiografija.hr\/?p=27113"},"modified":"2021-08-06T22:43:07","modified_gmt":"2021-08-06T22:43:07","slug":"umro-prevoditelj-sead-muhamedagic","status":"publish","type":"post","link":"https:\/\/historiografija.hr\/?p=27113","title":{"rendered":"Umro prevoditelj Sead Muhamedagi\u0107"},"content":{"rendered":"\n<p>U 67. godini umro je istaknuti prevoditelj Sead Muhamedagi\u0107. S njema\u010dkog je preveo primjerice knjige Konrada Paula Liessmanna \u201cTeorija neobrazovanosti: zablude dru\u0161tva znanja\u201d, Dana Dinera \u201cRazumjeti stolje\u0107e: op\u0107epovijesno tuma\u010denje\u201d, Karla Krausa \u201cPosljednji dani \u010dovje\u010danstva\u201d i dr.<\/p>\n\n\n\n<hr class=\"wp-block-separator\"\/>\n\n\n\n<p>ZAGREB, 4. kolovoza 2021. (Hina) &#8211;&nbsp;Knji\u017eevni prevoditelj, publicist i pjesnik Sead Muhamedagi\u0107, koga su u stru\u010dnoj javnosti smatrali jednim od najve\u0107ih prevoditelja u Hrvatskoj, umro je u 67. godini \u017eivota, a tim je povodom su\u0107ut uputila ministrica kulture Nina&nbsp;Obuljen Kor\u017einek.<\/p>\n\n\n\n<p><a href=\"https:\/\/www.hina.hr\/vijest\/10747745\">https:\/\/www.hina.hr\/vijest\/10747745<\/a><\/p>\n\n\n\n<p><a href=\"https:\/\/www.jutarnji.hr\/kultura\/knjizevnost\/umro-sead-muhamedagic-pjesnik-i-jedan-od-nasih-najvecih-knjizevnih-prevoditelja-15092934\">https:\/\/www.jutarnji.hr\/kultura\/knjizevnost\/umro-sead-muhamedagic-pjesnik-i-jedan-od-nasih-najvecih-knjizevnih-prevoditelja-15092934<\/a><\/p>\n\n\n\n<hr class=\"wp-block-separator\"\/>\n\n\n\n<p><strong>Sead Muhamedagi\u0107<\/strong><\/p>\n\n\n\n<p><a href=\"http:\/\/www.dhkp.hr\/drustvo\/clan\/291\">http:\/\/www.dhkp.hr\/drustvo\/clan\/291<\/a><\/p>\n\n\n\n<hr class=\"wp-block-separator\"\/>\n","protected":false},"excerpt":{"rendered":"","protected":false},"author":2,"featured_media":27114,"comment_status":"open","ping_status":"open","sticky":false,"template":"","format":"standard","meta":{"_acf_changed":false,"jetpack_post_was_ever_published":false,"_jetpack_newsletter_access":"","_jetpack_dont_email_post_to_subs":false,"_jetpack_newsletter_tier_id":0,"_jetpack_memberships_contains_paywalled_content":false,"_jetpack_memberships_contains_paid_content":false,"footnotes":"","jetpack_publicize_message":"","jetpack_publicize_feature_enabled":true,"jetpack_social_post_already_shared":true,"jetpack_social_options":{"image_generator_settings":{"template":"highway","default_image_id":0,"font":"","enabled":false},"version":2}},"categories":[3,20],"tags":[],"class_list":["post-27113","post","type-post","status-publish","format-standard","has-post-thumbnail","hentry","category-novosti","category-obavijesti-o-smrti-i-nekrolozi"],"acf":{"facebook_opis":""},"jetpack_publicize_connections":[],"jetpack_featured_media_url":"https:\/\/i0.wp.com\/historiografija.hr\/wp-content\/uploads\/2021\/08\/SM.jpg?fit=800%2C533&ssl=1","jetpack_sharing_enabled":true,"jetpack-related-posts":[],"_links":{"self":[{"href":"https:\/\/historiografija.hr\/index.php?rest_route=\/wp\/v2\/posts\/27113","targetHints":{"allow":["GET"]}}],"collection":[{"href":"https:\/\/historiografija.hr\/index.php?rest_route=\/wp\/v2\/posts"}],"about":[{"href":"https:\/\/historiografija.hr\/index.php?rest_route=\/wp\/v2\/types\/post"}],"author":[{"embeddable":true,"href":"https:\/\/historiografija.hr\/index.php?rest_route=\/wp\/v2\/users\/2"}],"replies":[{"embeddable":true,"href":"https:\/\/historiografija.hr\/index.php?rest_route=%2Fwp%2Fv2%2Fcomments&post=27113"}],"version-history":[{"count":1,"href":"https:\/\/historiografija.hr\/index.php?rest_route=\/wp\/v2\/posts\/27113\/revisions"}],"predecessor-version":[{"id":27115,"href":"https:\/\/historiografija.hr\/index.php?rest_route=\/wp\/v2\/posts\/27113\/revisions\/27115"}],"wp:featuredmedia":[{"embeddable":true,"href":"https:\/\/historiografija.hr\/index.php?rest_route=\/wp\/v2\/media\/27114"}],"wp:attachment":[{"href":"https:\/\/historiografija.hr\/index.php?rest_route=%2Fwp%2Fv2%2Fmedia&parent=27113"}],"wp:term":[{"taxonomy":"category","embeddable":true,"href":"https:\/\/historiografija.hr\/index.php?rest_route=%2Fwp%2Fv2%2Fcategories&post=27113"},{"taxonomy":"post_tag","embeddable":true,"href":"https:\/\/historiografija.hr\/index.php?rest_route=%2Fwp%2Fv2%2Ftags&post=27113"}],"curies":[{"name":"wp","href":"https:\/\/api.w.org\/{rel}","templated":true}]}}