{"id":27091,"date":"2021-08-03T15:29:14","date_gmt":"2021-08-03T15:29:14","guid":{"rendered":"http:\/\/historiografija.hr\/?p=27091"},"modified":"2021-08-03T15:29:14","modified_gmt":"2021-08-03T15:29:14","slug":"umro-paul-garde-dopisni-clan-hazu","status":"publish","type":"post","link":"https:\/\/historiografija.hr\/?p=27091","title":{"rendered":"Umro Paul Garde, dopisni \u010dlan HAZU"},"content":{"rendered":"\n<p>U utorak 27. srpnja u Parizu je u 95. godini umro <strong>Paul Garde<\/strong>, istaknuti francuski slavist, dopisni \u010dlan Hrvatske akademije znanosti i umjetnosti. Rodio se u Avignonu 18. prosinca 1926., a klasi\u010dne jezike i slavistiku studirao je u Montpellieru, Parizu i Strasbourgu. Bio je profesor slavistike na Provansalskom sveu\u010dili\u0161tu u Aix-en-Provence od 1964. do 1989., izvrstan poznavatelj slavenskih jezika, knji\u017eevnosti i kultura, pa tako i ju\u017enoslavenskih jezika i sociolingvisti\u010dkih prilika na prostorima jugoisto\u010dne Europe. Slavenske je jezike podjednako prou\u010davao u poredbenopovijesnoj i u sinkronijskoj perspektivi. Kao jedan od vode\u0107ih slavista predavao je u niz navrata na sveu\u010dili\u0161tima u SAD-u te na sveu\u010dili\u0161tima raznih europskih zemalja.<\/p>\n\n\n\n<p>U vrijeme raspada Jugoslavije i srpske agresije na Hrvatsku Paul Garde je u francuskim glasilima objektivno i nepristrano ra\u0161\u010dlanjivao uzroke sukoba te znatno pridonio da se u Francuskoj sazna prava istina ne samo o tim doga\u0111ajima, nego i o politi\u010dkim, civilizacijskim, kulturnim, gospodarskim i povijesnim uzrocima sloma Jugoslavije. Toj su tematici posve\u0107ene knjige <em>Vie et mort de la Yougoslavie<\/em> (\u017divot i smrt Jugoslavije) iz 1992., <em>Les Balkans<\/em> (Balkan) iz 1994. te <em>Journal de voyage en Bosnie-Herz\u00e9govine: octobre 1994<\/em> (Putopis u Bosnu i Hercegovinu: listopad 1994.) iz 1995. Posljednja Gardeova knjiga <em>Le discours balkanique<\/em> (Balkanski diskurs) iz 2004. promatra ju\u017enoslavenski kulturnopovijesni, geopoliti\u010dki i jezi\u010dni kompleks u \u0161irem balkanskom i jugoisto\u010dnoeuropskom kontekstu.<\/p>\n\n\n\n<p>Za dopisnog \u010dlana Hrvatske akademije znanosti i umjetnosti Paul Garde je izabran 2006. Zbog doprinosa razvoju kulturnih i drugih veza izme\u0111u Francuske i Hrvatske odlikovan je 2005. Redom Danice Hrvatske s likom Marka Maruli\u0107a.<\/p>\n\n\n\n<hr class=\"wp-block-separator\"\/>\n\n\n\n<p>Izvor: &nbsp;<\/p>\n\n\n\n<figure class=\"wp-block-embed-wordpress wp-block-embed is-type-wp-embed is-provider-hazu\"><div class=\"wp-block-embed__wrapper\">\n<blockquote class=\"wp-embedded-content\" data-secret=\"fzY47kioyh\"><a href=\"https:\/\/www.info.hazu.hr\/2021\/08\/umro-paul-garde-dopisni-clan-hazu\/\">Umro Paul Garde, dopisni \u010dlan HAZU<\/a><\/blockquote><iframe loading=\"lazy\" class=\"wp-embedded-content\" sandbox=\"allow-scripts\" security=\"restricted\" style=\"position: absolute; clip: rect(1px, 1px, 1px, 1px);\" title=\"&#8220;Umro Paul Garde, dopisni \u010dlan HAZU&#8221; &#8212; HAZU\" src=\"https:\/\/www.info.hazu.hr\/2021\/08\/umro-paul-garde-dopisni-clan-hazu\/embed\/#?secret=fzY47kioyh\" data-secret=\"fzY47kioyh\" width=\"600\" height=\"338\" frameborder=\"0\" marginwidth=\"0\" marginheight=\"0\" scrolling=\"no\"><\/iframe>\n<\/div><\/figure>\n\n\n\n<hr class=\"wp-block-separator\"\/>\n","protected":false},"excerpt":{"rendered":"","protected":false},"author":2,"featured_media":27092,"comment_status":"open","ping_status":"open","sticky":false,"template":"","format":"standard","meta":{"_acf_changed":false,"jetpack_post_was_ever_published":false,"_jetpack_newsletter_access":"","_jetpack_dont_email_post_to_subs":false,"_jetpack_newsletter_tier_id":0,"_jetpack_memberships_contains_paywalled_content":false,"_jetpack_memberships_contains_paid_content":false,"footnotes":"","jetpack_publicize_message":"","jetpack_publicize_feature_enabled":true,"jetpack_social_post_already_shared":true,"jetpack_social_options":{"image_generator_settings":{"template":"highway","default_image_id":0,"font":"","enabled":false},"version":2}},"categories":[3,20],"tags":[],"class_list":["post-27091","post","type-post","status-publish","format-standard","has-post-thumbnail","hentry","category-novosti","category-obavijesti-o-smrti-i-nekrolozi"],"acf":{"facebook_opis":""},"jetpack_publicize_connections":[],"jetpack_featured_media_url":"https:\/\/i0.wp.com\/historiografija.hr\/wp-content\/uploads\/2021\/08\/paul-garde.jpg?fit=481%2C373&ssl=1","jetpack_sharing_enabled":true,"jetpack-related-posts":[],"_links":{"self":[{"href":"https:\/\/historiografija.hr\/index.php?rest_route=\/wp\/v2\/posts\/27091","targetHints":{"allow":["GET"]}}],"collection":[{"href":"https:\/\/historiografija.hr\/index.php?rest_route=\/wp\/v2\/posts"}],"about":[{"href":"https:\/\/historiografija.hr\/index.php?rest_route=\/wp\/v2\/types\/post"}],"author":[{"embeddable":true,"href":"https:\/\/historiografija.hr\/index.php?rest_route=\/wp\/v2\/users\/2"}],"replies":[{"embeddable":true,"href":"https:\/\/historiografija.hr\/index.php?rest_route=%2Fwp%2Fv2%2Fcomments&post=27091"}],"version-history":[{"count":1,"href":"https:\/\/historiografija.hr\/index.php?rest_route=\/wp\/v2\/posts\/27091\/revisions"}],"predecessor-version":[{"id":27093,"href":"https:\/\/historiografija.hr\/index.php?rest_route=\/wp\/v2\/posts\/27091\/revisions\/27093"}],"wp:featuredmedia":[{"embeddable":true,"href":"https:\/\/historiografija.hr\/index.php?rest_route=\/wp\/v2\/media\/27092"}],"wp:attachment":[{"href":"https:\/\/historiografija.hr\/index.php?rest_route=%2Fwp%2Fv2%2Fmedia&parent=27091"}],"wp:term":[{"taxonomy":"category","embeddable":true,"href":"https:\/\/historiografija.hr\/index.php?rest_route=%2Fwp%2Fv2%2Fcategories&post=27091"},{"taxonomy":"post_tag","embeddable":true,"href":"https:\/\/historiografija.hr\/index.php?rest_route=%2Fwp%2Fv2%2Ftags&post=27091"}],"curies":[{"name":"wp","href":"https:\/\/api.w.org\/{rel}","templated":true}]}}