{"id":27087,"date":"2021-08-03T15:12:21","date_gmt":"2021-08-03T15:12:21","guid":{"rendered":"http:\/\/historiografija.hr\/?p=27087"},"modified":"2021-08-03T15:13:57","modified_gmt":"2021-08-03T15:13:57","slug":"annie-ernaux-jedna-zena","status":"publish","type":"post","link":"https:\/\/historiografija.hr\/?p=27087","title":{"rendered":"Annie Ernaux, \u201cJedna \u017eena\u201d"},"content":{"rendered":"\n<p>Zaku\u010dasti su putevi knji\u017eevne recepcije: iako se odavno smatra \u017eivu\u0107im klasikom svoje domicilne knji\u017eevnosti, izvan Francuske je Annie Ernaux sve donedavno bila dobro \u010duvana tajna. Tek \u0107e me\u0111unarodni odjek <em>Povratka u Reims <\/em>Didiera Eribona, koji se izri\u010dito poziva na Ernaux, i sve ve\u0107i knji\u017eevni zna\u010daj tzv. \u017eanra autofikcije 2010-ih ovu autoricu postaviti u \u017ei\u017eu interesa svjetske literarne i intelektualne javnosti, pa \u0107e prava lavina prijevoda i recepcije, \u010dak i u sredinama gdje je Ernaux bila ranije preva\u0111ana, uslijediti tek posljednjih godina.&nbsp;<br>&nbsp;<br>Na hrvatski su dosad objavljena <em>Samo strast<\/em> i <em>Mjesto<\/em>, a Booksa i MaMa u srpnju i lipnju 2021. u biblioteci <em>Prijatelji <\/em>predstavljaju dva naslova: <em>Jedna \u017eena<\/em> i <em>Doga\u0111aj<\/em>.<br>&nbsp;<br><em>Jedna \u017eena<\/em> je rekvijem za majku, rekvijem za tu singularnu i jednu jedinu osobu. U nizu fle\u0161bekova Ernaux, na tek ne\u0161to vi\u0161e od 45 kartica teksta, skicira \u017eivot i smrt svoje majke, njene poku\u0161aje da se otme zadatostima i ograni\u010denjima sredine u kojoj je ro\u0111ena. Osobna pripovijest o majci&nbsp; i o odnosu majke i k\u0107eri u tekstu <em>Jedne \u017eene<\/em> postaje dio kolektivne povijesti, \u010dine\u0107i ovu potresnu knjigu maestralnim hibridom knji\u017eevnosti, sociologije i historiografije.<br>&nbsp;<br>Knjige Annie Ernaux koje izdaju Booksa i MaMa jesu svojevrsna os jedne nove umjetni\u010dke i teorijske poetike, koju smo u <em>Prijateljima<\/em> ve\u0107 prezentirali u naslovima Dubravke Ugre\u0161i\u0107 i Catherine Malabou, te uskoro u knjigama Ivane Sajko, Inger Christensen i Barbare Cassin.<br>&nbsp;<\/p>\n\n\n\n<p><strong>Jedna \u017eena \u2022 preveo Marko Gregori\u0107, oblikovao Zoran \u0110uki\u0107 \u2022 84 stranice, 50 kuna\u00a0<\/strong><\/p>\n\n\n\n<hr class=\"wp-block-separator\"\/>\n\n\n\n<p>Izvori:<\/p>\n\n\n\n<figure class=\"wp-block-embed-wordpress wp-block-embed is-type-wp-embed is-provider-klub-mama-multimedijalni-institut\"><div class=\"wp-block-embed__wrapper\">\n<blockquote class=\"wp-embedded-content\" data-secret=\"i7OCqyhcU5\"><a href=\"https:\/\/mi2.hr\/2021\/06\/annie-ernaux-jedna-zena\/\">Annie Ernaux \u2022 Jedna \u017eena<\/a><\/blockquote><iframe loading=\"lazy\" class=\"wp-embedded-content\" sandbox=\"allow-scripts\" security=\"restricted\" style=\"position: absolute; clip: rect(1px, 1px, 1px, 1px);\" title=\"&#8220;Annie Ernaux \u2022 Jedna \u017eena&#8221; &#8212; Klub Mama \/ Multimedijalni Institut\" src=\"https:\/\/mi2.hr\/2021\/06\/annie-ernaux-jedna-zena\/embed\/#?secret=i7OCqyhcU5\" data-secret=\"i7OCqyhcU5\" width=\"600\" height=\"338\" frameborder=\"0\" marginwidth=\"0\" marginheight=\"0\" scrolling=\"no\"><\/iframe>\n<\/div><\/figure>\n\n\n\n<p><a href=\"https:\/\/www.booksa.hr\/vijesti\/vijesti\/dvije-knjige-annie-ernaux-u-izdanju-bookse-i-multimedijalnog-instituta\">https:\/\/www.booksa.hr\/vijesti\/vijesti\/dvije-knjige-annie-ernaux-u-izdanju-bookse-i-multimedijalnog-instituta<\/a><\/p>\n\n\n\n<hr class=\"wp-block-separator\"\/>\n\n\n\n<p>Odjeci:<\/p>\n\n\n\n<p><a href=\"https:\/\/marijaottfranolic.blogspot.com\/2021\/07\/jedna-zena-annie-ernaux-preporuka-za.html\">https:\/\/marijaottfranolic.blogspot.com\/2021\/07\/jedna-zena-annie-ernaux-preporuka-za.html<\/a><\/p>\n\n\n\n<p><a href=\"https:\/\/www.jutarnji.hr\/kultura\/knjizevnost\/jedna-zena-annie-ernaux-mali-obicni-ali-istodobno-prekrasno-napisan-obiteljski-bidermajer-15091675\">https:\/\/www.jutarnji.hr\/kultura\/knjizevnost\/jedna-zena-annie-ernaux-mali-obicni-ali-istodobno-prekrasno-napisan-obiteljski-bidermajer-15091675<\/a><\/p>\n\n\n\n<p><a href=\"https:\/\/slobodnadalmacija.hr\/kultura\/knjizevnost\/jedna-zena-fascinantna-je-knjiga-procitajte-kako-je-francuskinja-annie-ernaux-skrto-na-vrlo-malo-stranica-ispricala-svoj-i-zivot-svoje-majke-1116299\">https:\/\/slobodnadalmacija.hr\/kultura\/knjizevnost\/jedna-zena-fascinantna-je-knjiga-procitajte-kako-je-francuskinja-annie-ernaux-skrto-na-vrlo-malo-stranica-ispricala-svoj-i-zivot-svoje-majke-1116299<\/a><\/p>\n\n\n\n<p><a href=\"https:\/\/www.vecernji.hr\/kultura\/posveta-majkama-koje-se-zrtvuju-radi-obiteljskog-opstanka-1509709\">https:\/\/www.vecernji.hr\/kultura\/posveta-majkama-koje-se-zrtvuju-radi-obiteljskog-opstanka-1509709<\/a><\/p>\n\n\n\n<hr class=\"wp-block-separator\"\/>\n","protected":false},"excerpt":{"rendered":"","protected":false},"author":2,"featured_media":27090,"comment_status":"open","ping_status":"open","sticky":false,"template":"","format":"standard","meta":{"_acf_changed":false,"jetpack_post_was_ever_published":false,"_jetpack_newsletter_access":"","_jetpack_dont_email_post_to_subs":false,"_jetpack_newsletter_tier_id":0,"_jetpack_memberships_contains_paywalled_content":false,"_jetpack_memberships_contains_paid_content":false,"footnotes":"","jetpack_publicize_message":"","jetpack_publicize_feature_enabled":true,"jetpack_social_post_already_shared":true,"jetpack_social_options":{"image_generator_settings":{"template":"highway","default_image_id":0,"font":"","enabled":false},"version":2}},"categories":[3,12],"tags":[],"class_list":["post-27087","post","type-post","status-publish","format-standard","has-post-thumbnail","hentry","category-novosti","category-knjizevnost"],"acf":{"facebook_opis":""},"jetpack_publicize_connections":[],"jetpack_featured_media_url":"https:\/\/i0.wp.com\/historiografija.hr\/wp-content\/uploads\/2021\/08\/Jedna-zena.jpg?fit=387%2C166&ssl=1","jetpack_sharing_enabled":true,"jetpack-related-posts":[],"_links":{"self":[{"href":"https:\/\/historiografija.hr\/index.php?rest_route=\/wp\/v2\/posts\/27087","targetHints":{"allow":["GET"]}}],"collection":[{"href":"https:\/\/historiografija.hr\/index.php?rest_route=\/wp\/v2\/posts"}],"about":[{"href":"https:\/\/historiografija.hr\/index.php?rest_route=\/wp\/v2\/types\/post"}],"author":[{"embeddable":true,"href":"https:\/\/historiografija.hr\/index.php?rest_route=\/wp\/v2\/users\/2"}],"replies":[{"embeddable":true,"href":"https:\/\/historiografija.hr\/index.php?rest_route=%2Fwp%2Fv2%2Fcomments&post=27087"}],"version-history":[{"count":1,"href":"https:\/\/historiografija.hr\/index.php?rest_route=\/wp\/v2\/posts\/27087\/revisions"}],"predecessor-version":[{"id":27089,"href":"https:\/\/historiografija.hr\/index.php?rest_route=\/wp\/v2\/posts\/27087\/revisions\/27089"}],"wp:featuredmedia":[{"embeddable":true,"href":"https:\/\/historiografija.hr\/index.php?rest_route=\/wp\/v2\/media\/27090"}],"wp:attachment":[{"href":"https:\/\/historiografija.hr\/index.php?rest_route=%2Fwp%2Fv2%2Fmedia&parent=27087"}],"wp:term":[{"taxonomy":"category","embeddable":true,"href":"https:\/\/historiografija.hr\/index.php?rest_route=%2Fwp%2Fv2%2Fcategories&post=27087"},{"taxonomy":"post_tag","embeddable":true,"href":"https:\/\/historiografija.hr\/index.php?rest_route=%2Fwp%2Fv2%2Ftags&post=27087"}],"curies":[{"name":"wp","href":"https:\/\/api.w.org\/{rel}","templated":true}]}}