{"id":27079,"date":"2021-08-02T17:10:07","date_gmt":"2021-08-02T17:10:07","guid":{"rendered":"http:\/\/historiografija.hr\/?p=27079"},"modified":"2022-07-15T13:22:17","modified_gmt":"2022-07-15T13:22:17","slug":"ana-kolaric-periodika-u-feministickoj-ucionici-casopis-zenski-pokret-1920-1938-i-studije-knjizevnosti","status":"publish","type":"post","link":"https:\/\/historiografija.hr\/?p=27079","title":{"rendered":"Ana Kolari\u0107, \u201cPeriodika u feministi\u010dkoj u\u010dionici. \u010casopis \u201c\u017denski pokret\u201d (1920\u20131938) i studije knji\u017eevnosti\u201d"},"content":{"rendered":"\n<p>Fabrika knjiga, Beograd 2021, 222 str.<\/p>\n\n\n\n<hr class=\"wp-block-separator\"\/>\n\n\n\n<p>O autorki:<\/p>\n\n\n\n<p>Ana Kolari\u0107 ro\u0111ena je 1980. godine u Beogradu. Predaje na Filolo\u0161kom fakultetu Univerziteta u Beogradu. Bavi se feministi\u010dkom teorijom i kritikom, studijama kulture, te studijama periodike. U Fabrici knjiga objavila je 2017. studiju \u201cRod, modernost i emancipacija. Uredni\u010dke politike u \u010dasopisima \u2018\u017dena\u2019 (1911-1914) i \u2018The Freewoman\u2019 (1911\u20131912)\u201d.<\/p>\n\n\n\n<hr class=\"wp-block-separator\"\/>\n\n\n\n<p>O knjizi:<\/p>\n\n\n\n<p>\u201cJedan od klju\u010dnih uvida Ane Kolari\u0107 glasi \u2013 postavke koje su tokom 20-ih i 30-ih godina 20. veka bile artikulisane na stranicama \u2018\u017denskog pokreta\u2019 svoju poznatiju teorijsku elaboraciju i svoje akademsko priznanje dobijaju tek u drugoj polovini 20. veka.\u201d<\/p>\n\n\n\n<p>Stanislava Bara\u0107<\/p>\n\n\n\n<p>\u201cKnjiga \u2018Periodika u feministi\u010dkoj u\u010dionici\u2019 je pionirski poduhvat u doma\u0107oj feministi\u010dkoj pedagogiji i postavlja temelje za kreiranje budu\u0107ih i unapre\u0111enje postoje\u0107ih feministi\u010dkih u\u010dionica.\u201d<\/p>\n\n\n\n<p>Jelena Milinkovi\u0107<\/p>\n\n\n\n<p>\u201cOva knjiga otkriva knji\u017eevni i idejni svet \u2018\u017denskog pokreta\u2019 i kao zanimljiv i kao veoma aktuelan, a feministi\u010dku teoriju, kritiku i pedagogiju kao metode nezaobilazne u promi\u0161ljanju i kreiranju boljeg, solidarnijeg i pravednijeg dru\u0161tva.\u201d<\/p>\n\n\n\n<p>Tanja Petrovi\u0107<\/p>\n\n\n\n<hr class=\"wp-block-separator\"\/>\n\n\n\n<p>Izvor:<\/p>\n\n\n\n<p><a href=\"http:\/\/www.fabrikaknjiga.co.rs\/periodika-u-feministickoj-ucionici-casopis-zenski-pokret-1920-1938-i-studije-knjizevnosti\/\">http:\/\/www.fabrikaknjiga.co.rs\/periodika-u-feministickoj-ucionici-casopis-zenski-pokret-1920-1938-i-studije-knjizevnosti\/<\/a><\/p>\n\n\n\n<hr class=\"wp-block-separator\"\/>\n\n\n\n<p>Odjeci:<\/p>\n\n\n\n<p><a href=\"https:\/\/www.historiografija.ba\/article.php?id=483\">https:\/\/www.historiografija.ba\/article.php?id=483<\/a><\/p>\n\n\n\n<hr class=\"wp-block-separator\"\/>\n","protected":false},"excerpt":{"rendered":"","protected":false},"author":2,"featured_media":27080,"comment_status":"open","ping_status":"open","sticky":false,"template":"","format":"standard","meta":{"_acf_changed":false,"jetpack_post_was_ever_published":false,"_jetpack_newsletter_access":"","_jetpack_dont_email_post_to_subs":false,"_jetpack_newsletter_tier_id":0,"_jetpack_memberships_contains_paywalled_content":false,"_jetpack_memberships_contains_paid_content":false,"footnotes":"","jetpack_publicize_message":"","jetpack_publicize_feature_enabled":true,"jetpack_social_post_already_shared":true,"jetpack_social_options":{"image_generator_settings":{"template":"highway","default_image_id":0,"font":"","enabled":false},"version":2}},"categories":[21,8,3],"tags":[],"class_list":["post-27079","post","type-post","status-publish","format-standard","has-post-thumbnail","hentry","category-casopisi","category-knjige","category-novosti"],"acf":{"facebook_opis":""},"jetpack_publicize_connections":[],"jetpack_featured_media_url":"https:\/\/i0.wp.com\/historiografija.hr\/wp-content\/uploads\/2021\/08\/periodika-u-feministickoj-ucionici.jpg?fit=555%2C888&ssl=1","jetpack_sharing_enabled":true,"jetpack-related-posts":[],"_links":{"self":[{"href":"https:\/\/historiografija.hr\/index.php?rest_route=\/wp\/v2\/posts\/27079","targetHints":{"allow":["GET"]}}],"collection":[{"href":"https:\/\/historiografija.hr\/index.php?rest_route=\/wp\/v2\/posts"}],"about":[{"href":"https:\/\/historiografija.hr\/index.php?rest_route=\/wp\/v2\/types\/post"}],"author":[{"embeddable":true,"href":"https:\/\/historiografija.hr\/index.php?rest_route=\/wp\/v2\/users\/2"}],"replies":[{"embeddable":true,"href":"https:\/\/historiografija.hr\/index.php?rest_route=%2Fwp%2Fv2%2Fcomments&post=27079"}],"version-history":[{"count":1,"href":"https:\/\/historiografija.hr\/index.php?rest_route=\/wp\/v2\/posts\/27079\/revisions"}],"predecessor-version":[{"id":27081,"href":"https:\/\/historiografija.hr\/index.php?rest_route=\/wp\/v2\/posts\/27079\/revisions\/27081"}],"wp:featuredmedia":[{"embeddable":true,"href":"https:\/\/historiografija.hr\/index.php?rest_route=\/wp\/v2\/media\/27080"}],"wp:attachment":[{"href":"https:\/\/historiografija.hr\/index.php?rest_route=%2Fwp%2Fv2%2Fmedia&parent=27079"}],"wp:term":[{"taxonomy":"category","embeddable":true,"href":"https:\/\/historiografija.hr\/index.php?rest_route=%2Fwp%2Fv2%2Fcategories&post=27079"},{"taxonomy":"post_tag","embeddable":true,"href":"https:\/\/historiografija.hr\/index.php?rest_route=%2Fwp%2Fv2%2Ftags&post=27079"}],"curies":[{"name":"wp","href":"https:\/\/api.w.org\/{rel}","templated":true}]}}