{"id":27076,"date":"2021-08-02T17:04:02","date_gmt":"2021-08-02T17:04:02","guid":{"rendered":"http:\/\/historiografija.hr\/?p=27076"},"modified":"2021-08-02T17:04:02","modified_gmt":"2021-08-02T17:04:02","slug":"aleksandar-v-miletic-titov-emisar-milovan-dilas","status":"publish","type":"post","link":"https:\/\/historiografija.hr\/?p=27076","title":{"rendered":"Aleksandar V. Mileti\u0107, &#8220;Titov emisar Milovan \u0110ilas\u201d"},"content":{"rendered":"\n<p>Institut za noviju istoriju Srbije objavio je knjigu Aleksandra V. Mileti\u0107a \u201eTitov emisar Milovan \u0110ilas. Diplomatsko-pregovara\u010dke i spoljnopoliti\u010dke aktivnosti (1943-1953)\u201c.<\/p>\n\n\n\n<hr class=\"wp-block-separator\"\/>\n\n\n\n<p>Nova monografija Aleksandra V. Mileti\u0107a prati diplomatsko-pregovara\u010dke i spoljnopoliti\u010dke aktivnosti jednog od najuticajnijih ljudi jugoslovenskog revolucionarnog pokreta i poslijeratne socijalisti\u010dke Jugoslavije, Milovana \u0110ilasa, u periodu od 1943. do 1953. godine. Doga\u0111aji koje knjiga obuhvata su: Martovski pregovori izme\u0111u partizanskih i njema\u010dkih okupacionih snaga 1943. godine, prva vojna misija NOVJ u SSSR-u 1944. godine, osniva\u010dki skup Informbiroa 1947. godine, sastanci jugoslovenskih delegacija kod Staljina uo\u010di izbijanja jugoslovensko-sovjetskog sukoba 1948. godine, u\u010de\u0161\u0107e jugoslovenskih delegacija na \u010cetvrtom (Njujork, 1949) i \u0160estom (Pariz, 1951) zasjedanju GS OUN, tajni pregovori o pomo\u0107i u naoru\u017eanju u Londonu 1951. godine i u\u010de\u0161\u0107e jugoslovenske partijske delegacije na prvoj Azijskoj socijalisti\u010dkoj konferenciji u Rangunu (Burma) 1953. godine. Tako\u0111e, u knjizi je temeljno analiziran \u0110ilasov teoretsko-politi\u010dki rad i doprinos u oblikovanju nove jugoslovenske spoljnopoliti\u010dke orijentacije u dramati\u010dnim i prelomnim godinama nakon Rezolucije Informbiroa, a prikazan je detaljno i njegov ideolo\u0161ki portret do 1948. godine.<\/p>\n\n\n\n<hr class=\"wp-block-separator\"\/>\n\n\n\n<p><strong>O autoru:<\/strong><\/p>\n\n\n\n<p><strong>Aleksandar V. Mileti\u0107<\/strong> (Aleksinac, 1982) je nau\u010dni saradnik Instituta za noviju istoriju Srbije. Objavio vi\u0161e od dvadeset nau\u010dnih radova i monografiju \u201ePrelomna vremena. Milovan \u0110ilas i zapadnoevropska socijalisti\u010dka i socijaldemokratska levica 1950-1954\u201c. Oblasti nau\u010dnog interesovanja: istorija spoljne politike i diplomatije socijalisti\u010dke Jugoslavije i djelatnosti istorijskih li\u010dnosti. \u017divi i radi u Beogradu.<\/p>\n\n\n\n<hr class=\"wp-block-separator\"\/>\n\n\n\n<p>Bez svake sumnje, nau\u010dno veoma utemeljeno i u tematskom i idejnom smislu vrlo inspirativno, kolega Mileti\u0107 prati delatnost jedne istorijske li\u010dnosti kroz jedan od svakako najturbulentnijih perioda istorije socijalisti\u010dke jugoslovenske dr\u017eave, prepli\u0107u\u0107i je sa markantnim istorijskim doga\u0111ajima i grade\u0107i na taj na\u010din specifi\u010dan ugao posmatranja ovog va\u017enog segmenta istorijske pro\u0161losti. [\u2026] \u0160irok opseg istra\u017eiva\u010dkih pitanja vezanih za spoljnopoliti\u010dku delatnost Milovana \u0110ilasa su po na\u0161em mi\u0161ljenju uspe\u0161no na\u0161la nau\u010dne odgovore u rukopisu kolege Mileti\u0107a. Postavljaju\u0107i pred sebe veoma zahtevan zadatak da istra\u017ei i objasni delatnost \u0110ilasa u slo\u017eenom, istorijski sadr\u017eajnom i prelomnom periodu istorije spoljne politike socijalisti\u010dke Jugoslavije, autor je odgovorno i profesionalno pristupio problematici usko povezanoj sa najrazli\u010ditijim istorijskim doga\u0111ajima, koji i danas u nau\u010dnim krugovima neretko proizvode velike debate, polemike i neslaganja. [\u2026] Rezultati istra\u017eivanja kolege Mileti\u0107a, koji su prezentovani u rukopisu koji je pred nama, nesumnjivo su odgovorili zadatku i na uspe\u0161an na\u010din opisali i objasnili ulogu Milovana \u0110ilasa u diplomatko-pregovara\u010dkim i spoljnopoliti\u010dkim doga\u0111ajima u kojima je on sam igrao va\u017enu ulogu. U tom pogledu, na \u0110ilasovom primeru, sagledana je i va\u017enost uloge istorijskih li\u010dnosti u delikatnim politi\u010dkim zadacima.\u00a0\u00a0 \u00a0<br><br>Iz recenzije akademika Ljubodraga Dimi\u0107a<\/p>\n\n\n\n<hr class=\"wp-block-separator\"\/>\n\n\n\n<p>Sadr\u017eaj knjige:<\/p>\n\n\n\n<p><a href=\"https:\/\/www.inisbgd.co.rs\/cir\/vesti\/34\/2021\/07\/16\/nova-knjiga-aleksandra-v_-miletica-titov-emisar-milovan-djilas.html\">https:\/\/www.inisbgd.co.rs\/cir\/vesti\/34\/2021\/07\/16\/nova-knjiga-aleksandra-v_-miletica-titov-emisar-milovan-djilas.html<\/a><\/p>\n\n\n\n<hr class=\"wp-block-separator\"\/>\n\n\n\n<p>Izvori:<\/p>\n\n\n\n<p><a href=\"https:\/\/www.historiografija.ba\/article.php?id=477\">https:\/\/www.historiografija.ba\/article.php?id=477<\/a><\/p>\n\n\n\n<p><a href=\"https:\/\/www.inisbgd.co.rs\/lat\/vesti\/9\/2021\/07\/16\/nova-knjiga-aleksandra-v_-miletica-titov-emisar-milovan-dilas.html\">https:\/\/www.inisbgd.co.rs\/lat\/vesti\/9\/2021\/07\/16\/nova-knjiga-aleksandra-v_-miletica-titov-emisar-milovan-dilas.html<\/a><\/p>\n\n\n\n<hr class=\"wp-block-separator\"\/>\n","protected":false},"excerpt":{"rendered":"","protected":false},"author":2,"featured_media":27077,"comment_status":"open","ping_status":"open","sticky":false,"template":"","format":"standard","meta":{"_acf_changed":false,"jetpack_post_was_ever_published":false,"_jetpack_newsletter_access":"","_jetpack_dont_email_post_to_subs":false,"_jetpack_newsletter_tier_id":0,"_jetpack_memberships_contains_paywalled_content":false,"_jetpack_memberships_contains_paid_content":false,"footnotes":"","jetpack_publicize_message":"","jetpack_publicize_feature_enabled":true,"jetpack_social_post_already_shared":true,"jetpack_social_options":{"image_generator_settings":{"template":"highway","default_image_id":0,"font":"","enabled":false},"version":2}},"categories":[8,3],"tags":[],"class_list":["post-27076","post","type-post","status-publish","format-standard","has-post-thumbnail","hentry","category-knjige","category-novosti"],"acf":{"facebook_opis":""},"jetpack_publicize_connections":[],"jetpack_featured_media_url":"https:\/\/i0.wp.com\/historiografija.hr\/wp-content\/uploads\/2021\/08\/Djilas.jpg?fit=450%2C675&ssl=1","jetpack_sharing_enabled":true,"jetpack-related-posts":[],"_links":{"self":[{"href":"https:\/\/historiografija.hr\/index.php?rest_route=\/wp\/v2\/posts\/27076","targetHints":{"allow":["GET"]}}],"collection":[{"href":"https:\/\/historiografija.hr\/index.php?rest_route=\/wp\/v2\/posts"}],"about":[{"href":"https:\/\/historiografija.hr\/index.php?rest_route=\/wp\/v2\/types\/post"}],"author":[{"embeddable":true,"href":"https:\/\/historiografija.hr\/index.php?rest_route=\/wp\/v2\/users\/2"}],"replies":[{"embeddable":true,"href":"https:\/\/historiografija.hr\/index.php?rest_route=%2Fwp%2Fv2%2Fcomments&post=27076"}],"version-history":[{"count":1,"href":"https:\/\/historiografija.hr\/index.php?rest_route=\/wp\/v2\/posts\/27076\/revisions"}],"predecessor-version":[{"id":27078,"href":"https:\/\/historiografija.hr\/index.php?rest_route=\/wp\/v2\/posts\/27076\/revisions\/27078"}],"wp:featuredmedia":[{"embeddable":true,"href":"https:\/\/historiografija.hr\/index.php?rest_route=\/wp\/v2\/media\/27077"}],"wp:attachment":[{"href":"https:\/\/historiografija.hr\/index.php?rest_route=%2Fwp%2Fv2%2Fmedia&parent=27076"}],"wp:term":[{"taxonomy":"category","embeddable":true,"href":"https:\/\/historiografija.hr\/index.php?rest_route=%2Fwp%2Fv2%2Fcategories&post=27076"},{"taxonomy":"post_tag","embeddable":true,"href":"https:\/\/historiografija.hr\/index.php?rest_route=%2Fwp%2Fv2%2Ftags&post=27076"}],"curies":[{"name":"wp","href":"https:\/\/api.w.org\/{rel}","templated":true}]}}