{"id":27066,"date":"2021-07-30T16:55:51","date_gmt":"2021-07-30T16:55:51","guid":{"rendered":"http:\/\/historiografija.hr\/?p=27066"},"modified":"2021-07-30T21:13:13","modified_gmt":"2021-07-30T21:13:13","slug":"preminula-povjesnicarka-susan-reynolds-1929-2021","status":"publish","type":"post","link":"https:\/\/historiografija.hr\/?p=27066","title":{"rendered":"Preminula povjesni\u010darka Susan Reynolds (1929-2021)"},"content":{"rendered":"\n<p>Portal Historiografija.ba obavijestio je o smrti britanske povjesni\u010darke Susan Reynolds (1929-2021), medievistice koja je polemizirala s tada prevladavaju\u0107im predod\u017ebama o feudalizmu. Na hrvatskom je objavljen njezin tekst \u201cZajednica kraljevstva\u201d (preveo s engleskog Mladen An\u010di\u0107, u<em>: Glasje<\/em>, 6, 1999, 11\/12, str. 18-26).<\/p>\n\n\n\n<hr class=\"wp-block-separator\"\/>\n\n\n\n<p>Nedim Rabi\u0107 <\/p>\n\n\n\n<p><strong>Susan Reynolds (1929-2021)<\/strong><\/p>\n\n\n\n<p><a href=\"https:\/\/www.historiografija.ba\/article.php?id=549\">https:\/\/www.historiografija.ba\/article.php?id=549<\/a><\/p>\n\n\n\n<hr class=\"wp-block-separator\"\/>\n\n\n\n<p><strong>In memory of Susan Reynolds (1929-2021)<\/strong><\/p>\n\n\n\n<p><a href=\"https:\/\/www.lmh.ox.ac.uk\/news\/memory-susan-reynolds-1929-2021-fba-frhists\">https:\/\/www.lmh.ox.ac.uk\/news\/memory-susan-reynolds-1929-2021-fba-frhists<\/a><\/p>\n\n\n\n<hr class=\"wp-block-separator\"\/>\n\n\n\n<p><strong>Dodatne informacije i poveznice:<\/strong><\/p>\n\n\n\n<p><a href=\"https:\/\/en.wikipedia.org\/wiki\/Susan_Reynolds\">https:\/\/en.wikipedia.org\/wiki\/Susan_Reynolds<\/a><\/p>\n\n\n\n<hr class=\"wp-block-separator\"\/>\n","protected":false},"excerpt":{"rendered":"","protected":false},"author":2,"featured_media":27067,"comment_status":"open","ping_status":"open","sticky":false,"template":"","format":"standard","meta":{"_acf_changed":false,"jetpack_post_was_ever_published":false,"_jetpack_newsletter_access":"","_jetpack_dont_email_post_to_subs":false,"_jetpack_newsletter_tier_id":0,"_jetpack_memberships_contains_paywalled_content":false,"_jetpack_memberships_contains_paid_content":false,"footnotes":"","jetpack_publicize_message":"","jetpack_publicize_feature_enabled":true,"jetpack_social_post_already_shared":true,"jetpack_social_options":{"image_generator_settings":{"template":"highway","default_image_id":0,"font":"","enabled":false},"version":2}},"categories":[3,20],"tags":[],"class_list":["post-27066","post","type-post","status-publish","format-standard","has-post-thumbnail","hentry","category-novosti","category-obavijesti-o-smrti-i-nekrolozi"],"acf":{"facebook_opis":""},"jetpack_publicize_connections":[],"jetpack_featured_media_url":"https:\/\/i0.wp.com\/historiografija.hr\/wp-content\/uploads\/2021\/07\/Reynolds_Susan.jpg?fit=333%2C450&ssl=1","jetpack_sharing_enabled":true,"jetpack-related-posts":[],"_links":{"self":[{"href":"https:\/\/historiografija.hr\/index.php?rest_route=\/wp\/v2\/posts\/27066","targetHints":{"allow":["GET"]}}],"collection":[{"href":"https:\/\/historiografija.hr\/index.php?rest_route=\/wp\/v2\/posts"}],"about":[{"href":"https:\/\/historiografija.hr\/index.php?rest_route=\/wp\/v2\/types\/post"}],"author":[{"embeddable":true,"href":"https:\/\/historiografija.hr\/index.php?rest_route=\/wp\/v2\/users\/2"}],"replies":[{"embeddable":true,"href":"https:\/\/historiografija.hr\/index.php?rest_route=%2Fwp%2Fv2%2Fcomments&post=27066"}],"version-history":[{"count":2,"href":"https:\/\/historiografija.hr\/index.php?rest_route=\/wp\/v2\/posts\/27066\/revisions"}],"predecessor-version":[{"id":27069,"href":"https:\/\/historiografija.hr\/index.php?rest_route=\/wp\/v2\/posts\/27066\/revisions\/27069"}],"wp:featuredmedia":[{"embeddable":true,"href":"https:\/\/historiografija.hr\/index.php?rest_route=\/wp\/v2\/media\/27067"}],"wp:attachment":[{"href":"https:\/\/historiografija.hr\/index.php?rest_route=%2Fwp%2Fv2%2Fmedia&parent=27066"}],"wp:term":[{"taxonomy":"category","embeddable":true,"href":"https:\/\/historiografija.hr\/index.php?rest_route=%2Fwp%2Fv2%2Fcategories&post=27066"},{"taxonomy":"post_tag","embeddable":true,"href":"https:\/\/historiografija.hr\/index.php?rest_route=%2Fwp%2Fv2%2Ftags&post=27066"}],"curies":[{"name":"wp","href":"https:\/\/api.w.org\/{rel}","templated":true}]}}