{"id":27044,"date":"2021-07-29T18:55:55","date_gmt":"2021-07-29T18:55:55","guid":{"rendered":"http:\/\/historiografija.hr\/?p=27044"},"modified":"2021-07-29T18:55:55","modified_gmt":"2021-07-29T18:55:55","slug":"denis-rodier-laurent-frederic-bollee-alcante-bomba","status":"publish","type":"post","link":"https:\/\/historiografija.hr\/?p=27044","title":{"rendered":"Denis Rodier \/ Laurent-Frederic Bollee \/ Alcante, \u201cBomba\u201d"},"content":{"rendered":"\n<p>&#8220;SADA SAM POSTAO SMRT, UNI\u0160TAVA\u010c SVJETOVA.&#8221;<br><br>6. kolovoza 1945. atomska bomba uni\u0161tava Hiro\u0161imu. Katastrofa povijesnih razmjera okon\u010dava rat, uvode\u0107i \u010dovje\u010danstvo u novo doba. Ali u kakvim se okolnostima bomba proizvela? \u0160to je dovelo do njezina bacanja? I za\u0161to ba\u0161 na Hiro\u0161imu? Koji su protagonisti, znani i neznani, sudjelovali u toj drami? Kakve su bile posljedice eksplozije? Kakvu su sudbinu iskusile \u017ertve? Od rudnika uranija u Katangi, preko Japana, Njema\u010dke, Engleske, Norve\u0161ke, do SSSR-a i SAD-a; od laboratorija u Los Alamosu do tihooceanskih bombardera, ovo je&#8230;<br><br>NEVJEROJATNA, ISTINITA PRI\u010cA O ATOMSKOJ BOMBI!<\/p>\n\n\n\n<hr class=\"wp-block-separator\"\/>\n\n\n\n<p>Format 215 x 280 mm<\/p>\n\n\n\n<p>Broj stranica 472<\/p>\n\n\n\n<p>Boja Crno-bijelo<\/p>\n\n\n\n<p>Uvez Tvrdi uvez<\/p>\n\n\n\n<p>Te\u017eina 1,936 kg<\/p>\n\n\n\n<p>ISBN 978-953-321-573-0<\/p>\n\n\n\n<p>Objavljeno 20.5.2021.<\/p>\n\n\n\n<p>Scenarij Alcante<\/p>\n\n\n\n<p>Laurent-Frederic Bollee<\/p>\n\n\n\n<p>Crte\u017e Denis Rodier<\/p>\n\n\n\n<p>Prijevod Tony \u0160ercer<\/p>\n\n\n\n<p>Lektura Aleksandar Gucunski<\/p>\n\n\n\n<p>Dizajn Melina Mikuli\u0107<\/p>\n\n\n\n<hr class=\"wp-block-separator\"\/>\n\n\n\n<p>Besplatno pro\u010ditajte ogledne stranice stripa:<\/p>\n\n\n\n<p><a href=\"https:\/\/www.fibra.hr\/katalog\/izdanja\/orka-47-bomba\/702\/\">https:\/\/www.fibra.hr\/katalog\/izdanja\/orka-47-bomba\/702\/<\/a><\/p>\n\n\n\n<hr class=\"wp-block-separator\"\/>\n","protected":false},"excerpt":{"rendered":"","protected":false},"author":2,"featured_media":27045,"comment_status":"open","ping_status":"open","sticky":false,"template":"","format":"standard","meta":{"_acf_changed":false,"jetpack_post_was_ever_published":false,"_jetpack_newsletter_access":"","_jetpack_dont_email_post_to_subs":false,"_jetpack_newsletter_tier_id":0,"_jetpack_memberships_contains_paywalled_content":false,"_jetpack_memberships_contains_paid_content":false,"footnotes":"","jetpack_publicize_message":"","jetpack_publicize_feature_enabled":true,"jetpack_social_post_already_shared":true,"jetpack_social_options":{"image_generator_settings":{"template":"highway","default_image_id":0,"font":"","enabled":false},"version":2}},"categories":[3,12],"tags":[],"class_list":["post-27044","post","type-post","status-publish","format-standard","has-post-thumbnail","hentry","category-novosti","category-knjizevnost"],"acf":{"facebook_opis":""},"jetpack_publicize_connections":[],"jetpack_featured_media_url":"https:\/\/i0.wp.com\/historiografija.hr\/wp-content\/uploads\/2021\/07\/Bomba.jpg?fit=600%2C800&ssl=1","jetpack_sharing_enabled":true,"jetpack-related-posts":[],"_links":{"self":[{"href":"https:\/\/historiografija.hr\/index.php?rest_route=\/wp\/v2\/posts\/27044","targetHints":{"allow":["GET"]}}],"collection":[{"href":"https:\/\/historiografija.hr\/index.php?rest_route=\/wp\/v2\/posts"}],"about":[{"href":"https:\/\/historiografija.hr\/index.php?rest_route=\/wp\/v2\/types\/post"}],"author":[{"embeddable":true,"href":"https:\/\/historiografija.hr\/index.php?rest_route=\/wp\/v2\/users\/2"}],"replies":[{"embeddable":true,"href":"https:\/\/historiografija.hr\/index.php?rest_route=%2Fwp%2Fv2%2Fcomments&post=27044"}],"version-history":[{"count":1,"href":"https:\/\/historiografija.hr\/index.php?rest_route=\/wp\/v2\/posts\/27044\/revisions"}],"predecessor-version":[{"id":27046,"href":"https:\/\/historiografija.hr\/index.php?rest_route=\/wp\/v2\/posts\/27044\/revisions\/27046"}],"wp:featuredmedia":[{"embeddable":true,"href":"https:\/\/historiografija.hr\/index.php?rest_route=\/wp\/v2\/media\/27045"}],"wp:attachment":[{"href":"https:\/\/historiografija.hr\/index.php?rest_route=%2Fwp%2Fv2%2Fmedia&parent=27044"}],"wp:term":[{"taxonomy":"category","embeddable":true,"href":"https:\/\/historiografija.hr\/index.php?rest_route=%2Fwp%2Fv2%2Fcategories&post=27044"},{"taxonomy":"post_tag","embeddable":true,"href":"https:\/\/historiografija.hr\/index.php?rest_route=%2Fwp%2Fv2%2Ftags&post=27044"}],"curies":[{"name":"wp","href":"https:\/\/api.w.org\/{rel}","templated":true}]}}