{"id":27041,"date":"2021-07-28T20:59:08","date_gmt":"2021-07-28T20:59:08","guid":{"rendered":"http:\/\/historiografija.hr\/?p=27041"},"modified":"2021-07-28T20:59:08","modified_gmt":"2021-07-28T20:59:08","slug":"engaging-with-historical-traumas-experiential-learning-and-pedagogies-of-resilience","status":"publish","type":"post","link":"https:\/\/historiografija.hr\/?p=27041","title":{"rendered":"Engaging with Historical Traumas: Experiential Learning and Pedagogies of Resilience"},"content":{"rendered":"\n<p>Edited By Nena Mo\u010dnik, Ger Duijzings, Hanna Meretoja, Bonface Njeresa Beti<\/p>\n\n\n\n<p>This book provides case-studies of how teachers and practitioners have attempted to develop more effective \u2018experiential learning\u2019 strategies in order to better equip students for their voluntary engagements in communities, working for sustainable peace and a tolerant society free of discrimination.<\/p>\n\n\n\n<p>All chapters revolve around this central theme, testing and trying various paradigms and experimenting with different practices, in a wide range of geographical and historical arenas. They demonstrate the innovative potentials of connecting know-how from different disciplines and combining experiences from various practitioners in this field of shaping historical memory, including non-formal and formal sectors of education, non-governmental workers, professionals from memorial sites and museums, local and global activists, artists, and engaged individuals. In so doing, they address the topic of collective historical traumas in ways that go beyond conventional classroom methods.<\/p>\n\n\n\n<p>Interdisciplinary in approach, the book provides a combination of theoretical reflections and concrete pedagogical suggestions that will appeal to educators working across history, sociology, political science, peace education and civil awareness education, as well as memory activists and remembrance practitioners.<\/p>\n\n\n\n<hr class=\"wp-block-separator\"\/>\n\n\n\n<p>Published July 13, 2021 by Routledge<\/p>\n\n\n\n<p>292 Pages 22 B\/W Illustrations<\/p>\n\n\n\n<hr class=\"wp-block-separator\"\/>\n\n\n\n<p><strong>Table of Contents<\/strong><\/p>\n\n\n\n<p>Introduction<\/p>\n\n\n\n<p><strong>Part 1: Creative Engagements with \u2018Ghosts from the Past\u2019 in Traditional Classroom Contexts<\/strong><\/p>\n\n\n\n<p>1. Why would you use a Fascist Greeting to Celebrate a Football Victory? Discussing Historical Revisionism and Genocide Memory with Danish High School Teenagers<\/p>\n\n\n\n<p><em>Tea Sindb\u00e6k Andersen and Tippe Eisner<\/em><\/p>\n\n\n\n<p>2. Breaking the Nationalistic Master-Narrative: The Case of Teaching History in Contemporary Croatia<\/p>\n\n\n\n<p><em>Stevo Djura\u0161kovi\u0107<\/em><\/p>\n\n\n\n<p>3. Fictional Family Tree: Storytelling and Short Film Project<\/p>\n\n\n\n<p><em>Elina M\u00e4kil\u00e4 and Taina Kilpel\u00e4<\/em><\/p>\n\n\n\n<p><em>4. <\/em>From Traditional to the Moving Classroom: Empathy as a Key Component of the Classroom Teaching<\/p>\n\n\n\n<p><em>Alma Jefti\u0107<\/em><\/p>\n\n\n\n<p><strong>Part 2: Places of Pain as Sites of Critical Knowledge Production<\/strong><\/p>\n\n\n\n<p>5. The Last Ones: Serbian and Russian Prisoners on the Alpine Front<\/p>\n\n\n\n<p><em>Niccol\u00f2 Caranti, Luisa Chiodi, and Marco Abra<\/em>m<\/p>\n\n\n\n<p>6. #Never Forget: Teaching Trauma Experience at Historical Places<\/p>\n\n\n\n<p><strong><em>N<\/em><\/strong><em>eringa Latvyt\u0117<\/em><\/p>\n\n\n\n<p>7. Exploring the 1991 Battle of Vukovar through experiential learning<\/p>\n\n\n\n<p><em>Sandra Cviki\u0107<\/em><\/p>\n\n\n\n<p>8. Speak Your Mind but Mind Your Speech<\/p>\n\n\n\n<p><em>Benedikt Hielscher<\/em><\/p>\n\n\n\n<p><strong>Part 3: Using Artistic Strategies to Respond, Reflect, and Overcome<\/strong><\/p>\n\n\n\n<p>9. Atomic Poetry and Active Learning: From Japan to Newfoundland<\/p>\n\n\n\n<p><em>Shoshannah Ganz<\/em><\/p>\n\n\n\n<p>10. &#8220;Through the Refugee\u2019s Eyes\u2019: Experiences with the Experiential and Interactive Theatre Show<\/p>\n\n\n\n<p><em>Manca \u0160etinc Vernik<\/em><\/p>\n\n\n\n<p>11. The Gestalt of Historical Research, Art, and Education: The Circus Theme and Performing Arts in Remembering the Tyranny of the National Socialist Regime<\/p>\n\n\n\n<p><em>Malte Gasche<\/em><\/p>\n\n\n\n<p><strong>Part 4: Healing and Embodied Strategies of Learning<\/strong><\/p>\n\n\n\n<p>12. Utilising the Breath as an Experiential Tool to Teach, Learn and Manage Trauma<\/p>\n\n\n\n<p><em>Anna Walker<\/em><\/p>\n\n\n\n<p>13. Art Therapy and Integral Education with Traumatized Youths in Bosnia and Herzegovina<\/p>\n\n\n\n<p><em>Anna Druka and Hannah Scaramella<\/em><\/p>\n\n\n\n<p>14. Poetry Against Trump: Shared Experience and Creative Resistance<\/p>\n\n\n\n<p><em>Adam Beardsworths<\/em><\/p>\n\n\n\n<p><strong>Part 5: Playing (with) the Past, Rehearsing (for) the Future<\/strong><\/p>\n\n\n\n<p>15. Performative Experiential Learning Strategies: Reenacting the Historical, Enacting the Everyday<\/p>\n\n\n\n<p><em>Ger Duijzings, Frederik Lange, and Eva-Maria Walther<\/em><\/p>\n\n\n\n<p>16. Escaping the Thucydides Trap in IR class<\/p>\n\n\n\n<p><em>Mikael Mattlin<\/em><\/p>\n\n\n\n<p>17. Designing Videogames for Teaching about Transmission of Historical Traumas: A Case Study of <em>Memory Gliders<\/em><\/p>\n\n\n\n<p><em>Nena Mo\u010dnik<\/em><\/p>\n\n\n\n<p>18. In Memory of <em>Memory Gliders<\/em>: Preservation of EU-Funded Serious Games as Digital Heritage<\/p>\n\n\n\n<p><em>Maria B. Garda and Jaakko Suominen<\/em><\/p>\n\n\n\n<hr class=\"wp-block-separator\"\/>\n\n\n\n<h4 class=\"wp-block-heading\">Editor(s)<\/h4>\n\n\n\n<h3 class=\"wp-block-heading\">Biography<\/h3>\n\n\n\n<p><strong>Nena Mo\u010dnik<\/strong> is a researcher at CY Cergy Paris Universit\u00e9, France. She is the author of \u201cSexuality after War Rape: From Embodied to Narrative Research\u201d and \u201cTrauma Transmission and Sexual Violence: Peacebuilding and Reconciliation in Post-Conflict Societies.\u201d<\/p>\n\n\n\n<p><strong>Ger Duijzings&nbsp;<\/strong>is Professor of Social Anthropology&nbsp;(with focus on southeastern and eastern Europe)&nbsp;at Universit\u00e4t Regensburg, Germany. He has published extensively on the conflicts in the former Yugoslavia, and was a researcher and expert witness at the International Criminal Tribunal for the former Yugoslavia (ICTY).<\/p>\n\n\n\n<p><strong>Hanna Meretoja<\/strong>&nbsp;is Professor of Comparative Literature and Director of SELMA: Centre for the Study of Storytelling, Experientiality and Memory at the University of Turku, Finland. She has authored&nbsp;<em>The Ethics of Storytelling&nbsp;<\/em>(2018) and co-edited (with Colin Davis)&nbsp;<em>The Routledge Companion to Literature and Trauma<\/em>&nbsp;(2020).<\/p>\n\n\n\n<p><strong>Bonface Njeresa Beti<\/strong> is an African multidisciplinary practitioner. He has co-published book chapters and journal articles. He is a committee member of NADTA and board member of Pedagogy and Theatre of the Oppressed. He has an\u00a0MA degree in Peace and Conflict Studies from the University of Manitoba in Canada and has been admitted to the European Graduate School to pursue his PHD.<\/p>\n\n\n\n<hr class=\"wp-block-separator\"\/>\n\n\n\n<p><a href=\"https:\/\/www.routledge.com\/Engaging-with-Historical-Traumas-Experiential-Learning-and-Pedagogies-of\/Mocnik-Duijzings-Meretoja-Beti\/p\/book\/9780367496159\">https:\/\/www.routledge.com\/Engaging-with-Historical-Traumas-Experiential-Learning-and-Pedagogies-of\/Mocnik-Duijzings-Meretoja-Beti\/p\/book\/9780367496159<\/a><\/p>\n\n\n\n<hr class=\"wp-block-separator\"\/>\n","protected":false},"excerpt":{"rendered":"","protected":false},"author":2,"featured_media":27042,"comment_status":"open","ping_status":"open","sticky":false,"template":"","format":"standard","meta":{"_acf_changed":false,"jetpack_post_was_ever_published":false,"_jetpack_newsletter_access":"","_jetpack_dont_email_post_to_subs":false,"_jetpack_newsletter_tier_id":0,"_jetpack_memberships_contains_paywalled_content":false,"_jetpack_memberships_contains_paid_content":false,"footnotes":"","jetpack_publicize_message":"","jetpack_publicize_feature_enabled":true,"jetpack_social_post_already_shared":true,"jetpack_social_options":{"image_generator_settings":{"template":"highway","default_image_id":0,"font":"","enabled":false},"version":2}},"categories":[8,3],"tags":[],"class_list":["post-27041","post","type-post","status-publish","format-standard","has-post-thumbnail","hentry","category-knjige","category-novosti"],"acf":{"facebook_opis":""},"jetpack_publicize_connections":[],"jetpack_featured_media_url":"https:\/\/i0.wp.com\/historiografija.hr\/wp-content\/uploads\/2021\/07\/Historical-Traumas.jpg?fit=350%2C535&ssl=1","jetpack_sharing_enabled":true,"jetpack-related-posts":[],"_links":{"self":[{"href":"https:\/\/historiografija.hr\/index.php?rest_route=\/wp\/v2\/posts\/27041","targetHints":{"allow":["GET"]}}],"collection":[{"href":"https:\/\/historiografija.hr\/index.php?rest_route=\/wp\/v2\/posts"}],"about":[{"href":"https:\/\/historiografija.hr\/index.php?rest_route=\/wp\/v2\/types\/post"}],"author":[{"embeddable":true,"href":"https:\/\/historiografija.hr\/index.php?rest_route=\/wp\/v2\/users\/2"}],"replies":[{"embeddable":true,"href":"https:\/\/historiografija.hr\/index.php?rest_route=%2Fwp%2Fv2%2Fcomments&post=27041"}],"version-history":[{"count":1,"href":"https:\/\/historiografija.hr\/index.php?rest_route=\/wp\/v2\/posts\/27041\/revisions"}],"predecessor-version":[{"id":27043,"href":"https:\/\/historiografija.hr\/index.php?rest_route=\/wp\/v2\/posts\/27041\/revisions\/27043"}],"wp:featuredmedia":[{"embeddable":true,"href":"https:\/\/historiografija.hr\/index.php?rest_route=\/wp\/v2\/media\/27042"}],"wp:attachment":[{"href":"https:\/\/historiografija.hr\/index.php?rest_route=%2Fwp%2Fv2%2Fmedia&parent=27041"}],"wp:term":[{"taxonomy":"category","embeddable":true,"href":"https:\/\/historiografija.hr\/index.php?rest_route=%2Fwp%2Fv2%2Fcategories&post=27041"},{"taxonomy":"post_tag","embeddable":true,"href":"https:\/\/historiografija.hr\/index.php?rest_route=%2Fwp%2Fv2%2Ftags&post=27041"}],"curies":[{"name":"wp","href":"https:\/\/api.w.org\/{rel}","templated":true}]}}