{"id":27031,"date":"2021-07-28T20:30:06","date_gmt":"2021-07-28T20:30:06","guid":{"rendered":"http:\/\/historiografija.hr\/?p=27031"},"modified":"2021-07-28T20:30:06","modified_gmt":"2021-07-28T20:30:06","slug":"izlozba-produkt-design-i-unikati-jugokeramike-inkera-iz-zbirke-politeo","status":"publish","type":"post","link":"https:\/\/historiografija.hr\/?p=27031","title":{"rendered":"Izlo\u017eba \u201cProdukt design i unikati Jugokeramike\/Inkera iz zbirke Politeo\u201d"},"content":{"rendered":"\n<p>Na izlo\u017ebi <strong><em>\u201cProdukt design i unikati Jugokeramike\/Inkera iz zbirke Politeo\u2033<\/em><\/strong> (otvorenoj 26.6.2021. u Muzeju Matija Skurjeni u Zapre\u0161i\u0107u) prezentiramo stru\u010dnoj i \u0161iroj javnosti jedinstvenu zbirku vrhunskog produkt dizajna, nekada najva\u017enije tvornice porculana privatne i profesionalne namjene.<\/p>\n\n\n\n<p>Odjel prototipova Jugokeramike djelovao je u zapre\u0161i\u0107koj tvornici od 1953. godine, a kreativnu su jezgru \u010dinile \u010detiri samozatajne dizajnerice: <strong>Jelena Antol\u010di\u0107<\/strong>, <strong>Anica Kuhta Severin<\/strong>, <strong>Dragica Perha\u010d<\/strong> i<strong> Marta \u0160ribar<\/strong>.<\/p>\n\n\n\n<p>Posebnost izlo\u017ebe na kojoj \u0107emo vidjeti, pored poznatih porculanskih kompleta za jadranske hotele, tvornice <strong><em>Franck<\/em><\/strong>, <strong><em>Prodex<\/em><\/strong>, <strong><em>Univerzijadu 87<\/em><\/strong>, 20-ak unikatnih zdijela ra\u0111enih kao ekskluzivni poklon za strane dr\u017eavne delegacije. Zbirka Politeo posjeduje unikatne &nbsp;predmete Jugokeramike\/Inkera kakve ne posjeduju nacionalni muzeji\u2026\u02ee<em>Danas, kada pogledamo relevantne stru\u010dne informacije, otkrivamo svjetsku vrijednost i va\u017enost produkt dizajna &nbsp;Jugokeramike\/Inkera, koja je na\u017ealost zaboravljena u suvremenom nacionalnom kontekstu i potpuno nepoznata i marginalizirana u svjetskim sintezama dizajna 2. pol. 20. st. Iako je tvornica marketin\u0161ki bila hendikepirana, plansko-partijski vo\u0111ena, neambiciozno oslonjena primarno na tzv. \u02eedoma\u0107e\u02ee tr\u017ei\u0161te, u dizajnerskom (o)dijelu nije nimalo zaostajala za poznatim skandinavskim, talijanskim brendovima ili jednim legendarnim <strong>Rosenthalom<\/strong>. Unikatni predmeti svjedo\u010de kako je vrhunski dizajn, naoko sekundarnih predmeta, umjetni\u010dki doveden na nivo jedne manje minuciozne staklene, kerami\u010dke ili porculanske skulpture. Virtuoznost i kreativnost dizajnerica-umjetnica i njihova rje\u0161enja, iz vremena kad je tehnolo\u0161ki sve ra\u0111eno, bez ra\u010dunala, u manufakturnim uvjetima jednog sirovog kolektivizma, danas jo\u0161 vi\u0161e fascinira\u02ee.<\/em> (<strong>Ante \u017daja<\/strong>, iz predgovora kataloga izlo\u017ebe).<\/p>\n\n\n\n<p>Izlo\u017eba \u0107e biti otvorena do 25. kolovoza 2021.<\/p>\n\n\n\n<hr class=\"wp-block-separator\"\/>\n\n\n\n<p>Izvor i dodatne informacije:<\/p>\n\n\n\n<p><a href=\"http:\/\/muzej-matija-skurjeni.hr\/2021\/06\/17\/otvorenje-izlozbe-produkt-design-i-unikati-jugokeramikeinkera-iz-zbirke-politeo%E2%80%B3-otvorenje-26-6-2021-u-1900-sati\/\">http:\/\/muzej-matija-skurjeni.hr\/2021\/06\/17\/otvorenje-izlozbe-produkt-design-i-unikati-jugokeramikeinkera-iz-zbirke-politeo%E2%80%B3-otvorenje-26-6-2021-u-1900-sati\/<\/a><\/p>\n\n\n\n<p><a href=\"https:\/\/muzej-matija-skurjeni.hr\/2021\/06\/30\/otvorena-izlozba-produkt-design-i-unikati-jugokeramikeinkera-iz-zbirke-politeo%E2%80%B3\/\">https:\/\/muzej-matija-skurjeni.hr\/2021\/06\/30\/otvorena-izlozba-produkt-design-i-unikati-jugokeramikeinkera-iz-zbirke-politeo%E2%80%B3\/<\/a><\/p>\n\n\n\n<hr class=\"wp-block-separator\"\/>\n\n\n\n<p>Iz medija:<\/p>\n\n\n\n<p><a href=\"https:\/\/www.jutarnji.hr\/kultura\/art\/jedna-od-djevojaka-iz-jugokeramike-zivotna-prica-zene-koja-je-mijenjala-hrvatski-dizajn-15087022\">https:\/\/www.jutarnji.hr\/kultura\/art\/jedna-od-djevojaka-iz-jugokeramike-zivotna-prica-zene-koja-je-mijenjala-hrvatski-dizajn-15087022<\/a><\/p>\n\n\n\n<hr class=\"wp-block-separator\"\/>\n","protected":false},"excerpt":{"rendered":"","protected":false},"author":2,"featured_media":27032,"comment_status":"open","ping_status":"open","sticky":false,"template":"","format":"standard","meta":{"_acf_changed":false,"jetpack_post_was_ever_published":false,"_jetpack_newsletter_access":"","_jetpack_dont_email_post_to_subs":false,"_jetpack_newsletter_tier_id":0,"_jetpack_memberships_contains_paywalled_content":false,"_jetpack_memberships_contains_paid_content":false,"footnotes":"","jetpack_publicize_message":"","jetpack_publicize_feature_enabled":true,"jetpack_social_post_already_shared":true,"jetpack_social_options":{"image_generator_settings":{"template":"highway","default_image_id":0,"font":"","enabled":false},"version":2}},"categories":[10,3],"tags":[],"class_list":["post-27031","post","type-post","status-publish","format-standard","has-post-thumbnail","hentry","category-izlozbe","category-novosti"],"acf":{"facebook_opis":""},"jetpack_publicize_connections":[],"jetpack_featured_media_url":"https:\/\/i0.wp.com\/historiografija.hr\/wp-content\/uploads\/2021\/07\/Inker_1960.jpg?fit=929%2C447&ssl=1","jetpack_sharing_enabled":true,"jetpack-related-posts":[],"_links":{"self":[{"href":"https:\/\/historiografija.hr\/index.php?rest_route=\/wp\/v2\/posts\/27031","targetHints":{"allow":["GET"]}}],"collection":[{"href":"https:\/\/historiografija.hr\/index.php?rest_route=\/wp\/v2\/posts"}],"about":[{"href":"https:\/\/historiografija.hr\/index.php?rest_route=\/wp\/v2\/types\/post"}],"author":[{"embeddable":true,"href":"https:\/\/historiografija.hr\/index.php?rest_route=\/wp\/v2\/users\/2"}],"replies":[{"embeddable":true,"href":"https:\/\/historiografija.hr\/index.php?rest_route=%2Fwp%2Fv2%2Fcomments&post=27031"}],"version-history":[{"count":1,"href":"https:\/\/historiografija.hr\/index.php?rest_route=\/wp\/v2\/posts\/27031\/revisions"}],"predecessor-version":[{"id":27033,"href":"https:\/\/historiografija.hr\/index.php?rest_route=\/wp\/v2\/posts\/27031\/revisions\/27033"}],"wp:featuredmedia":[{"embeddable":true,"href":"https:\/\/historiografija.hr\/index.php?rest_route=\/wp\/v2\/media\/27032"}],"wp:attachment":[{"href":"https:\/\/historiografija.hr\/index.php?rest_route=%2Fwp%2Fv2%2Fmedia&parent=27031"}],"wp:term":[{"taxonomy":"category","embeddable":true,"href":"https:\/\/historiografija.hr\/index.php?rest_route=%2Fwp%2Fv2%2Fcategories&post=27031"},{"taxonomy":"post_tag","embeddable":true,"href":"https:\/\/historiografija.hr\/index.php?rest_route=%2Fwp%2Fv2%2Ftags&post=27031"}],"curies":[{"name":"wp","href":"https:\/\/api.w.org\/{rel}","templated":true}]}}