{"id":27027,"date":"2021-07-27T16:37:57","date_gmt":"2021-07-27T16:37:57","guid":{"rendered":"http:\/\/historiografija.hr\/?p=27027"},"modified":"2021-07-27T16:38:16","modified_gmt":"2021-07-27T16:38:16","slug":"mark-thompson-danilo-kis-zamor-povijesti","status":"publish","type":"post","link":"https:\/\/historiografija.hr\/?p=27027","title":{"rendered":"Mark Thompson, &#8220;Danilo Ki\u0161. \u017damor povijesti&#8221;"},"content":{"rendered":"\n<p>Kad je 2014. britanski povjesni\u010dar i novinar Mark Thompson objavio <em>Izvod iz knjige ro\u0111enih, Pri\u010da o Danilu Ki\u0161u<\/em>, mnogi su u njemu prepoznali autora koji uz upu\u0107enost nudi inovativnost, a uz vje\u0161tinu strast \u2013 biografa koji je postavio nove standarde ki\u0161ologije. Sedam godina poslije, u <em>\u017damoru povijesti <\/em>Thompson \u0107e \u010daroliju ponoviti \u2013 druga\u010dije.<\/p>\n\n\n\n<p><br>U \u0161est iznimnih eseja \u017eivot i djelo &#8220;velikog i nevidljivog pisca&#8221; (kako je Danila Ki\u0161a opisao Kundera) Thompson nam pribli\u017eava kre\u0107u\u0107i se vje\u0161to po istoj onoj crti na kojoj je Ki\u0161eva umjetnost nastajala \u2013 granici izme\u0111u Knji\u017eevnosti i Povijesti.<\/p>\n\n\n\n<p><br>Koliko se od budu\u0107eg Ki\u0161a mo\u017ee prona\u0107i u pismima koja je nakon susreta u Makarskoj slao svojoj prvoj ljubavi, Jean McCrindle, k\u0107eri britanskih komunista? Koliko je na njega utjecao Samuel Beckett, autor za kojega je Povijest bila &#8220;nesvjestica&#8221; (za Ki\u0161a bila je \u017eamor, u\u017easan i neizbje\u017ean)? Kako se Ki\u0161ev aksiom o nedjeljivosti etike i poetike upisuje i \u010dita u njegovim djelima o europskim totalitarizmima, a kako u kontekstu zvjerstava po\u010dinjenih na ovim prostorima, krajem istog tog krvavog 20. stolje\u0107a? Kako je u dokumentima na kojima je temeljio svoje pri\u010de znao \u010duti i prenijeti ono \u0161to povjesni\u010dari pre\u010desto nisu \u2013 patnju \u010dovjeka?<\/p>\n\n\n\n<p><br>Da bismo doista <em>vidjeli<\/em> Ki\u0161a, Mark Thompson u <em>\u017damoru povijesti<\/em> nudi nam neo\u010dekivanu optiku, motiv koji je Ki\u0161 dijelio s Beckettom: oko muhe. Ono \u0107e u istu sliku uhvatiti Miroslava Krle\u017eu i Jamesa Joycea, Sokrata i Hannah Arendt, Slavka Goldsteina i Emmanuela Le Roya Laduriea. Knji\u017eevnost i povijest, \u017eivot i san. Vi\u0161e nego zaslu\u017eeno, za ljubitelje i prou\u010davatelje Danila Ki\u0161a, ovu bismo izvanrednu knjigu mogli nazvati prema njezinu zadnjem poglavlju: Alfabet.<\/p>\n\n\n\n<hr class=\"wp-block-separator\"\/>\n\n\n\n<p>O knjizi <em>Izvod iz knjige ro\u0111enih. <\/em><em><br>Pri\u010da o Danilu Ki\u0161u<\/em>.<\/p>\n\n\n\n<p>&#8220;Ako je Danilo Ki\u0161 svoj \u017eivot i sudbinu ulagao u knji\u017eevnost, tada bi se o Ki\u0161u i njegovoj knji\u017eevnosti trebalo pisati isto tako: nude\u0107i svoj \u017eivot kao potvrdu vjerodostojnosti pri\u010de o Ki\u0161u. Mark Thompson toga se dr\u017ei. Ovo je knjiga njegova \u017eivota.&#8221; \u2013 Miljenko Jergovi\u0107<\/p>\n\n\n\n<p>&#8220;\u017danr biografije u ovoj je knjizi preobra\u017een. Mark Thompson dorastao je velikom te\u0161ko ostvarivom zadatku \u2013 stvaranja \u017eivota Danila Ki\u0161a, genija kojega je nemogu\u0107e kategorizirati.&#8221; \u2013 Nadine Gordimer<\/p>\n\n\n\n<p>&#8220;Ovo je fascinantna biografija: slijede\u0107i \u017eivotni trag velikog europskog pisca Danila Ki\u0161a i ponovno i\u0161\u010ditavaju\u0107i njegove proze, Thompson nam je podario neophodnu \u2013 i vrlo dobro napisanu \u2013 knjigu o slo\u017eenom odnosu povijesti i knji\u017eevnosti u Srednjoj i Isto\u010dnoj Europi. Kompetencija Marka Thompsona na ovom je polju zapanjuju\u0107a.&#8221; \u2013 Adam Zagajewski<\/p>\n\n\n\n<p>&#8220;Jedna od najimpresivnijih, najinovativnijih, najosjetljivijih biografija koje sam ikad pro\u010ditao&#8230; Besprijekorno vladaju\u0107i podacima, Thompson stvara cjelinu od fragmenata sru\u0161enog svijeta, do kraja vjeran iznimno izazovnom i beskompromisnom moralnom stavu kakav je bio Ki\u0161ev.&#8221; \u2013 <em>Times Literary Supplement<\/em>,&#8221;Knjige godine, 2016.&#8221;<\/p>\n\n\n\n<hr class=\"wp-block-separator\"\/>\n\n\n\n<p>Jezik izvornika: engleski<\/p>\n\n\n\n<p>Prijevod: Muharem Bazdulj<\/p>\n\n\n\n<p>Broj stranica: 246<\/p>\n\n\n\n<p>Datum izdanja: svibanj 2021.<\/p>\n\n\n\n<hr class=\"wp-block-separator\"\/>\n\n\n\n<p>Izvor: <a href=\"https:\/\/fraktura.hr\/danilo-kis-zamor-povijesti.html\">https:\/\/fraktura.hr\/danilo-kis-zamor-povijesti.html<\/a><\/p>\n\n\n\n<hr class=\"wp-block-separator\"\/>\n","protected":false},"excerpt":{"rendered":"","protected":false},"author":2,"featured_media":27028,"comment_status":"open","ping_status":"open","sticky":false,"template":"","format":"standard","meta":{"_acf_changed":false,"jetpack_post_was_ever_published":false,"_jetpack_newsletter_access":"","_jetpack_dont_email_post_to_subs":false,"_jetpack_newsletter_tier_id":0,"_jetpack_memberships_contains_paywalled_content":false,"_jetpack_memberships_contains_paid_content":false,"footnotes":"","jetpack_publicize_message":"","jetpack_publicize_feature_enabled":true,"jetpack_social_post_already_shared":true,"jetpack_social_options":{"image_generator_settings":{"template":"highway","default_image_id":0,"font":"","enabled":false},"version":2}},"categories":[8,3,12],"tags":[],"class_list":["post-27027","post","type-post","status-publish","format-standard","has-post-thumbnail","hentry","category-knjige","category-novosti","category-knjizevnost"],"acf":{"facebook_opis":""},"jetpack_publicize_connections":[],"jetpack_featured_media_url":"https:\/\/i0.wp.com\/historiografija.hr\/wp-content\/uploads\/2021\/07\/Zamor_povijesti.jpg?fit=393%2C610&ssl=1","jetpack_sharing_enabled":true,"jetpack-related-posts":[],"_links":{"self":[{"href":"https:\/\/historiografija.hr\/index.php?rest_route=\/wp\/v2\/posts\/27027","targetHints":{"allow":["GET"]}}],"collection":[{"href":"https:\/\/historiografija.hr\/index.php?rest_route=\/wp\/v2\/posts"}],"about":[{"href":"https:\/\/historiografija.hr\/index.php?rest_route=\/wp\/v2\/types\/post"}],"author":[{"embeddable":true,"href":"https:\/\/historiografija.hr\/index.php?rest_route=\/wp\/v2\/users\/2"}],"replies":[{"embeddable":true,"href":"https:\/\/historiografija.hr\/index.php?rest_route=%2Fwp%2Fv2%2Fcomments&post=27027"}],"version-history":[{"count":2,"href":"https:\/\/historiografija.hr\/index.php?rest_route=\/wp\/v2\/posts\/27027\/revisions"}],"predecessor-version":[{"id":27030,"href":"https:\/\/historiografija.hr\/index.php?rest_route=\/wp\/v2\/posts\/27027\/revisions\/27030"}],"wp:featuredmedia":[{"embeddable":true,"href":"https:\/\/historiografija.hr\/index.php?rest_route=\/wp\/v2\/media\/27028"}],"wp:attachment":[{"href":"https:\/\/historiografija.hr\/index.php?rest_route=%2Fwp%2Fv2%2Fmedia&parent=27027"}],"wp:term":[{"taxonomy":"category","embeddable":true,"href":"https:\/\/historiografija.hr\/index.php?rest_route=%2Fwp%2Fv2%2Fcategories&post=27027"},{"taxonomy":"post_tag","embeddable":true,"href":"https:\/\/historiografija.hr\/index.php?rest_route=%2Fwp%2Fv2%2Ftags&post=27027"}],"curies":[{"name":"wp","href":"https:\/\/api.w.org\/{rel}","templated":true}]}}