{"id":27024,"date":"2021-07-27T16:31:47","date_gmt":"2021-07-27T16:31:47","guid":{"rendered":"http:\/\/historiografija.hr\/?p=27024"},"modified":"2021-07-27T16:31:47","modified_gmt":"2021-07-27T16:31:47","slug":"riad-sattouf-arapin-buducnosti-odrastanje-na-bliskom-istoku-1992-1994","status":"publish","type":"post","link":"https:\/\/historiografija.hr\/?p=27024","title":{"rendered":"Riad Sattouf, \u201cArapin budu\u0107nosti. Odrastanje na Bliskom istoku (1992. \u2013 1994.)\u201d"},"content":{"rendered":"\n<p>Nakladnik Fibra objavio je 2021. godine peti svezak stripa o odrastanju na Bliskom istoku na koji smo ve\u0107 uputili na portalu.<\/p>\n\n\n\n<hr class=\"wp-block-separator\"\/>\n\n\n\n<p>Broj stranica 176<\/p>\n\n\n\n<p>Objavljeno 16.4.2021.<\/p>\n\n\n\n<p>Scenarij Riad Sattouf<\/p>\n\n\n\n<p>Crte\u017e Riad Sattouf<\/p>\n\n\n\n<p>Prijevod \u017deljka Somun<\/p>\n\n\n\n<p>Lektura Aleksandar Gucunski<\/p>\n\n\n\n<p>Dizajn Melina Mikuli\u0107<\/p>\n\n\n\n<hr class=\"wp-block-separator\"\/>\n\n\n\n<p>Ova knjiga pripovijeda istinitu pri\u010du o adolescentu koji vi\u0161e uop\u0107e nije plavokos, o njegovoj francusko-sirijskoj obitelji i o jednom duhu.<\/p>\n\n\n\n<hr class=\"wp-block-separator\"\/>\n\n\n\n<p>Izvor:<\/p>\n\n\n\n<p><a href=\"https:\/\/www.fibra.hr\/katalog\/izdanja\/arapin-buducnosti-5-odrastanje-na-bliskom-istoku-1992-1994\/698\/\">https:\/\/www.fibra.hr\/katalog\/izdanja\/arapin-buducnosti-5-odrastanje-na-bliskom-istoku-1992-1994\/698\/<\/a><\/p>\n\n\n\n<hr class=\"wp-block-separator\"\/>\n","protected":false},"excerpt":{"rendered":"","protected":false},"author":2,"featured_media":27025,"comment_status":"open","ping_status":"open","sticky":false,"template":"","format":"standard","meta":{"_acf_changed":false,"jetpack_post_was_ever_published":false,"_jetpack_newsletter_access":"","_jetpack_dont_email_post_to_subs":false,"_jetpack_newsletter_tier_id":0,"_jetpack_memberships_contains_paywalled_content":false,"_jetpack_memberships_contains_paid_content":false,"footnotes":"","jetpack_publicize_message":"","jetpack_publicize_feature_enabled":true,"jetpack_social_post_already_shared":true,"jetpack_social_options":{"image_generator_settings":{"template":"highway","default_image_id":0,"font":"","enabled":false},"version":2}},"categories":[3,12],"tags":[],"class_list":["post-27024","post","type-post","status-publish","format-standard","has-post-thumbnail","hentry","category-novosti","category-knjizevnost"],"acf":{"facebook_opis":""},"jetpack_publicize_connections":[],"jetpack_featured_media_url":"https:\/\/i0.wp.com\/historiografija.hr\/wp-content\/uploads\/2021\/07\/ARAP_5.jpg?fit=600%2C830&ssl=1","jetpack_sharing_enabled":true,"jetpack-related-posts":[],"_links":{"self":[{"href":"https:\/\/historiografija.hr\/index.php?rest_route=\/wp\/v2\/posts\/27024","targetHints":{"allow":["GET"]}}],"collection":[{"href":"https:\/\/historiografija.hr\/index.php?rest_route=\/wp\/v2\/posts"}],"about":[{"href":"https:\/\/historiografija.hr\/index.php?rest_route=\/wp\/v2\/types\/post"}],"author":[{"embeddable":true,"href":"https:\/\/historiografija.hr\/index.php?rest_route=\/wp\/v2\/users\/2"}],"replies":[{"embeddable":true,"href":"https:\/\/historiografija.hr\/index.php?rest_route=%2Fwp%2Fv2%2Fcomments&post=27024"}],"version-history":[{"count":1,"href":"https:\/\/historiografija.hr\/index.php?rest_route=\/wp\/v2\/posts\/27024\/revisions"}],"predecessor-version":[{"id":27026,"href":"https:\/\/historiografija.hr\/index.php?rest_route=\/wp\/v2\/posts\/27024\/revisions\/27026"}],"wp:featuredmedia":[{"embeddable":true,"href":"https:\/\/historiografija.hr\/index.php?rest_route=\/wp\/v2\/media\/27025"}],"wp:attachment":[{"href":"https:\/\/historiografija.hr\/index.php?rest_route=%2Fwp%2Fv2%2Fmedia&parent=27024"}],"wp:term":[{"taxonomy":"category","embeddable":true,"href":"https:\/\/historiografija.hr\/index.php?rest_route=%2Fwp%2Fv2%2Fcategories&post=27024"},{"taxonomy":"post_tag","embeddable":true,"href":"https:\/\/historiografija.hr\/index.php?rest_route=%2Fwp%2Fv2%2Ftags&post=27024"}],"curies":[{"name":"wp","href":"https:\/\/api.w.org\/{rel}","templated":true}]}}