{"id":26999,"date":"2021-07-26T20:04:09","date_gmt":"2021-07-26T20:04:09","guid":{"rendered":"http:\/\/historiografija.hr\/?p=26999"},"modified":"2021-07-26T20:55:50","modified_gmt":"2021-07-26T20:55:50","slug":"promocija-knjige-i-izlozba-cirilicni-i-epigrafski-spomenici-srednjovjekovne-bosne-i-hercegovine","status":"publish","type":"post","link":"https:\/\/historiografija.hr\/?p=26999","title":{"rendered":"Promocija knjige i izlo\u017eba \u201c\u0106irili\u010dni epigrafski spomenici srednjovjekovne Bosne i Hercegovine\u201d"},"content":{"rendered":"\n<p>U okviru kulturne manifestacije &#8220;Mostarsko ljeto 2021&#8221; u organizaciji Muzeja Hercegovine Mostar u Centru za kulturu 27. 07. u 19:00 bit \u0107e uprili\u010dena promocija knjige i izlo\u017eba \u201c\u0106irili\u010dni epigrafski spomenici srednjovjekovne Bosne i Hercegovine\u201d autora \u0160efika Be\u0161lagi\u0107a.<\/p>\n\n\n\n<p>\u0160efik Be\u0161lagi\u0107 je skupio mno\u0161tvo gra\u0111e, dokumenata, razli\u010ditih svjedo\u010danstava vremena o brojnim \u0107irili\u010dnim i epigrafskim natpisima u srednjevjekovnoj Bosni.<\/p>\n\n\n\n<p>Zahvaljuju\u0107i njegovoj knjizi, te izlo\u017ebi koja \u0107e biti prire\u0111ena, mo\u017eemo saznati ne\u0161to vi\u0161e o broju, vremenu, geografskom rasprostiranju srednjevjekovnih epigrafskih spomenika.<\/p>\n\n\n\n<p>Tako\u0111er su znakovite i paleografske odlike, podaci o ortografiji, neka lingvisti\u010dka obilje\u017eja kao i likovne vrijednosti. Publici \u0107e posebno biti interesantni: natpis vojvode Mastana iz Donje Dre\u017enice, epitaf Golsave Sankovi\u0107 u Biskupu kod Konjica, epitaf Vignja Milo\u0161evi\u0107a u Ko\u010derinu kod Li\u0161tice, natpis na kamenoj stolici u Kosoru, epitaf Radivoja Vlatkovi\u0107a u Opli\u010di\u0107ima kod \u010capljine i drugi.<\/p>\n\n\n\n<hr class=\"wp-block-separator\"\/>\n\n\n\n<p>Izvor: <a href=\"https:\/\/www.historiografija.ba\/article.php?id=538\">https:\/\/www.historiografija.ba\/article.php?id=538<\/a><\/p>\n\n\n\n<hr class=\"wp-block-separator\"\/>\n","protected":false},"excerpt":{"rendered":"","protected":false},"author":2,"featured_media":27000,"comment_status":"open","ping_status":"open","sticky":false,"template":"","format":"standard","meta":{"_acf_changed":false,"jetpack_post_was_ever_published":false,"_jetpack_newsletter_access":"","_jetpack_dont_email_post_to_subs":false,"_jetpack_newsletter_tier_id":0,"_jetpack_memberships_contains_paywalled_content":false,"_jetpack_memberships_contains_paid_content":false,"footnotes":"","jetpack_publicize_message":"","jetpack_publicize_feature_enabled":true,"jetpack_social_post_already_shared":true,"jetpack_social_options":{"image_generator_settings":{"template":"highway","default_image_id":0,"font":"","enabled":false},"version":2}},"categories":[10,3],"tags":[],"class_list":["post-26999","post","type-post","status-publish","format-standard","has-post-thumbnail","hentry","category-izlozbe","category-novosti"],"acf":{"facebook_opis":""},"jetpack_publicize_connections":[],"jetpack_featured_media_url":"https:\/\/i0.wp.com\/historiografija.hr\/wp-content\/uploads\/2021\/07\/izlozba_promocija.jpg?fit=450%2C636&ssl=1","jetpack_sharing_enabled":true,"jetpack-related-posts":[],"_links":{"self":[{"href":"https:\/\/historiografija.hr\/index.php?rest_route=\/wp\/v2\/posts\/26999","targetHints":{"allow":["GET"]}}],"collection":[{"href":"https:\/\/historiografija.hr\/index.php?rest_route=\/wp\/v2\/posts"}],"about":[{"href":"https:\/\/historiografija.hr\/index.php?rest_route=\/wp\/v2\/types\/post"}],"author":[{"embeddable":true,"href":"https:\/\/historiografija.hr\/index.php?rest_route=\/wp\/v2\/users\/2"}],"replies":[{"embeddable":true,"href":"https:\/\/historiografija.hr\/index.php?rest_route=%2Fwp%2Fv2%2Fcomments&post=26999"}],"version-history":[{"count":4,"href":"https:\/\/historiografija.hr\/index.php?rest_route=\/wp\/v2\/posts\/26999\/revisions"}],"predecessor-version":[{"id":27004,"href":"https:\/\/historiografija.hr\/index.php?rest_route=\/wp\/v2\/posts\/26999\/revisions\/27004"}],"wp:featuredmedia":[{"embeddable":true,"href":"https:\/\/historiografija.hr\/index.php?rest_route=\/wp\/v2\/media\/27000"}],"wp:attachment":[{"href":"https:\/\/historiografija.hr\/index.php?rest_route=%2Fwp%2Fv2%2Fmedia&parent=26999"}],"wp:term":[{"taxonomy":"category","embeddable":true,"href":"https:\/\/historiografija.hr\/index.php?rest_route=%2Fwp%2Fv2%2Fcategories&post=26999"},{"taxonomy":"post_tag","embeddable":true,"href":"https:\/\/historiografija.hr\/index.php?rest_route=%2Fwp%2Fv2%2Ftags&post=26999"}],"curies":[{"name":"wp","href":"https:\/\/api.w.org\/{rel}","templated":true}]}}