{"id":26995,"date":"2021-07-23T17:41:14","date_gmt":"2021-07-23T17:41:14","guid":{"rendered":"http:\/\/historiografija.hr\/?p=26995"},"modified":"2021-07-23T17:42:55","modified_gmt":"2021-07-23T17:42:55","slug":"vojko-senker-libijski-kosmar-zapisi-zamjenika-posebnog-predstavnika","status":"publish","type":"post","link":"https:\/\/historiografija.hr\/?p=26995","title":{"rendered":"Vojko Senker, LIBIJSKI KO\u0160MAR. Zapisi &#8216;zamjenika posebnog predstavnika&#8217;"},"content":{"rendered":"\n<p><strong><em>Libijski ko\u0161mar<\/em><\/strong> naslov je uzbudljive knjige karijernog diplomata Vojka Senkera u kojoj se prisje\u0107a svog diplomatskog boravka u Libiji od rujna 2008. do srpnja 2014. Senker je imao tu sre\u0107u da iz prvog reda svjedo\u010di \u201czanimljivim vremenima\u201d: vrhuncu Gadafijeve vladavine, kaosu revolucije i \u017eivotu u postgadafijevskoj Libiji.<\/p>\n\n\n\n<p><br>Autor ne pi\u0161e konformisti\u010dki ni kalkulantski, nego iskreno i po savjesti, dok stil njegova pisanja podsje\u0107a na kakav napeti politi\u010dki triler. Tako\u0111er, \u010ditatelju se pru\u017ea pregr\u0161t informacija o ustroju libijske dr\u017eave, o njenoj povijesti, ali i bilateralnim odnosima s Jugoslavijom i Hrvatskom. Uza sve to autor podastire i sasvim intimna svjedo\u010denja svoga odnosno obiteljskog polo\u017eaja u tim prevratni\u010dkim vremenima te s puno literarno-publicisti\u010dkog dara donosi mno\u0161tvo sli\u010dica i anegdota iz kuloara najvi\u0161ih politi\u010dko-diplomatskih krugova.\u00a0<\/p>\n\n\n\n<p><\/p>\n\n\n\n<p>\u201cPrvi dani sije\u010dnja 2011. protjecali su u normalnoj radnoj atmosferi iako je nakon izbijanja revolucije u Tunisu i Egiptu u Libiji u tajnosti uvedena pripravnost najvi\u0161eg stupnja, no to se nije odra\u017eavalo na svakodnevni \u017eivot. Bez obzira na zbivanja u susjedstvu nisam tih dana ili tjedana, sve do 17. velja\u010de, kao ni bilo tko drugi mogao zamisliti da pro\u017eivljavam zadnje tjedne mirnog \u017eivota u Libiji, da \u0107e Bengazi eksplodirati sredinom velja\u010de, da \u0107u nekoliko dana u drugoj polovici velja\u010de biti svjedokom danteovskih scena evakuacije uspani\u010denih stranaca na aerodromu u Tripoliju, da \u0107e ve\u0107 krajem velja\u010de isto\u010dni dio zemlje biti potpuno pod nadzorom pobunjenika, da \u0107u krajem o\u017eujka napustiti Libiju u evakuacijskom konvoju cestom prema Tunisu i ostaviti u ku\u0107i u mom Gargare\u0161u sve na\u0161e osobne stvari, sve \u0161to smo Milica i ja u \u017eivotu stekli (ne znaju\u0107i ho\u0107u li ikad te stvari ponovo vidjeti), da \u0107u na ljeto iste te godine biti \u2018zamjenik posebnog predstavnika Republike Hrvatske\u2019 u centru pobune, da \u0107e me na aerodromu u Bengaziju do\u010dekati <em>protokol pobunjenika<\/em>, da \u0107u u Bengaziju tog ljeta piti kavu s Chrisom Stevensom (\u010diju sam ruku zadnji put stisnuo 4. srpnja 2012. u Tripoliju, a ubijen je 11. rujna 2012. u tom istom na\u0161em Bengaziju), da \u0107u se krajem rujna iste godine vratiti u Tripoli, da \u0107u se u prizemlju poslovnog nebodera (u kojem se nalazi Veleposlanstvo) na\u0107i 20. listopada 2011. ba\u0161 u trenutku kad su se na velikom TV-ekranu mogle vidjeti mu\u010dne scene maltretiranja okrvavljenog Gadafija nakon \u0161to su ga pobunjenici uhvatili, da \u0107u sve svoje stvari u ku\u0107i u koju sam se vratio na\u0107i u najboljem redu, da \u0107u u Libiji biti jo\u0161 prili\u010dno dugo nakon toga i da \u0107e ta zemlja mjesecima, pa ako ho\u0107ete i godinama poslije zavr\u0161etka revolucije, gra\u0111anskog rata ili pobune, nazovimo to bilo kako, tonuti u te\u0161ko, kaoti\u010dno, ko\u0161marno stanje i udaljavati se od one idili\u010dne, romanti\u010dne, naivne bengazijske revolucionarne atmosfere iz ljeta 2011. te da \u0107u krajem srpnja 2014. ponovno napustiti Libiju na isti na\u010din (u me\u0111unarodnom diplomatskom evakuacijskom konvoju cestom prema Tunisu i trajektom u Genovu) i da \u0107u u\u0107i u Hrvatsku istog dana (subota) i istog datuma (2.) kao i 2011, jedino mjesec nije bio isti.\u201d<\/p>\n\n\n\n<p><strong>Vojko Senker <\/strong>ro\u0111en je 1945. u Zagrebu. Gimnaziju je zavr\u0161io u Puli 1964, a diplomirao na Fakultetu politi\u010dkih nauka u Zagrebu 1969. godine. Tijekom zadnjih godina studija zavr\u0161io je <em>Vjesnikovu <\/em>jednogodi\u0161nju novinarsku \u0161kolu i prakti\u010dni dio odradio je u gradskoj kronici <em>Ve\u010dernjeg lista<\/em>.<br>Prvi posao (od 1970. do 1974.) bio mu je u Institutu za prou\u010davanje Afrike, koji je 1971. promijenio naziv u Institut za zemlje u razvoju (danas Institut za razvoj i me\u0111unarodne odnose). Tijekom rada u Institutu samostalno je napisao monografije Ekvadora i Meksika, a zajedno s kolegama monografije Gvatemale, Hondurasa, Kostarike, Paname i Tanzanije. Sudjelovao je u izradi studija o me\u0111unarodnoj znanstvenoj, tehni\u010dkoj i kulturnoj suradnji u izdanju Instituta, primjerice studije <em>Tehni\u010dka, znanstvena, obrazovna i kulturna suradnja me\u0111u zemljama u razvoju <\/em>(1973).<br>Od 1974. do 1979. radio je u Saveznom zavodu za me\u0111unarodnu znanstvenu, prosvjetno- kulturnu i tehni\u010dku suradnju. Od 1979. do raspada SFRJ radio je u Saveznom sekretarijatu za vanjske poslove (Uprava za Latinsku Ameriku i Karipsko podru\u010dje). Prva diplomatska misija bila mu je u ambasadi SFRJ u Republici Kubi.<br>Od 1993. do 1995. bio je akreditirani honorarni dopisnik <em>Ve\u010dernjeg lista<\/em>, <em>Nedjeljne Dalmacije <\/em>i ljubljanskog <em>Dela <\/em>iz Gr\u010dke. U ta je tri lista u tom razdoblju objavio vi\u0161e od 150 napisa, koji su pokrivali podru\u010dja od unutarnje i vanjske politike do kulture.<br>Od 1995. do umirovljenja radio je u diplomatskoj slu\u017ebi Republike Hrvatske. Bio je na du\u017enostima savjetnika za gospodarstvo u Veleposlanstvu RH u Gr\u010dkoj (1995-1999), savjetnika za gospodarstvo u Veleposlanstvu RH u \u0160panjolskoj (1999-2003), ministra savjetnika u Veleposlanstvu RH u Gr\u010dkoj (2004-2008) te ministra savjetnika i otpravnika poslova u Veleposlanstvu RH u Libiji (2008-2014).<br>U \u010dasopisu <em>Croatian International Relations Review <\/em>2005. godine objavio je \u010dlanak \u201cCuba: Peaceful Succession and Democratic Transition\u201d (40-41\/2005).<\/p>\n\n\n\n<p>Prelistaj po\u010detak knjige:<\/p>\n\n\n\n<figure class=\"wp-block-embed-wordpress wp-block-embed is-type-wp-embed is-provider-disput\"><div class=\"wp-block-embed__wrapper\">\n<blockquote class=\"wp-embedded-content\" data-secret=\"kQ81ggKo1y\"><a href=\"https:\/\/disput.hr\/shop\/libijski-kosmar\/\">LIBIJSKI KO\u0160MAR<\/a><\/blockquote><iframe loading=\"lazy\" class=\"wp-embedded-content\" sandbox=\"allow-scripts\" security=\"restricted\" style=\"position: absolute; clip: rect(1px, 1px, 1px, 1px);\" title=\"&#8220;LIBIJSKI KO\u0160MAR&#8221; &#8212; Disput\" src=\"https:\/\/disput.hr\/shop\/libijski-kosmar\/embed\/#?secret=kQ81ggKo1y\" data-secret=\"kQ81ggKo1y\" width=\"600\" height=\"338\" frameborder=\"0\" marginwidth=\"0\" marginheight=\"0\" scrolling=\"no\"><\/iframe>\n<\/div><\/figure>\n\n\n\n<hr class=\"wp-block-separator\"\/>\n\n\n\n<p>Iz medija:<\/p>\n\n\n\n<p><a href=\"https:\/\/www.jutarnji.hr\/vijesti\/svijet\/libijski-kosmar-vojka-senkera-kako-je-iz-blizine-izgledao-pad-diktatora-gadafija-15088675\">https:\/\/www.jutarnji.hr\/vijesti\/svijet\/libijski-kosmar-vojka-senkera-kako-je-iz-blizine-izgledao-pad-diktatora-gadafija-15088675<\/a><\/p>\n\n\n\n<hr class=\"wp-block-separator\"\/>\n","protected":false},"excerpt":{"rendered":"","protected":false},"author":2,"featured_media":26996,"comment_status":"open","ping_status":"open","sticky":false,"template":"","format":"standard","meta":{"_acf_changed":false,"jetpack_post_was_ever_published":false,"_jetpack_newsletter_access":"","_jetpack_dont_email_post_to_subs":false,"_jetpack_newsletter_tier_id":0,"_jetpack_memberships_contains_paywalled_content":false,"_jetpack_memberships_contains_paid_content":false,"footnotes":"","jetpack_publicize_message":"","jetpack_publicize_feature_enabled":true,"jetpack_social_post_already_shared":true,"jetpack_social_options":{"image_generator_settings":{"template":"highway","default_image_id":0,"font":"","enabled":false},"version":2}},"categories":[8,3],"tags":[],"class_list":["post-26995","post","type-post","status-publish","format-standard","has-post-thumbnail","hentry","category-knjige","category-novosti"],"acf":{"facebook_opis":""},"jetpack_publicize_connections":[],"jetpack_featured_media_url":"https:\/\/i0.wp.com\/historiografija.hr\/wp-content\/uploads\/2021\/07\/Vojko-Senker_Libijski-kosmar.jpg?fit=342%2C500&ssl=1","jetpack_sharing_enabled":true,"jetpack-related-posts":[],"_links":{"self":[{"href":"https:\/\/historiografija.hr\/index.php?rest_route=\/wp\/v2\/posts\/26995","targetHints":{"allow":["GET"]}}],"collection":[{"href":"https:\/\/historiografija.hr\/index.php?rest_route=\/wp\/v2\/posts"}],"about":[{"href":"https:\/\/historiografija.hr\/index.php?rest_route=\/wp\/v2\/types\/post"}],"author":[{"embeddable":true,"href":"https:\/\/historiografija.hr\/index.php?rest_route=\/wp\/v2\/users\/2"}],"replies":[{"embeddable":true,"href":"https:\/\/historiografija.hr\/index.php?rest_route=%2Fwp%2Fv2%2Fcomments&post=26995"}],"version-history":[{"count":2,"href":"https:\/\/historiografija.hr\/index.php?rest_route=\/wp\/v2\/posts\/26995\/revisions"}],"predecessor-version":[{"id":26998,"href":"https:\/\/historiografija.hr\/index.php?rest_route=\/wp\/v2\/posts\/26995\/revisions\/26998"}],"wp:featuredmedia":[{"embeddable":true,"href":"https:\/\/historiografija.hr\/index.php?rest_route=\/wp\/v2\/media\/26996"}],"wp:attachment":[{"href":"https:\/\/historiografija.hr\/index.php?rest_route=%2Fwp%2Fv2%2Fmedia&parent=26995"}],"wp:term":[{"taxonomy":"category","embeddable":true,"href":"https:\/\/historiografija.hr\/index.php?rest_route=%2Fwp%2Fv2%2Fcategories&post=26995"},{"taxonomy":"post_tag","embeddable":true,"href":"https:\/\/historiografija.hr\/index.php?rest_route=%2Fwp%2Fv2%2Ftags&post=26995"}],"curies":[{"name":"wp","href":"https:\/\/api.w.org\/{rel}","templated":true}]}}