{"id":26992,"date":"2021-07-23T17:20:05","date_gmt":"2021-07-23T17:20:05","guid":{"rendered":"http:\/\/historiografija.hr\/?p=26992"},"modified":"2021-07-23T17:20:05","modified_gmt":"2021-07-23T17:20:05","slug":"cfp-neighbors-and-neighborhood-in-the-balkans","status":"publish","type":"post","link":"https:\/\/historiografija.hr\/?p=26992","title":{"rendered":"CfP: Neighbors and Neighborhood in the Balkans"},"content":{"rendered":"\n<p>It is our honor to invite you to the 6th International Balkan Studies Conference &#8220;Balkan Express&#8221;. This year the conference will aim to rethink the Balkans through concepts and ideas of neighbors, neighborhood and neighborly relations.<\/p>\n\n\n\n<p>Date: November 12-13, 2021<\/p>\n\n\n\n<p>Conference Venue: Faculty of Humanities, Charles University, Prague, Czech Republic<\/p>\n\n\n\n<p>Conference language: English<\/p>\n\n\n\n<p>Conference format: Hybrid (Please specify whether you will be attending the conference physically or virtually in the online registration form).<\/p>\n\n\n\n<p>Application deadline: August 31, 2021<\/p>\n\n\n\n<p>More information available at the Balkan Express facebook page.<\/p>\n\n\n\n<p><a href=\"https:\/\/ims.fsv.cuni.cz\/en\/node\/6267\">https:\/\/ims.fsv.cuni.cz\/en\/node\/6267<\/a><\/p>\n\n\n\n<p>&#8212;<\/p>\n\n\n\n<p><strong>Konferencija o kom\u0161iluku na Balkanu<\/strong><\/p>\n\n\n\n<p>Tema VI me\u0111unarodne konferencije za balkanske studije \u201eBalkan Express\u201c, koja \u0107e se odr\u017eati u Pragu (Karlov Univerzitet) 12-13. novembra 2021. je \u201eNeighbors and neighborhood in the Balkans\u201c. Cilj je propitivanje Balkana kroz koncept ideje o susjedima, kom\u0161iluku i kom\u0161ijskim odnosima, odnosno kakva je uloga kom\u0161ijskih odnosa u svakodnevnom \u017eivotu ljudi na Balkanu tokom historije.<\/p>\n\n\n\n<p>Poziv za u\u010de\u0161\u0107e otvoren je do 31. avgusta 2021. godine.<\/p>\n\n\n\n<p>Vi\u0161e mo\u017eete \u010ditati <a rel=\"noreferrer noopener\" href=\"https:\/\/www.historiografija.ba\/assets\/documents\/523_Balkan%20Express%202021%20Call%20for%20Papers.pdf\" target=\"_blank\">ovdje.<\/a><\/p>\n\n\n\n<hr class=\"wp-block-separator\"\/>\n\n\n\n<p>Preuzeto s portala <strong>Historiografija.ba<\/strong>:<\/p>\n\n\n\n<p><a href=\"https:\/\/www.historiografija.ba\/article.php?id=523\">https:\/\/www.historiografija.ba\/article.php?id=523<\/a><\/p>\n\n\n\n<hr class=\"wp-block-separator\"\/>\n","protected":false},"excerpt":{"rendered":"","protected":false},"author":2,"featured_media":26993,"comment_status":"open","ping_status":"open","sticky":false,"template":"","format":"standard","meta":{"_acf_changed":false,"jetpack_post_was_ever_published":false,"_jetpack_newsletter_access":"","_jetpack_dont_email_post_to_subs":false,"_jetpack_newsletter_tier_id":0,"_jetpack_memberships_contains_paywalled_content":false,"_jetpack_memberships_contains_paid_content":false,"footnotes":"","jetpack_publicize_message":"","jetpack_publicize_feature_enabled":true,"jetpack_social_post_already_shared":true,"jetpack_social_options":{"image_generator_settings":{"template":"highway","default_image_id":0,"font":"","enabled":false},"version":2}},"categories":[3,9],"tags":[],"class_list":["post-26992","post","type-post","status-publish","format-standard","has-post-thumbnail","hentry","category-novosti","category-skupovi"],"acf":{"facebook_opis":""},"jetpack_publicize_connections":[],"jetpack_featured_media_url":"https:\/\/i0.wp.com\/historiografija.hr\/wp-content\/uploads\/2021\/07\/Balkan_Express.jpg?fit=1357%2C1920&ssl=1","jetpack_sharing_enabled":true,"jetpack-related-posts":[],"_links":{"self":[{"href":"https:\/\/historiografija.hr\/index.php?rest_route=\/wp\/v2\/posts\/26992","targetHints":{"allow":["GET"]}}],"collection":[{"href":"https:\/\/historiografija.hr\/index.php?rest_route=\/wp\/v2\/posts"}],"about":[{"href":"https:\/\/historiografija.hr\/index.php?rest_route=\/wp\/v2\/types\/post"}],"author":[{"embeddable":true,"href":"https:\/\/historiografija.hr\/index.php?rest_route=\/wp\/v2\/users\/2"}],"replies":[{"embeddable":true,"href":"https:\/\/historiografija.hr\/index.php?rest_route=%2Fwp%2Fv2%2Fcomments&post=26992"}],"version-history":[{"count":1,"href":"https:\/\/historiografija.hr\/index.php?rest_route=\/wp\/v2\/posts\/26992\/revisions"}],"predecessor-version":[{"id":26994,"href":"https:\/\/historiografija.hr\/index.php?rest_route=\/wp\/v2\/posts\/26992\/revisions\/26994"}],"wp:featuredmedia":[{"embeddable":true,"href":"https:\/\/historiografija.hr\/index.php?rest_route=\/wp\/v2\/media\/26993"}],"wp:attachment":[{"href":"https:\/\/historiografija.hr\/index.php?rest_route=%2Fwp%2Fv2%2Fmedia&parent=26992"}],"wp:term":[{"taxonomy":"category","embeddable":true,"href":"https:\/\/historiografija.hr\/index.php?rest_route=%2Fwp%2Fv2%2Fcategories&post=26992"},{"taxonomy":"post_tag","embeddable":true,"href":"https:\/\/historiografija.hr\/index.php?rest_route=%2Fwp%2Fv2%2Ftags&post=26992"}],"curies":[{"name":"wp","href":"https:\/\/api.w.org\/{rel}","templated":true}]}}