{"id":26989,"date":"2021-07-23T16:54:28","date_gmt":"2021-07-23T16:54:28","guid":{"rendered":"http:\/\/historiografija.hr\/?p=26989"},"modified":"2021-07-23T17:06:40","modified_gmt":"2021-07-23T17:06:40","slug":"jusp-jasenovac-in-memoriam-bazil-zukolo-1922-2021","status":"publish","type":"post","link":"https:\/\/historiografija.hr\/?p=26989","title":{"rendered":"JUSP Jasenovac: In Memoriam Bazil Zukolo 1922. \u2013 2021."},"content":{"rendered":"\n<p>S dubokom tugom primili smo vijest da nas je napustio Bazil Zukolo, posljednji pre\u017eivjeli sudionik proboja iz usta\u0161kog koncentracijskog logora Jasenovac.<\/p>\n\n\n\n<p>Bazul Zukolo ro\u0111en je u Novskoj 1922. godine. \u017divotni put odveo ga je u Po\u017eegu gdje se zaposlio u brija\u010dkoj radnji svojeg najstarijeg brata Stjepana. Kao talijanski dr\u017eavljani i simpatizeri narodnooslobodila\u010dkog pokreta bra\u0107a Zukolo uspjeli su izbje\u0107i pozive za mobilizaciju u jedinice hrvatskog domobranstva. Kada je 1943. godine srednji brat Tomislav mobiliziran u talijansku vojsku, Bazil i Stjepan odlu\u010dili su se priklju\u010diti partizanskom pokretu.<\/p>\n\n\n\n<p>Iste je godine uhap\u0161ena grupa stanovnika Po\u017eege me\u0111u kojima je bio Stjepan Zukolo. Ubrzo je u selu Trenkovo uhap\u0161en i Bazil gdje je po\u0161ao po informacije o obitelji svoje djevojke koja je bila iz toga sela. Otpremljen je u Novsku gdje je priklju\u010den grupi Po\u017ee\u017eana koja je uhap\u0161ena ne\u0161to ranije. Vezani \u017eicom preba\u010deni su u studenom 1944. godine u logor Jasenovac.<\/p>\n\n\n\n<p>Bazil i Stjepan u logoru su raspore\u0111eni u radnu grupu VII \u2013 razni terenski poslovi. Izme\u0111u ostalog, ova grupa je u zadnjim danima logora imala zadatak da naftu koja je u logor stigla u dva teretna vagona preto\u010di u manje ba\u010dve. Ista radna grupa radila je na otkopavanje masovnih grobnica, a nafta je kori\u0161tena za spaljivanje le\u0161eva ubijenih zato\u010denika logora.<\/p>\n\n\n\n<p>Dana 21. travnja 1945. godine, ve\u010der uo\u010di proboja iz logora Jasenovac, Bazil Zukolo bio je zato\u010den na katu zgrade kroja\u010dke i obu\u0107arske radionice. Zajedno s drugim zato\u010denicima, sljede\u0107eg dana krenuo je u proboj iz logora. U proboju je izgubio brata Stjepana, koji je ubijen kod sela Ko\u0161utarica. U mete\u017eu nastalom prilikom proboja, bra\u0107a su se razdvojila, a Bazil je krenuo na drugu stranu. Pre\u0161ao je rijeku Strug zajedno s Markom Popovi\u0107em te s jo\u0161 jednim logora\u0161em. Njih trojica su se skrivali tri dana, sve dok nisu saznali da se u selu Vrbovljani nalaze partizani. Prilikom bijega iz logora imao je 48 kilograma te\u017eine.<\/p>\n\n\n\n<p>Nakon zavr\u0161etka Drugog svjetskog rata vratio se u Po\u017eegu, gdje je zajedno sa suprugom Emilijom otvorio frizerski salon za \u017eene i mu\u0161karce.<\/p>\n\n\n\n<p>Na komemoraciji za \u017ertve logora Jasenovac 2013. godine, predsjednik Ivo Josipovi\u0107 odlikovao ga je Redom Stjepana Radi\u0107a za osobit doprinos antifa\u0161isti\u010dkim temeljima Republike Hrvatske.<\/p>\n\n\n\n<hr class=\"wp-block-separator\"\/>\n\n\n\n<p>Izvor: <a href=\"http:\/\/www.jusp-jasenovac.hr\/Default.aspx?sid=5027\">http:\/\/www.jusp-jasenovac.hr\/Default.aspx?sid=5027<\/a><\/p>\n\n\n\n<hr class=\"wp-block-separator\"\/>\n","protected":false},"excerpt":{"rendered":"","protected":false},"author":2,"featured_media":26990,"comment_status":"open","ping_status":"open","sticky":false,"template":"","format":"standard","meta":{"_acf_changed":false,"jetpack_post_was_ever_published":false,"_jetpack_newsletter_access":"","_jetpack_dont_email_post_to_subs":false,"_jetpack_newsletter_tier_id":0,"_jetpack_memberships_contains_paywalled_content":false,"_jetpack_memberships_contains_paid_content":false,"footnotes":"","jetpack_publicize_message":"","jetpack_publicize_feature_enabled":true,"jetpack_social_post_already_shared":true,"jetpack_social_options":{"image_generator_settings":{"template":"highway","default_image_id":0,"font":"","enabled":false},"version":2}},"categories":[3,20],"tags":[],"class_list":["post-26989","post","type-post","status-publish","format-standard","has-post-thumbnail","hentry","category-novosti","category-obavijesti-o-smrti-i-nekrolozi"],"acf":{"facebook_opis":""},"jetpack_publicize_connections":[],"jetpack_featured_media_url":"https:\/\/i0.wp.com\/historiografija.hr\/wp-content\/uploads\/2021\/07\/memoriam.jpg?fit=500%2C499&ssl=1","jetpack_sharing_enabled":true,"jetpack-related-posts":[],"_links":{"self":[{"href":"https:\/\/historiografija.hr\/index.php?rest_route=\/wp\/v2\/posts\/26989","targetHints":{"allow":["GET"]}}],"collection":[{"href":"https:\/\/historiografija.hr\/index.php?rest_route=\/wp\/v2\/posts"}],"about":[{"href":"https:\/\/historiografija.hr\/index.php?rest_route=\/wp\/v2\/types\/post"}],"author":[{"embeddable":true,"href":"https:\/\/historiografija.hr\/index.php?rest_route=\/wp\/v2\/users\/2"}],"replies":[{"embeddable":true,"href":"https:\/\/historiografija.hr\/index.php?rest_route=%2Fwp%2Fv2%2Fcomments&post=26989"}],"version-history":[{"count":1,"href":"https:\/\/historiografija.hr\/index.php?rest_route=\/wp\/v2\/posts\/26989\/revisions"}],"predecessor-version":[{"id":26991,"href":"https:\/\/historiografija.hr\/index.php?rest_route=\/wp\/v2\/posts\/26989\/revisions\/26991"}],"wp:featuredmedia":[{"embeddable":true,"href":"https:\/\/historiografija.hr\/index.php?rest_route=\/wp\/v2\/media\/26990"}],"wp:attachment":[{"href":"https:\/\/historiografija.hr\/index.php?rest_route=%2Fwp%2Fv2%2Fmedia&parent=26989"}],"wp:term":[{"taxonomy":"category","embeddable":true,"href":"https:\/\/historiografija.hr\/index.php?rest_route=%2Fwp%2Fv2%2Fcategories&post=26989"},{"taxonomy":"post_tag","embeddable":true,"href":"https:\/\/historiografija.hr\/index.php?rest_route=%2Fwp%2Fv2%2Ftags&post=26989"}],"curies":[{"name":"wp","href":"https:\/\/api.w.org\/{rel}","templated":true}]}}