{"id":26977,"date":"2021-07-22T13:12:31","date_gmt":"2021-07-22T13:12:31","guid":{"rendered":"http:\/\/historiografija.hr\/?p=26977"},"modified":"2021-08-03T15:35:22","modified_gmt":"2021-08-03T15:35:22","slug":"liber-amicorum-zbornik-u-cast-profesora-iva-banca-urednici-marijana-kardum-stipe-kljaic","status":"publish","type":"post","link":"https:\/\/historiografija.hr\/?p=26977","title":{"rendered":"LIBER AMICORUM. Zbornik u \u010dast profesora Iva Banca (urednici Marijana Kardum, Stipe Kljai\u0107)"},"content":{"rendered":"\n<p>Rije\u010d je o zborniku radova s me\u0111unarodnoga simpozija odr\u017eanoga u Dubrovniku 2017. godine povodom 70. ro\u0111endana Iva Banca. Zbornik sadr\u017ei rezultate znanstvenih istra\u017eivanja vezanih uz mnogobrojne interese i historiografsku ekspertizu profesora Banca. Uvodni tekst \u201eProfesorov povratak\u201c Andree Feldman sumira najva\u017enija izlaganja sa simpozija, kao i Profesorove komentare. U prvom dijelu zbornika, \u201ePisma i obra\u0107anja\u201c, sadr\u017eano je deset radova u kojima se autori osvr\u0107u na djelovanje profesora Banca i zna\u010daj njegova rada. Autori u ovom tematskom dijelu zbornika su: Shaun M. Byrnes, \u017deljko Tanji\u0107, Garantina Kraja, Tatjana Lorkovi\u0107, Sonja Biserko, Josip Vrande\u010di\u0107, Neboj\u0161a \u010cagorovi\u0107, Anna Di Lellio, Daniel Reardon i Zlatko Hasanbegovi\u0107.<\/p>\n\n\n\n<p><br>U drugom tematskom bloku \u201e\u010clanci i studije\u201c dvanaest je radova koji su djela \u201eprijatelja, kolega i studenata koji su svoja razmi\u0161ljanja o razli\u010ditim razdobljima \u017eivota i karijere Iva Banca, kao i istra\u017eivanja, tekstove i radove koje je on potaknuo i inspirirao, odlu\u010dili podijeliti prvenstveno s njim\u201c. Autori u ovom tematskom dijelu zbornika su: Ivan Vi\u0111en, Marko Attila Hoare, Mile Babi\u0107, Rusmir Mahmut\u0107ehaji\u0107, Stjepan \u0106osi\u0107, Stipe Kljai\u0107, Marijana Kardum, Naida Michal Brandl, Martin Previ\u0161i\u0107, Wollfy Kra\u0161i\u0107, Julijana Anti\u0107 Brautovi\u0107, Mato Brautovi\u0107 i Desmond Maurer.<\/p>\n\n\n\n<p><br>Nakon Profesorove iznenadne smrti, zborniku su pridodani opro\u0161taji Drage \u0160tambuka i \u017deljka Tanji\u0107a. Na samom kraju zbornika nalazi se posljednja verzija Profesorova skra\u0107ena \u017eivotopisa iz 2019. godine.<\/p>\n\n\n\n<p><\/p>\n\n\n\n<p>U zborniku se relevantno i metodolo\u0161ki utemeljeno opisuje zna\u010daj rada na\u0161ega istaknutog povjesni\u010dara Iva Banca. Knjiga je namijenjena povjesni\u010darima, publicistima i novinarima koji su zainteresirani za razmatranje djelovanja Iva Banca. Njegovo minuciozno poznavanje povijesno-politi\u010dkih odnosa na prostoru jugoisto\u010dne Europe i djelovanja u hrvatskom i ameri\u010dkom javnom \u017eivotu, koje nije bilo usko vezano samo uz historiografsku znanost, \u010dine ovu knjigu zanimljivom i \u0161iroj javnosti.<\/p>\n\n\n\n<hr class=\"wp-block-separator\"\/>\n\n\n\n<p>Izdava\u010d: Hrvatska sveu\u010dili\u0161na naklada, Hrvatsko katoli\u010dko sveu\u010dili\u0161te, Institut dru\u0161tvenih znanosti Ivo Pilar<\/p>\n\n\n\n<p>Godina izdavanja: 2021<\/p>\n\n\n\n<p>Op\u0107e informacije: 326 str.<\/p>\n\n\n\n<hr class=\"wp-block-separator\"\/>\n\n\n\n<p>Izvor: <\/p>\n\n\n\n<p><a href=\"https:\/\/www.hsn.hr\/product\/514\/liber-amicorum-zbornik-u-cast-profesora-iva-banca\">https:\/\/www.hsn.hr\/product\/514\/liber-amicorum-zbornik-u-cast-profesora-iva-banca<\/a><\/p>\n\n\n\n<hr class=\"wp-block-separator\"\/>\n\n\n\n<p>Dodatne informacije:<\/p>\n\n\n\n<figure class=\"wp-block-embed-wordpress wp-block-embed is-type-wp-embed is-provider-institut-drustvenih-znanosti-ivo-pilar\"><div class=\"wp-block-embed__wrapper\">\n<blockquote class=\"wp-embedded-content\" data-secret=\"w9DKxCG6JC\"><a href=\"https:\/\/www.pilar.hr\/2021\/07\/objavljen-liber-amicorum-zbornik-radova-u-cast-profesora-iva-banca\/\">Objavljen LIBER AMICORUM &#8211; Zbornik radova u \u010dast profesora Iva Banca<\/a><\/blockquote><iframe loading=\"lazy\" class=\"wp-embedded-content\" sandbox=\"allow-scripts\" security=\"restricted\" style=\"position: absolute; clip: rect(1px, 1px, 1px, 1px);\" title=\"&#8220;Objavljen LIBER AMICORUM &#8211; Zbornik radova u \u010dast profesora Iva Banca&#8221; &#8212; Institut dru\u0161tvenih znanosti Ivo Pilar\" src=\"https:\/\/www.pilar.hr\/2021\/07\/objavljen-liber-amicorum-zbornik-radova-u-cast-profesora-iva-banca\/embed\/#?secret=w9DKxCG6JC\" data-secret=\"w9DKxCG6JC\" width=\"600\" height=\"338\" frameborder=\"0\" marginwidth=\"0\" marginheight=\"0\" scrolling=\"no\"><\/iframe>\n<\/div><\/figure>\n\n\n\n<hr class=\"wp-block-separator\"\/>\n\n\n\n<p>Iz medija:<\/p>\n\n\n\n<p><a href=\"https:\/\/www.hina.hr\/vijest\/10736038\">https:\/\/www.hina.hr\/vijest\/10736038<\/a><\/p>\n\n\n\n<p><a href=\"https:\/\/magazin.hrt.hr\/znanost-tehnologija\/objavljen-zbornik-radova-o-povjesnicaru-ivi-bancu-2420385\">https:\/\/magazin.hrt.hr\/znanost-tehnologija\/objavljen-zbornik-radova-o-povjesnicaru-ivi-bancu-2420385<\/a><\/p>\n\n\n\n<p><a href=\"https:\/\/www.tportal.hr\/kultura\/clanak\/liber-amicorum-objavljen-zbornik-radova-o-povjesnicaru-ivi-bancu-20210722\">https:\/\/www.tportal.hr\/kultura\/clanak\/liber-amicorum-objavljen-zbornik-radova-o-povjesnicaru-ivi-bancu-20210722<\/a><\/p>\n\n\n\n<p><a href=\"https:\/\/www.glasistre.hr\/kultura\/objavljen-zbornik-radova-o-povjesnicaru-ivi-bancu-735323\">https:\/\/www.glasistre.hr\/kultura\/objavljen-zbornik-radova-o-povjesnicaru-ivi-bancu-735323<\/a><\/p>\n\n\n\n<hr class=\"wp-block-separator\"\/>\n","protected":false},"excerpt":{"rendered":"","protected":false},"author":2,"featured_media":26978,"comment_status":"open","ping_status":"open","sticky":false,"template":"","format":"standard","meta":{"_acf_changed":false,"jetpack_post_was_ever_published":false,"_jetpack_newsletter_access":"","_jetpack_dont_email_post_to_subs":false,"_jetpack_newsletter_tier_id":0,"_jetpack_memberships_contains_paywalled_content":false,"_jetpack_memberships_contains_paid_content":false,"footnotes":"","jetpack_publicize_message":"","jetpack_publicize_feature_enabled":true,"jetpack_social_post_already_shared":true,"jetpack_social_options":{"image_generator_settings":{"template":"highway","default_image_id":0,"font":"","enabled":false},"version":2}},"categories":[8,3],"tags":[],"class_list":["post-26977","post","type-post","status-publish","format-standard","has-post-thumbnail","hentry","category-knjige","category-novosti"],"acf":{"facebook_opis":""},"jetpack_publicize_connections":[],"jetpack_featured_media_url":"https:\/\/i0.wp.com\/historiografija.hr\/wp-content\/uploads\/2021\/07\/LIBER_AMICORUM.jpg?fit=601%2C873&ssl=1","jetpack_sharing_enabled":true,"jetpack-related-posts":[],"_links":{"self":[{"href":"https:\/\/historiografija.hr\/index.php?rest_route=\/wp\/v2\/posts\/26977","targetHints":{"allow":["GET"]}}],"collection":[{"href":"https:\/\/historiografija.hr\/index.php?rest_route=\/wp\/v2\/posts"}],"about":[{"href":"https:\/\/historiografija.hr\/index.php?rest_route=\/wp\/v2\/types\/post"}],"author":[{"embeddable":true,"href":"https:\/\/historiografija.hr\/index.php?rest_route=\/wp\/v2\/users\/2"}],"replies":[{"embeddable":true,"href":"https:\/\/historiografija.hr\/index.php?rest_route=%2Fwp%2Fv2%2Fcomments&post=26977"}],"version-history":[{"count":4,"href":"https:\/\/historiografija.hr\/index.php?rest_route=\/wp\/v2\/posts\/26977\/revisions"}],"predecessor-version":[{"id":27094,"href":"https:\/\/historiografija.hr\/index.php?rest_route=\/wp\/v2\/posts\/26977\/revisions\/27094"}],"wp:featuredmedia":[{"embeddable":true,"href":"https:\/\/historiografija.hr\/index.php?rest_route=\/wp\/v2\/media\/26978"}],"wp:attachment":[{"href":"https:\/\/historiografija.hr\/index.php?rest_route=%2Fwp%2Fv2%2Fmedia&parent=26977"}],"wp:term":[{"taxonomy":"category","embeddable":true,"href":"https:\/\/historiografija.hr\/index.php?rest_route=%2Fwp%2Fv2%2Fcategories&post=26977"},{"taxonomy":"post_tag","embeddable":true,"href":"https:\/\/historiografija.hr\/index.php?rest_route=%2Fwp%2Fv2%2Ftags&post=26977"}],"curies":[{"name":"wp","href":"https:\/\/api.w.org\/{rel}","templated":true}]}}