{"id":26974,"date":"2021-07-22T13:01:47","date_gmt":"2021-07-22T13:01:47","guid":{"rendered":"http:\/\/historiografija.hr\/?p=26974"},"modified":"2021-07-22T13:01:47","modified_gmt":"2021-07-22T13:01:47","slug":"ivica-sarac-proslost-kao-povijest","status":"publish","type":"post","link":"https:\/\/historiografija.hr\/?p=26974","title":{"rendered":"Ivica \u0160arac, \u201cPro\u0161lost kao povijest\u201d"},"content":{"rendered":"\n<p>Ova je knjiga rezultat vi\u0161egodi\u0161njeg autorova rada i razmi\u0161ljanja o raznim temama. U prvom dijelu govori o pro\u0161losti i povijesti kao takvoj, osvr\u0107u\u0107i se napose na na\u0161e mjesne prilike, a u drugome dijelu obra\u0111uje razne doga\u0111aje i govori o ljudima koji su stvarali povijest. Ova je knjiga izvrsna prilika za \u0161irenje vidokruga iz op\u0107e kulture. Autor u uvodnoj napomeni ka\u017ee: Ovi redci nastajali su u nesvakida\u0161nje i po mnogo\u010demu misteriozno doba, kada \u010dovjek, propituju\u0107i sve i sva\u0161ta vezano uz izazove suvremenoga na\u010dina \u017eivota, povremeno sebe \u201cuhvati\u201d kako o nekim krupnim \u017eivotnim temama (o vlastitim i kolektivnim identitetima, o povijesti, o sje\u0107anju i pam\u0107enju, o smislu \u017eivota, o obitelji, o budu\u0107nosti, o smrti, o transcendenciji, o Bogu) razmi\u0161lja na druk\u010diji na\u010din ili barem intenzivnije negoli ranije u tzv. \u201cnormalnim\u201d okolnostima, posve uvjeren da je s prolje\u0107a 2020. u njegov \u017eivot, \u0161tovi\u0161e posred \u010ditava \u010dovje\u010danstva, zasjekao jedan o\u0161tar rez, koji ve\u0107 sada ostavlja tako dubok trag da bi mogao u\u0107i u kategoriju tzv. razdjelnica povijesti.<\/p>\n\n\n\n<hr class=\"wp-block-separator\"\/>\n\n\n\n<p>Izvor: <a href=\"https:\/\/www.cnak.ba\/nasa-izdanja\/proslost-kao-povijest\/\">https:\/\/www.cnak.ba\/nasa-izdanja\/proslost-kao-povijest\/<\/a><\/p>\n\n\n\n<hr class=\"wp-block-separator\"\/>\n","protected":false},"excerpt":{"rendered":"","protected":false},"author":2,"featured_media":26975,"comment_status":"open","ping_status":"open","sticky":false,"template":"","format":"standard","meta":{"_acf_changed":false,"jetpack_post_was_ever_published":false,"_jetpack_newsletter_access":"","_jetpack_dont_email_post_to_subs":false,"_jetpack_newsletter_tier_id":0,"_jetpack_memberships_contains_paywalled_content":false,"_jetpack_memberships_contains_paid_content":false,"footnotes":"","jetpack_publicize_message":"","jetpack_publicize_feature_enabled":true,"jetpack_social_post_already_shared":true,"jetpack_social_options":{"image_generator_settings":{"template":"highway","default_image_id":0,"font":"","enabled":false},"version":2}},"categories":[8,3],"tags":[],"class_list":["post-26974","post","type-post","status-publish","format-standard","has-post-thumbnail","hentry","category-knjige","category-novosti"],"acf":{"facebook_opis":""},"jetpack_publicize_connections":[],"jetpack_featured_media_url":"https:\/\/i0.wp.com\/historiografija.hr\/wp-content\/uploads\/2021\/07\/proslost-kao-povijest.jpg?fit=800%2C800&ssl=1","jetpack_sharing_enabled":true,"jetpack-related-posts":[],"_links":{"self":[{"href":"https:\/\/historiografija.hr\/index.php?rest_route=\/wp\/v2\/posts\/26974","targetHints":{"allow":["GET"]}}],"collection":[{"href":"https:\/\/historiografija.hr\/index.php?rest_route=\/wp\/v2\/posts"}],"about":[{"href":"https:\/\/historiografija.hr\/index.php?rest_route=\/wp\/v2\/types\/post"}],"author":[{"embeddable":true,"href":"https:\/\/historiografija.hr\/index.php?rest_route=\/wp\/v2\/users\/2"}],"replies":[{"embeddable":true,"href":"https:\/\/historiografija.hr\/index.php?rest_route=%2Fwp%2Fv2%2Fcomments&post=26974"}],"version-history":[{"count":1,"href":"https:\/\/historiografija.hr\/index.php?rest_route=\/wp\/v2\/posts\/26974\/revisions"}],"predecessor-version":[{"id":26976,"href":"https:\/\/historiografija.hr\/index.php?rest_route=\/wp\/v2\/posts\/26974\/revisions\/26976"}],"wp:featuredmedia":[{"embeddable":true,"href":"https:\/\/historiografija.hr\/index.php?rest_route=\/wp\/v2\/media\/26975"}],"wp:attachment":[{"href":"https:\/\/historiografija.hr\/index.php?rest_route=%2Fwp%2Fv2%2Fmedia&parent=26974"}],"wp:term":[{"taxonomy":"category","embeddable":true,"href":"https:\/\/historiografija.hr\/index.php?rest_route=%2Fwp%2Fv2%2Fcategories&post=26974"},{"taxonomy":"post_tag","embeddable":true,"href":"https:\/\/historiografija.hr\/index.php?rest_route=%2Fwp%2Fv2%2Ftags&post=26974"}],"curies":[{"name":"wp","href":"https:\/\/api.w.org\/{rel}","templated":true}]}}