{"id":26968,"date":"2021-07-22T12:47:46","date_gmt":"2021-07-22T12:47:46","guid":{"rendered":"http:\/\/historiografija.hr\/?p=26968"},"modified":"2021-07-22T12:47:46","modified_gmt":"2021-07-22T12:47:46","slug":"hrvoje-mandic-hercegovacka-franjevacka-provincija-u-drugom-svjetskom-ratu-i-poracu","status":"publish","type":"post","link":"https:\/\/historiografija.hr\/?p=26968","title":{"rendered":"Hrvoje Mandi\u0107, \u201cHercegova\u010dka franjeva\u010dka provincija u Drugom svjetskom ratu i pora\u0107u\u201d"},"content":{"rendered":"\n<p>Knjiga se&nbsp;temelji na desetlje\u0107ima istra\u017eivanja problematike hercegova\u010dkih franjevaca u Drugom svjetskom ratu i pora\u0107u. U historiografiji do ove knjige nije objavljena cjelovita sinteza o Hercegova\u010dkoj franjeva\u010dkoj provinciji u Drugome svjetskome ratu i pora\u0107u, iako je posebice u Bosni i Hercegovini kvalitetno postavljen istra\u017eiva\u010dki temelj, iskoristiv za prou\u010davanje povijesti Hercegova\u010dke franjeva\u010dke provincije u razdoblju od 1941. do 1945. Ta je tematika posebno zanimljiva jer je rije\u010d o najte\u017eem razdoblju za franjeva\u010dki red u Hercegovini, ali i za Katoli\u010dku crkvu te hrvatski narod u vremenu Drugog svjetskog rata i pora\u0107a. Stoga se u knjizi nalaze slo\u017eena analiza zbivanja unutar franjeva\u010dkoga reda na podru\u010dju \u0160irokoga Brijega tijekom Drugoga svjetskog rata i nakon njega, franjeva\u010dko djelovanje, utjecaj i posljedice partizanskog osvajanja \u0160irokoga Brijega neposredno pred zavr\u0161etak rata.<\/p>\n\n\n\n<p>Knjiga donosi cjelovit prikaz vjerske dimenzije dru\u0161tvenoga \u017eivota koji se zna\u010dajno i suprotstavljeno isprepletao s komunisti\u010dkim re\u017eimom, koji je netom po svr\u0161etku Drugoga svjetskog rata institucionaliziran i formaliziran, iako nije bio i op\u0107eprihva\u0107en me\u0111u Hrvatima u Hercegovini.\u00a0<\/p>\n\n\n\n<hr class=\"wp-block-separator\"\/>\n\n\n\n<p>Izvor:<\/p>\n\n\n\n<p><a href=\"https:\/\/www.agm.hr\/hr\/shop\/hercegovacka-franjevacka-provincija-u-drugom-svjetskom-ratu-i-poracu,863.html\">https:\/\/www.agm.hr\/hr\/shop\/hercegovacka-franjevacka-provincija-u-drugom-svjetskom-ratu-i-poracu,863.html<\/a><\/p>\n\n\n\n<hr class=\"wp-block-separator\"\/>\n","protected":false},"excerpt":{"rendered":"","protected":false},"author":2,"featured_media":26969,"comment_status":"open","ping_status":"open","sticky":false,"template":"","format":"standard","meta":{"_acf_changed":false,"jetpack_post_was_ever_published":false,"_jetpack_newsletter_access":"","_jetpack_dont_email_post_to_subs":false,"_jetpack_newsletter_tier_id":0,"_jetpack_memberships_contains_paywalled_content":false,"_jetpack_memberships_contains_paid_content":false,"footnotes":"","jetpack_publicize_message":"","jetpack_publicize_feature_enabled":true,"jetpack_social_post_already_shared":true,"jetpack_social_options":{"image_generator_settings":{"template":"highway","default_image_id":0,"font":"","enabled":false},"version":2}},"categories":[8,3],"tags":[],"class_list":["post-26968","post","type-post","status-publish","format-standard","has-post-thumbnail","hentry","category-knjige","category-novosti"],"acf":{"facebook_opis":""},"jetpack_publicize_connections":[],"jetpack_featured_media_url":"https:\/\/i0.wp.com\/historiografija.hr\/wp-content\/uploads\/2021\/07\/Franjevci-naslovnica.jpg?fit=287%2C431&ssl=1","jetpack_sharing_enabled":true,"jetpack-related-posts":[],"_links":{"self":[{"href":"https:\/\/historiografija.hr\/index.php?rest_route=\/wp\/v2\/posts\/26968","targetHints":{"allow":["GET"]}}],"collection":[{"href":"https:\/\/historiografija.hr\/index.php?rest_route=\/wp\/v2\/posts"}],"about":[{"href":"https:\/\/historiografija.hr\/index.php?rest_route=\/wp\/v2\/types\/post"}],"author":[{"embeddable":true,"href":"https:\/\/historiografija.hr\/index.php?rest_route=\/wp\/v2\/users\/2"}],"replies":[{"embeddable":true,"href":"https:\/\/historiografija.hr\/index.php?rest_route=%2Fwp%2Fv2%2Fcomments&post=26968"}],"version-history":[{"count":1,"href":"https:\/\/historiografija.hr\/index.php?rest_route=\/wp\/v2\/posts\/26968\/revisions"}],"predecessor-version":[{"id":26970,"href":"https:\/\/historiografija.hr\/index.php?rest_route=\/wp\/v2\/posts\/26968\/revisions\/26970"}],"wp:featuredmedia":[{"embeddable":true,"href":"https:\/\/historiografija.hr\/index.php?rest_route=\/wp\/v2\/media\/26969"}],"wp:attachment":[{"href":"https:\/\/historiografija.hr\/index.php?rest_route=%2Fwp%2Fv2%2Fmedia&parent=26968"}],"wp:term":[{"taxonomy":"category","embeddable":true,"href":"https:\/\/historiografija.hr\/index.php?rest_route=%2Fwp%2Fv2%2Fcategories&post=26968"},{"taxonomy":"post_tag","embeddable":true,"href":"https:\/\/historiografija.hr\/index.php?rest_route=%2Fwp%2Fv2%2Ftags&post=26968"}],"curies":[{"name":"wp","href":"https:\/\/api.w.org\/{rel}","templated":true}]}}