{"id":26964,"date":"2021-07-21T11:19:53","date_gmt":"2021-07-21T11:19:53","guid":{"rendered":"http:\/\/historiografija.hr\/?p=26964"},"modified":"2021-07-21T11:22:08","modified_gmt":"2021-07-21T11:22:08","slug":"iva-beljan-kovacic-knjizevnost-i-historiografija-knjizevnopovijesne-studije","status":"publish","type":"post","link":"https:\/\/historiografija.hr\/?p=26964","title":{"rendered":"Iva Beljan Kova\u010di\u0107: KNJI\u017dEVNOST I HISTORIOGRAFIJA \u2013 Knji\u017eevnopovijesne studije"},"content":{"rendered":"\n<p>Knjiga okuplja deset studija najve\u0107im dijelom posve\u0107enih starijoj hrvatskoj knji\u017eevnosti u Bosni i Hercegovini i njezinoj prezentaciji u povijestima knji\u017eevnosti. Ovaj segment hrvatske knji\u017eevnosti autorica promatra kao dio \u0161ireg fenomena kulture franjevaca Bosne Srebrene, koja je u predmodernom razdoblju obuhva\u0107ala i zagorsku Dalmaciju, Slavoniju, Srijem, Ba\u010dku, Banat i ju\u017enu Ugarsku. Tekstove povezuje i interes za prou\u010davanje odnosa historiografskog i knji\u017eevnoumjetni\u010dkog aspekta ove knji\u017eevne tradicije.<\/p>\n\n\n\n<p>Prvi dio knjige bavi se poetikom starije hrvatske (franjeva\u010dke) knji\u017eevnosti u Bosni i Hercegovini i njezinim odnosom prema historiografskom pismu, a zatim i utjecaju koji je ova knji\u017eevnost &#8211; samostanske kronike \u2013 imala na pripovjeda\u010de 20. i 21. stolje\u0107a (Ivu Andri\u0107a, Miljenka Jergovi\u0107a, Josipa Mlaki\u0107a, Enesa Kari\u0107a). Drugi dio knjige istra\u017euje kako je hrvatska knji\u017eevnost Bosne i Hercegovine prezentirana i vrednovana u hrvatskoj i bosanskohercegova\u010dkoj znanosti o knji\u017eevnosti.<\/p>\n\n\n\n<p>Knjiga <em>Knji\u017eevnost i historiografija<\/em> bavi se nedovoljno prou\u010denim segmentom starije hrvatske knji\u017eevnosti nastalim na tlu dana\u0161nje Bosne i Hercegovine. Koncentrira se na plodne odnose te knji\u017eevne tradicije s historiografskim pismom te na njezin utjecaj na suvremene pripovjeda\u010de. Bave\u0107i se njezinom statusom u povijestima knji\u017eevnosti autorica predla\u017ee nove na\u010dine njezina knji\u017eevnopovijesnog prezentiranja i vrednovanja, smje\u0161taju\u0107i je u kontekst franjeva\u010dke knji\u017eevnosti Bosne Srebrene, te bosanskohercegova\u010dke i hrvatske kulture.<\/p>\n\n\n\n<hr class=\"wp-block-separator\"\/>\n\n\n\n<p>Izdava\u010d: Hrvatska sveu\u010dili\u0161na naklada d.o.o.<\/p>\n\n\n\n<p>Godina izdavanja: 2021<\/p>\n\n\n\n<p>Op\u0107e informacije: 214 str.<\/p>\n\n\n\n<hr class=\"wp-block-separator\"\/>\n\n\n\n<p>Izvor:<\/p>\n\n\n\n<p><a href=\"https:\/\/www.hsn.hr\/product\/512\/iva-beljan-kovacic-knjizevnost-i-historiografija-knjizevnopovijesne-studije\">https:\/\/www.hsn.hr\/product\/512\/iva-beljan-kovacic-knjizevnost-i-historiografija-knjizevnopovijesne-studije<\/a><\/p>\n\n\n\n<hr class=\"wp-block-separator\"\/>\n","protected":false},"excerpt":{"rendered":"","protected":false},"author":2,"featured_media":26967,"comment_status":"open","ping_status":"open","sticky":false,"template":"","format":"standard","meta":{"_acf_changed":false,"jetpack_post_was_ever_published":false,"_jetpack_newsletter_access":"","_jetpack_dont_email_post_to_subs":false,"_jetpack_newsletter_tier_id":0,"_jetpack_memberships_contains_paywalled_content":false,"_jetpack_memberships_contains_paid_content":false,"footnotes":"","jetpack_publicize_message":"","jetpack_publicize_feature_enabled":true,"jetpack_social_post_already_shared":true,"jetpack_social_options":{"image_generator_settings":{"template":"highway","default_image_id":0,"font":"","enabled":false},"version":2}},"categories":[8,3,12],"tags":[],"class_list":["post-26964","post","type-post","status-publish","format-standard","has-post-thumbnail","hentry","category-knjige","category-novosti","category-knjizevnost"],"acf":{"facebook_opis":""},"jetpack_publicize_connections":[],"jetpack_featured_media_url":"https:\/\/i0.wp.com\/historiografija.hr\/wp-content\/uploads\/2021\/07\/KNJIZ_HISTORIOGRAFIJA.png?fit=597%2C374&ssl=1","jetpack_sharing_enabled":true,"jetpack-related-posts":[],"_links":{"self":[{"href":"https:\/\/historiografija.hr\/index.php?rest_route=\/wp\/v2\/posts\/26964","targetHints":{"allow":["GET"]}}],"collection":[{"href":"https:\/\/historiografija.hr\/index.php?rest_route=\/wp\/v2\/posts"}],"about":[{"href":"https:\/\/historiografija.hr\/index.php?rest_route=\/wp\/v2\/types\/post"}],"author":[{"embeddable":true,"href":"https:\/\/historiografija.hr\/index.php?rest_route=\/wp\/v2\/users\/2"}],"replies":[{"embeddable":true,"href":"https:\/\/historiografija.hr\/index.php?rest_route=%2Fwp%2Fv2%2Fcomments&post=26964"}],"version-history":[{"count":1,"href":"https:\/\/historiografija.hr\/index.php?rest_route=\/wp\/v2\/posts\/26964\/revisions"}],"predecessor-version":[{"id":26966,"href":"https:\/\/historiografija.hr\/index.php?rest_route=\/wp\/v2\/posts\/26964\/revisions\/26966"}],"wp:featuredmedia":[{"embeddable":true,"href":"https:\/\/historiografija.hr\/index.php?rest_route=\/wp\/v2\/media\/26967"}],"wp:attachment":[{"href":"https:\/\/historiografija.hr\/index.php?rest_route=%2Fwp%2Fv2%2Fmedia&parent=26964"}],"wp:term":[{"taxonomy":"category","embeddable":true,"href":"https:\/\/historiografija.hr\/index.php?rest_route=%2Fwp%2Fv2%2Fcategories&post=26964"},{"taxonomy":"post_tag","embeddable":true,"href":"https:\/\/historiografija.hr\/index.php?rest_route=%2Fwp%2Fv2%2Ftags&post=26964"}],"curies":[{"name":"wp","href":"https:\/\/api.w.org\/{rel}","templated":true}]}}