{"id":26955,"date":"2021-07-21T09:32:33","date_gmt":"2021-07-21T09:32:33","guid":{"rendered":"http:\/\/historiografija.hr\/?p=26955"},"modified":"2021-07-21T09:32:33","modified_gmt":"2021-07-21T09:32:33","slug":"fazileta-hafizovic-prev-i-prir-popisi-pakrackog-sandzaka-1565-i-1584","status":"publish","type":"post","link":"https:\/\/historiografija.hr\/?p=26955","title":{"rendered":"Fazileta Hafizovi\u0107 (prev. i prir.), \u201cPopisi Pakra\u010dkog sand\u017eaka 1565. i 1584.\u201d"},"content":{"rendered":"\n<p>Hrvatski institut za povijest &#8211; Podru\u017enica za povijest Slavonije, Srijema i Baranje u Slavonskom Brodu objavila je 2021. godine knjigu \u201cPopisi Pakra\u010dkog sand\u017eaka 1565. i 1584.\u201d koju je iz osmanskoturskog izvornika prevela i priredila Fazileta Hafizovi\u0107.<\/p>\n\n\n\n<hr class=\"wp-block-separator\"\/>\n\n\n\n<p>Iz razdoblja osmanske vlasti nije se u vezi s na\u0161im podru\u010djem sa\u010duvala ni izdaleka onolika koli\u010dina diplomati\u010dkih dokumenata razli\u010ditih provenijencija kao iz srednjeg vijeka (vladarski, velika\u0161ki, \u017eupanijski, gradski, crkveni, privatni dokumenti). No, osmanska je dr\u017eava za svoje vlasti u isto\u010dnom me\u0111urje\u010dju provela nekoliko detaljnih popisa poreznih obveza i obveznika po naseljima i biv\u0161im naseljima (mezrama), ostaviv\u0161i tako obilje vrlo pouzdanih i dragocjenih podataka o naseljima, njihovim \u017eiteljima, gospodarskim aktivnostima i op\u0107enito kulturnoj i prirodnoj topografiji tada\u0161nje Slavonije i Srijema. Nakon objavljivanja dvaju op\u0161irnih popisa za dva velika sand\u017eaka u me\u0111urje\u010dju, Srijemski i Po\u017ee\u0161ki, ostao je kao klju\u010dni deziderat sli\u010dan filolo\u0161ki pothvat i za tre\u0107i sand\u017eak u tom zemljopisnom okviru, onaj najzapadniji i prostorno najmanji \u2013 Pakra\u010dki. Objavljivanjem popisa toga sand\u017eaka zaokru\u017euje se podrobna slika naselja u krajevima od Ilove do Dunava u doba osmanske vladavine.<\/p>\n\n\n\n<p>Pakra\u010dki je sand\u017eak bio detaljno popisan dvaput, ili su se samo dva popisa sa\u010duvala. Oba popisa \u2013 prvi iz 1565, a drugi iz 1584. \u2013 objavljuju se sada u ovoj knjizi u hrvatskom prijevodu. Prevela ih je prema istanbulskim rukopisima i bogato opremila egdoti\u010dko-filolo\u0161kim, topografskim i drugim popratnim bilje\u0161kama Fazileta Hafizovi\u0107, ugledna povjesni\u010darka, osmanistica i orijentalistica koja je svoj radni vijek, od 1976. do 2018., provela na Orijentalnom institutu u Sarajevu. Posebno je velik doprinos dala istra\u017eivanju podru\u010dja u kojem se povijest Osmanskog Carstva preklapa s povije\u0161\u0107u hrvatskih krajeva, objavljuju\u0107i izvornu gra\u0111u i znanstvene radove ponajvi\u0161e o povijesti dvaju sand\u017eaka, Po\u017ee\u0161koga i Kli\u0161koga. U to istra\u017eiva\u010dko zanimanje za podru\u010dja koja tvore sjeverni i zapadni obod osmanskoga Bosanskog pa\u0161aluka (ejaleta) sada se uklapa i izdanje deftera Pakra\u010dkog sand\u017eaka. Nema sumnje da \u0107e izdanje ovih osmanskih vrela imati neprocjenjivu vrijednost za sva budu\u0107a istra\u017eivanja demografske, gospodarske, religijske, kao i drugih vidova povijesti Slavonije\u00a0u ranom novom vijeku.<\/p>\n\n\n\n<hr class=\"wp-block-separator\"\/>\n\n\n\n<p>Autor: Fazileta Hafizovi\u0107 (prev. i prir.)<\/p>\n\n\n\n<p>Broj stranica: 448<\/p>\n\n\n\n<p>Godina izdanja: 2021.<\/p>\n\n\n\n<hr class=\"wp-block-separator\"\/>\n\n\n\n<p>Izvor i sadr\u017eaj:<\/p>\n\n\n\n<figure class=\"wp-block-embed-wordpress wp-block-embed is-type-wp-embed is-provider-hrvatski-institut-za-povijest\"><div class=\"wp-block-embed__wrapper\">\n<blockquote class=\"wp-embedded-content\" data-secret=\"69W1o4oo9f\"><a href=\"http:\/\/hipsb.hr\/proizvod\/popisi-pakrackog-sandzaka-1565-i-1584\/\">Popisi Pakra\u010dkog sand\u017eaka 1565. i 1584.<\/a><\/blockquote><iframe loading=\"lazy\" class=\"wp-embedded-content\" sandbox=\"allow-scripts\" security=\"restricted\" style=\"position: absolute; clip: rect(1px, 1px, 1px, 1px);\" title=\"&#8220;Popisi Pakra\u010dkog sand\u017eaka 1565. i 1584.&#8221; &#8212; Hrvatski institut za povijest\" src=\"http:\/\/hipsb.hr\/proizvod\/popisi-pakrackog-sandzaka-1565-i-1584\/embed\/#?secret=69W1o4oo9f\" data-secret=\"69W1o4oo9f\" width=\"600\" height=\"338\" frameborder=\"0\" marginwidth=\"0\" marginheight=\"0\" scrolling=\"no\"><\/iframe>\n<\/div><\/figure>\n\n\n\n<hr class=\"wp-block-separator\"\/>\n","protected":false},"excerpt":{"rendered":"","protected":false},"author":2,"featured_media":26956,"comment_status":"open","ping_status":"open","sticky":false,"template":"","format":"standard","meta":{"_acf_changed":false,"jetpack_post_was_ever_published":false,"_jetpack_newsletter_access":"","_jetpack_dont_email_post_to_subs":false,"_jetpack_newsletter_tier_id":0,"_jetpack_memberships_contains_paywalled_content":false,"_jetpack_memberships_contains_paid_content":false,"footnotes":"","jetpack_publicize_message":"","jetpack_publicize_feature_enabled":true,"jetpack_social_post_already_shared":true,"jetpack_social_options":{"image_generator_settings":{"template":"highway","default_image_id":0,"font":"","enabled":false},"version":2}},"categories":[8,3],"tags":[],"class_list":["post-26955","post","type-post","status-publish","format-standard","has-post-thumbnail","hentry","category-knjige","category-novosti"],"acf":{"facebook_opis":""},"jetpack_publicize_connections":[],"jetpack_featured_media_url":"https:\/\/i0.wp.com\/historiografija.hr\/wp-content\/uploads\/2021\/07\/Hafizovic-Popisi-korice.jpg?fit=300%2C439&ssl=1","jetpack_sharing_enabled":true,"jetpack-related-posts":[],"_links":{"self":[{"href":"https:\/\/historiografija.hr\/index.php?rest_route=\/wp\/v2\/posts\/26955","targetHints":{"allow":["GET"]}}],"collection":[{"href":"https:\/\/historiografija.hr\/index.php?rest_route=\/wp\/v2\/posts"}],"about":[{"href":"https:\/\/historiografija.hr\/index.php?rest_route=\/wp\/v2\/types\/post"}],"author":[{"embeddable":true,"href":"https:\/\/historiografija.hr\/index.php?rest_route=\/wp\/v2\/users\/2"}],"replies":[{"embeddable":true,"href":"https:\/\/historiografija.hr\/index.php?rest_route=%2Fwp%2Fv2%2Fcomments&post=26955"}],"version-history":[{"count":1,"href":"https:\/\/historiografija.hr\/index.php?rest_route=\/wp\/v2\/posts\/26955\/revisions"}],"predecessor-version":[{"id":26957,"href":"https:\/\/historiografija.hr\/index.php?rest_route=\/wp\/v2\/posts\/26955\/revisions\/26957"}],"wp:featuredmedia":[{"embeddable":true,"href":"https:\/\/historiografija.hr\/index.php?rest_route=\/wp\/v2\/media\/26956"}],"wp:attachment":[{"href":"https:\/\/historiografija.hr\/index.php?rest_route=%2Fwp%2Fv2%2Fmedia&parent=26955"}],"wp:term":[{"taxonomy":"category","embeddable":true,"href":"https:\/\/historiografija.hr\/index.php?rest_route=%2Fwp%2Fv2%2Fcategories&post=26955"},{"taxonomy":"post_tag","embeddable":true,"href":"https:\/\/historiografija.hr\/index.php?rest_route=%2Fwp%2Fv2%2Ftags&post=26955"}],"curies":[{"name":"wp","href":"https:\/\/api.w.org\/{rel}","templated":true}]}}