{"id":26946,"date":"2021-07-20T09:33:24","date_gmt":"2021-07-20T09:33:24","guid":{"rendered":"http:\/\/historiografija.hr\/?p=26946"},"modified":"2021-07-20T09:33:24","modified_gmt":"2021-07-20T09:33:24","slug":"virtualna-izlozba-digitalizacijom-sacuvana-uspomena-na-ostvarenje-hrvatske-neovisnosti","status":"publish","type":"post","link":"https:\/\/historiografija.hr\/?p=26946","title":{"rendered":"Virtualna izlo\u017eba \u201eDigitalizacijom sa\u010duvana uspomena na ostvarenje hrvatske neovisnosti\u201c"},"content":{"rendered":"\n<p>U srijedu, 9. lipnja 2021., unutar manifestacije \u201eMe\u0111unarodni tjedan arhiva\u201c otvorena je virtualna izlo\u017eba&nbsp;<em><a href=\"http:\/\/izlozba.arhiv.hr\/\">Digitalizacijom sa\u010duvana uspomena na ostvarenje hrvatske neovisnosti<\/a>&nbsp;<\/em>kojom smo obilje\u017eili tridesetu obljetnicu stvaranja suvremene hrvatske dr\u017eave. Izlo\u017ebu \u010dini digitalizirano arhivsko gradivo koje kronolo\u0161ki prati tijek osamostaljivanja Republike Hrvatske, a predstavljene snimke rezultat su procesa digitalizacije arhivskoga gradiva u Hrvatskome dr\u017eavnom arhivu koja se provodi radi o\u010duvanja zapisa i pove\u0107anja njihove dostupnosti.<\/p>\n\n\n\n<p><a href=\"http:\/\/www.arhiv.hr\/Portals\/0\/plakat200V-print-M.PDF\">Plakat<\/a><\/p>\n\n\n\n<hr class=\"wp-block-separator\"\/>\n\n\n\n<p>Izvor: <a href=\"http:\/\/www.arhiv.hr\/hr-hr\/Izlozbe-i-dogadjanja\/ArticleId\/1476\/oamid\/1633\">http:\/\/www.arhiv.hr\/hr-hr\/Izlozbe-i-dogadjanja\/ArticleId\/1476\/oamid\/1633<\/a><\/p>\n\n\n\n<hr class=\"wp-block-separator\"\/>\n","protected":false},"excerpt":{"rendered":"","protected":false},"author":2,"featured_media":26947,"comment_status":"open","ping_status":"open","sticky":false,"template":"","format":"standard","meta":{"_acf_changed":false,"jetpack_post_was_ever_published":false,"_jetpack_newsletter_access":"","_jetpack_dont_email_post_to_subs":false,"_jetpack_newsletter_tier_id":0,"_jetpack_memberships_contains_paywalled_content":false,"_jetpack_memberships_contains_paid_content":false,"footnotes":"","jetpack_publicize_message":"","jetpack_publicize_feature_enabled":true,"jetpack_social_post_already_shared":true,"jetpack_social_options":{"image_generator_settings":{"template":"highway","default_image_id":0,"font":"","enabled":false},"version":2}},"categories":[10,3],"tags":[],"class_list":["post-26946","post","type-post","status-publish","format-standard","has-post-thumbnail","hentry","category-izlozbe","category-novosti"],"acf":{"facebook_opis":""},"jetpack_publicize_connections":[],"jetpack_featured_media_url":"https:\/\/i0.wp.com\/historiografija.hr\/wp-content\/uploads\/2021\/07\/Neovisnost.jpg?fit=500%2C500&ssl=1","jetpack_sharing_enabled":true,"jetpack-related-posts":[],"_links":{"self":[{"href":"https:\/\/historiografija.hr\/index.php?rest_route=\/wp\/v2\/posts\/26946","targetHints":{"allow":["GET"]}}],"collection":[{"href":"https:\/\/historiografija.hr\/index.php?rest_route=\/wp\/v2\/posts"}],"about":[{"href":"https:\/\/historiografija.hr\/index.php?rest_route=\/wp\/v2\/types\/post"}],"author":[{"embeddable":true,"href":"https:\/\/historiografija.hr\/index.php?rest_route=\/wp\/v2\/users\/2"}],"replies":[{"embeddable":true,"href":"https:\/\/historiografija.hr\/index.php?rest_route=%2Fwp%2Fv2%2Fcomments&post=26946"}],"version-history":[{"count":1,"href":"https:\/\/historiografija.hr\/index.php?rest_route=\/wp\/v2\/posts\/26946\/revisions"}],"predecessor-version":[{"id":26948,"href":"https:\/\/historiografija.hr\/index.php?rest_route=\/wp\/v2\/posts\/26946\/revisions\/26948"}],"wp:featuredmedia":[{"embeddable":true,"href":"https:\/\/historiografija.hr\/index.php?rest_route=\/wp\/v2\/media\/26947"}],"wp:attachment":[{"href":"https:\/\/historiografija.hr\/index.php?rest_route=%2Fwp%2Fv2%2Fmedia&parent=26946"}],"wp:term":[{"taxonomy":"category","embeddable":true,"href":"https:\/\/historiografija.hr\/index.php?rest_route=%2Fwp%2Fv2%2Fcategories&post=26946"},{"taxonomy":"post_tag","embeddable":true,"href":"https:\/\/historiografija.hr\/index.php?rest_route=%2Fwp%2Fv2%2Ftags&post=26946"}],"curies":[{"name":"wp","href":"https:\/\/api.w.org\/{rel}","templated":true}]}}