{"id":26934,"date":"2021-07-19T13:16:21","date_gmt":"2021-07-19T13:16:21","guid":{"rendered":"http:\/\/historiografija.hr\/?p=26934"},"modified":"2021-07-19T13:16:21","modified_gmt":"2021-07-19T13:16:21","slug":"nastavni-materijal-o-antiratnim-i-mirovnim-inicijativama-1990-ih","status":"publish","type":"post","link":"https:\/\/historiografija.hr\/?p=26934","title":{"rendered":"Nastavni materijal o antiratnim i mirovnim inicijativama 1990-ih"},"content":{"rendered":"\n<p>Centar za gra\u0111ansko obrazovanje (CGO) iz Podgorice je sa svojim regionalnim partnerima \u2013 Forumom ZfD (Beograd), Inicijativom mladih za ljudska prava (Zagreb) i Udru\u017eenjem za modernu istoriju (Sarajevo) \u2013 kreirao set pomo\u0107nog nastavnog materijala na temu antiratnih i mirovnih inicijativa tokom ratova 90ih na prostoru biv\u0161e Jugoslavije.<\/p>\n\n\n\n<p>Ove nastavne radionice su kreirane iz potrebe da se prika\u017ee dio istorije koji je nedovoljno poznat i zastupljen u nacionalnim kurikulumima, a pored nacionalne ima i regionalnu dimenziju. Antiratni pokreti i mirovne inicijative tokom ratova 90ih na prostoru biv\u0161e Jugoslavije su imali dalekose\u017ene uticaje kako na doga\u0111anja 90ih, tako i na razvoj post-jugoslovenih dru\u0161tava, a ostaju i dalje bez adekvatnog adresiranja u obrazovnom procesu.<\/p>\n\n\n\n<p>Regionalni autorski tim kreirao je \u010detiri nacionalne radionice koje primarno uklju\u010duju izvore iz dr\u017eave koje obra\u0111uju, ali su osmi\u0161ljene prema zajedni\u010dki usagla\u0161enim metodologijama. Svaka radionica uklju\u010duje metodolo\u0161ki i kontektsualni uvod, fokusiraju\u0107i se na izazove i zna\u010daj predavanja ove teme, odabrani set nacionalnih izvora, kao i zasebne primjere za sprovo\u0111enje \u010dasa sa dostavljenim izvorima.<\/p>\n\n\n\n<p>Istorijski edukatori iz regiona imaju mogu\u0107nsot da za svoju zemlju koriste bilo koji od kreirana \u010detiri nastavna plana, sa izvorima iz svoje dr\u017eave ili iz ostalih dr\u017eava, i kroz komparativnu analizu dodatno pro\u0161ire znanje o ovom zna\u010dajnom dru\u0161tvenom pokretu.<\/p>\n\n\n\n<p>Materijal je pilotiran kroz \u010detiri nacionalne radionice, odr\u017eane online tokom mjeseca jula u Hrvatskoj, Srbiji, i Crnoj Gori i u sklopu History Festa-a u Sarajevu.<\/p>\n\n\n\n<p>Na materijalu su za Hrvatsku radili autorka dr.sc. Maja Nenadovi\u0107, urednik Nikica Torbica i kordinatorka Branka Vierda, u Srbiji autor Aleksandar Todosijevi\u0107 i urednica Ana Pejovi\u0107, u Crnoj Gori autor Igor Radulovi\u0107 i urednik Milo\u0161 Vukanovi\u0107, i za Bosnu i Hercegovinu autor Edin Omer\u010di\u0107.<\/p>\n\n\n\n<p>Radionice na temu Antiratnih i mirovnih inicijativa tokom ratova 90ih na prostoru biv\u0161e Jugoslavije kreirane su u sklopu projekta \u201eRazli\u010diti putevi \u2013 zajedni\u010dke vrijednosti\u201c koji je podr\u017ean od strane Evropske unije, u okviru programa Evropa za gra\u0111ane.<\/p>\n\n\n\n<p>\u010citav materijal dostupan je <a rel=\"noreferrer noopener\" href=\"https:\/\/www.historiografija.ba\/assets\/documents\/521_Antiratne-inicijative_objedinjeno.pdf\" target=\"_blank\">ovdje.<\/a><\/p>\n\n\n\n<hr class=\"wp-block-separator\"\/>\n\n\n\n<p>Preuzeto s portala <strong>Historiografija.ba<\/strong>:<\/p>\n\n\n\n<p><em>Regionalni pristup kao najbolji metod adresiranja kompleksnih historijskih tema<\/em><\/p>\n\n\n\n<p><a href=\"https:\/\/www.historiografija.ba\/article.php?id=521\">https:\/\/www.historiografija.ba\/article.php?id=521<\/a><\/p>\n\n\n\n<hr class=\"wp-block-separator\"\/>\n","protected":false},"excerpt":{"rendered":"","protected":false},"author":2,"featured_media":26935,"comment_status":"open","ping_status":"open","sticky":false,"template":"","format":"standard","meta":{"_acf_changed":false,"jetpack_post_was_ever_published":false,"_jetpack_newsletter_access":"","_jetpack_dont_email_post_to_subs":false,"_jetpack_newsletter_tier_id":0,"_jetpack_memberships_contains_paywalled_content":false,"_jetpack_memberships_contains_paid_content":false,"footnotes":"","jetpack_publicize_message":"","jetpack_publicize_feature_enabled":true,"jetpack_social_post_already_shared":true,"jetpack_social_options":{"image_generator_settings":{"template":"highway","default_image_id":0,"font":"","enabled":false},"version":2}},"categories":[19,3],"tags":[],"class_list":["post-26934","post","type-post","status-publish","format-standard","has-post-thumbnail","hentry","category-e-knjige","category-novosti"],"acf":{"facebook_opis":""},"jetpack_publicize_connections":[],"jetpack_featured_media_url":"https:\/\/i0.wp.com\/historiografija.hr\/wp-content\/uploads\/2021\/07\/antiratni.jpg?fit=555%2C552&ssl=1","jetpack_sharing_enabled":true,"jetpack-related-posts":[],"_links":{"self":[{"href":"https:\/\/historiografija.hr\/index.php?rest_route=\/wp\/v2\/posts\/26934","targetHints":{"allow":["GET"]}}],"collection":[{"href":"https:\/\/historiografija.hr\/index.php?rest_route=\/wp\/v2\/posts"}],"about":[{"href":"https:\/\/historiografija.hr\/index.php?rest_route=\/wp\/v2\/types\/post"}],"author":[{"embeddable":true,"href":"https:\/\/historiografija.hr\/index.php?rest_route=\/wp\/v2\/users\/2"}],"replies":[{"embeddable":true,"href":"https:\/\/historiografija.hr\/index.php?rest_route=%2Fwp%2Fv2%2Fcomments&post=26934"}],"version-history":[{"count":1,"href":"https:\/\/historiografija.hr\/index.php?rest_route=\/wp\/v2\/posts\/26934\/revisions"}],"predecessor-version":[{"id":26936,"href":"https:\/\/historiografija.hr\/index.php?rest_route=\/wp\/v2\/posts\/26934\/revisions\/26936"}],"wp:featuredmedia":[{"embeddable":true,"href":"https:\/\/historiografija.hr\/index.php?rest_route=\/wp\/v2\/media\/26935"}],"wp:attachment":[{"href":"https:\/\/historiografija.hr\/index.php?rest_route=%2Fwp%2Fv2%2Fmedia&parent=26934"}],"wp:term":[{"taxonomy":"category","embeddable":true,"href":"https:\/\/historiografija.hr\/index.php?rest_route=%2Fwp%2Fv2%2Fcategories&post=26934"},{"taxonomy":"post_tag","embeddable":true,"href":"https:\/\/historiografija.hr\/index.php?rest_route=%2Fwp%2Fv2%2Ftags&post=26934"}],"curies":[{"name":"wp","href":"https:\/\/api.w.org\/{rel}","templated":true}]}}