{"id":26921,"date":"2021-07-16T20:35:38","date_gmt":"2021-07-16T20:35:38","guid":{"rendered":"http:\/\/historiografija.hr\/?p=26921"},"modified":"2021-07-16T20:35:38","modified_gmt":"2021-07-16T20:35:38","slug":"ivica-miskulin-usta-sirom-zatvorena-delikt-misljenja-u-komunistickoj-hrvatskoj-1980-1990","status":"publish","type":"post","link":"https:\/\/historiografija.hr\/?p=26921","title":{"rendered":"Ivica Mi\u0161kulin, \u201cUsta \u0161irom zatvorena. Delikt mi\u0161ljenja u komunisti\u010dkoj Hrvatskoj 1980.-1990.\u201d"},"content":{"rendered":"\n<p>\u201ePosve\u0107eno onima koji se ne daju u\u0161utkati\u201c, pi\u0161e na po\u010detku najnovijeg izdanja AGM-a pod naslovom Usta \u0161irom zatvorena, autora Ivice Mi\u0161kulina. Osnovna tema knjige jest poblematika prava na slobodno izra\u017eavanje mi\u0161ljenja u zadnjem desetlje\u0107u komunisti\u010dke Jugoslavije.&nbsp;Autor si postavlja pitanja poput ovih:&nbsp;Kako je&nbsp;u to vrijeme&nbsp;bilo mogu\u0107e proglasiti dr\u017eavnim neprijateljem \u010dovjeka \u010dije rije\u010di nisu nikoga uvrijedile? Na kakav je na\u010din re\u017eim pravdao o\u010ditu represiju nad pojedincem koji nije upotrijebio bombu ili pi\u0161tolj niti je bio dio neke protudr\u017eavne urotni\u010dke ili teroristi\u010dke skupine, a opet je uvr\u0161ten u skupinu najopasnijih protivnika\u2026?<\/p>\n\n\n\n<p>Kako autor u uvodu ka\u017ee, ova knjiga\u00a0u prvome redu donosi analizu kaznenih i prekr\u0161ajnih postupaka koje su sudovi Socijalisti\u010dke Republike Hrvatske (SRH) od 1980. do prolje\u0107a 1990. vodili protiv ljudi koji nisu htjeli \u0161utjeti i rije\u010di koje su smatrali potrebnim izgovoriti ili napisati. U manjoj se mjeri osvr\u0107e i na represiju nad pravom na javno informiranje. Donosi potom i razmatranja o tome za\u0161to je re\u017eim autore nepo\u0107udnih rije\u010di smatrao iznimno opasnim neprijateljima.<\/p>\n\n\n\n<hr class=\"wp-block-separator\"\/>\n\n\n\n<p>Izvor: <a href=\"https:\/\/www.agm.hr\/hr\/shop\/usta-sirom-zatvorena,865.html\">https:\/\/www.agm.hr\/hr\/shop\/usta-sirom-zatvorena,865.html<\/a><\/p>\n\n\n\n<hr class=\"wp-block-separator\"\/>\n","protected":false},"excerpt":{"rendered":"","protected":false},"author":2,"featured_media":26922,"comment_status":"open","ping_status":"open","sticky":false,"template":"","format":"standard","meta":{"_acf_changed":false,"jetpack_post_was_ever_published":false,"_jetpack_newsletter_access":"","_jetpack_dont_email_post_to_subs":false,"_jetpack_newsletter_tier_id":0,"_jetpack_memberships_contains_paywalled_content":false,"_jetpack_memberships_contains_paid_content":false,"footnotes":"","jetpack_publicize_message":"","jetpack_publicize_feature_enabled":true,"jetpack_social_post_already_shared":true,"jetpack_social_options":{"image_generator_settings":{"template":"highway","default_image_id":0,"font":"","enabled":false},"version":2}},"categories":[8,3],"tags":[],"class_list":["post-26921","post","type-post","status-publish","format-standard","has-post-thumbnail","hentry","category-knjige","category-novosti"],"acf":{"facebook_opis":""},"jetpack_publicize_connections":[],"jetpack_featured_media_url":"https:\/\/i0.wp.com\/historiografija.hr\/wp-content\/uploads\/2021\/07\/Usta-sirom-zatvorena.jpg?fit=287%2C431&ssl=1","jetpack_sharing_enabled":true,"jetpack-related-posts":[],"_links":{"self":[{"href":"https:\/\/historiografija.hr\/index.php?rest_route=\/wp\/v2\/posts\/26921","targetHints":{"allow":["GET"]}}],"collection":[{"href":"https:\/\/historiografija.hr\/index.php?rest_route=\/wp\/v2\/posts"}],"about":[{"href":"https:\/\/historiografija.hr\/index.php?rest_route=\/wp\/v2\/types\/post"}],"author":[{"embeddable":true,"href":"https:\/\/historiografija.hr\/index.php?rest_route=\/wp\/v2\/users\/2"}],"replies":[{"embeddable":true,"href":"https:\/\/historiografija.hr\/index.php?rest_route=%2Fwp%2Fv2%2Fcomments&post=26921"}],"version-history":[{"count":1,"href":"https:\/\/historiografija.hr\/index.php?rest_route=\/wp\/v2\/posts\/26921\/revisions"}],"predecessor-version":[{"id":26923,"href":"https:\/\/historiografija.hr\/index.php?rest_route=\/wp\/v2\/posts\/26921\/revisions\/26923"}],"wp:featuredmedia":[{"embeddable":true,"href":"https:\/\/historiografija.hr\/index.php?rest_route=\/wp\/v2\/media\/26922"}],"wp:attachment":[{"href":"https:\/\/historiografija.hr\/index.php?rest_route=%2Fwp%2Fv2%2Fmedia&parent=26921"}],"wp:term":[{"taxonomy":"category","embeddable":true,"href":"https:\/\/historiografija.hr\/index.php?rest_route=%2Fwp%2Fv2%2Fcategories&post=26921"},{"taxonomy":"post_tag","embeddable":true,"href":"https:\/\/historiografija.hr\/index.php?rest_route=%2Fwp%2Fv2%2Ftags&post=26921"}],"curies":[{"name":"wp","href":"https:\/\/api.w.org\/{rel}","templated":true}]}}