{"id":26894,"date":"2021-07-14T22:12:05","date_gmt":"2021-07-14T22:12:05","guid":{"rendered":"http:\/\/historiografija.hr\/?p=26894"},"modified":"2021-07-14T22:13:20","modified_gmt":"2021-07-14T22:13:20","slug":"husinska-buna-proizvodnja-revolucionarnog-subjekta","status":"publish","type":"post","link":"https:\/\/historiografija.hr\/?p=26894","title":{"rendered":"\u201eHusinska buna \u2013 proizvodnja revolucionarnog subjekta\u201c"},"content":{"rendered":"\n<p>Fondacija Rosa Luxemburg je objavila knjigu \u201eHusinska buna \u2013 proizvodnja revolucionarnog subjekta\u201c.<\/p>\n\n\n\n<p>Bez ikakve dvojbe, u kolektivnoj memoriji jugoslovenskog radni\u010dkog i antifa\u0161isti\u010dkog pokreta Husinska buna zauzima po\u010dasno mjesto. To je bila buna protiv frapantne socijalne nepravde u tek uspostavljenoj Kraljevini Srba, Hrvata i Slovenaca. To je bila buna protiv dr\u017eavno-policijskog nasilja, protiv politi\u010dke elite koja je represijom nastojala ugu\u0161iti sve oblike radni\u010dkog organizovanja, a koja je netom osnovanu Komunisti\u010dku partiju zabranila jer se upla\u0161ila radni\u010dke klase okupljene u revolucionarnu organizaciju.<\/p>\n\n\n\n<p>Uprkos svim opisanim preprekama i ucjenjiva\u010dkim praksama kraljevskog re\u017eima, husinski rudari sa\u010duvali su ono najbitnije \u2013 me\u0111usobnu proletersku solidarnost, koja je svakako bila preduvjet za samu borbu tokom jednosedmi\u010dnog \u0161trajka od 21. do 28. decembra 1920. godine, u period kada su vlasti progonile husinske rudare i ka\u017enjavale organizatore otpora, prije svega Juru Kero\u0161evi\u0107a, \u010dija je smrtna kazna upravo zbog jugoslovenske i me\u0111unarodne radni\u010dke solidarnosti preina\u010dena u dvadesetogodi\u0161nju robiju.<\/p>\n\n\n\n<p>Husinski rudari su se i za vrijeme Narodnooslobodila\u010dke borbe istaknuli kao prvorazredni borci, pru\u017eali su otpor fa\u0161isti\u010dkim osvaja\u010dima jednako kao i doma\u0107im kolaboracionistima. Bili su vo\u0111eni proleterskim internacionalizmom i \u017eeljom za solidarnim dru\u0161tvenim praksama, za demokratizaciju svih sfera \u017eivota pa i ekonomije. Napori i stradanje husinskih rudara za vrijeme NOB-a ovjekov\u010deni su u pjesmi \u00abKonjuh planinom\u00bb.<\/p>\n\n\n\n<p>Husinska buna i husinski rudari su, dakle, ostavili tragove u borbi za radni\u010dka prava kao i u antifa\u0161isti\u010dkoj borbi. Stoga je vi\u0161e nego prikladno da tuzlanski ured Rosa-Luxemburg-Stiftung-a svoju istra\u017eiva\u010dko-aktivisti\u010dku seriju publikacija BUNA zapo\u010dne upravo Husinskom bunom \u2013 ne toliko zbog historijskog prisje\u0107anja na doga\u0111aj koliko zbog poku\u0161aja da se sagledaju tada\u0161nje prakse solidarnog organizovanja, a s ciljem aktualizacije i primjene u dana\u0161njem vremenu. Radni\u010dka klasa i radni\u010dki pokret do\u017eivjeli su \u2013 ne samo na prostoru biv\u0161e Jugoslavije \u2013 duboki poraz. U dru\u0161tvenom \u017eivotu na kapitalisti\u010dkoj periferiji, kakva je svakako Bosna i Hercegovina, solidarnost je postala rijetka roba. No, na primjeru husinskih rudara mo\u017eemo iznova nau\u010diti da bez solidarnosti nema dru\u0161tvenog napretka. Tuzlanski ured Rosa-Luxemburg-Stiftunga u svom edukativnom radu nastoji o\u017eivjeti vrijednosti i politi\u010dki horizont husinskih rudara.<\/p>\n\n\n\n<p>Publikaciju mo\u017eete preuzeti na stranici <a rel=\"noreferrer noopener\" href=\"https:\/\/bit.ly\/34cvuKY\" target=\"_blank\">Fondacija Rosa Luxemburg.<\/a><\/p>\n\n\n\n<hr class=\"wp-block-separator\"\/>\n\n\n\n<p>Izvor: <a href=\"https:\/\/www.historiografija.ba\/article.php?id=485\">https:\/\/www.historiografija.ba\/article.php?id=485<\/a><\/p>\n\n\n\n<hr class=\"wp-block-separator\"\/>\n","protected":false},"excerpt":{"rendered":"","protected":false},"author":2,"featured_media":26895,"comment_status":"open","ping_status":"open","sticky":false,"template":"","format":"standard","meta":{"_acf_changed":false,"jetpack_post_was_ever_published":false,"_jetpack_newsletter_access":"","_jetpack_dont_email_post_to_subs":false,"_jetpack_newsletter_tier_id":0,"_jetpack_memberships_contains_paywalled_content":false,"_jetpack_memberships_contains_paid_content":false,"footnotes":"","jetpack_publicize_message":"","jetpack_publicize_feature_enabled":true,"jetpack_social_post_already_shared":true,"jetpack_social_options":{"image_generator_settings":{"template":"highway","default_image_id":0,"font":"","enabled":false},"version":2}},"categories":[19,8,3],"tags":[],"class_list":["post-26894","post","type-post","status-publish","format-standard","has-post-thumbnail","hentry","category-e-knjige","category-knjige","category-novosti"],"acf":{"facebook_opis":""},"jetpack_publicize_connections":[],"jetpack_featured_media_url":"https:\/\/i0.wp.com\/historiografija.hr\/wp-content\/uploads\/2021\/07\/Husinska-buna.jpg?fit=555%2C555&ssl=1","jetpack_sharing_enabled":true,"jetpack-related-posts":[],"_links":{"self":[{"href":"https:\/\/historiografija.hr\/index.php?rest_route=\/wp\/v2\/posts\/26894","targetHints":{"allow":["GET"]}}],"collection":[{"href":"https:\/\/historiografija.hr\/index.php?rest_route=\/wp\/v2\/posts"}],"about":[{"href":"https:\/\/historiografija.hr\/index.php?rest_route=\/wp\/v2\/types\/post"}],"author":[{"embeddable":true,"href":"https:\/\/historiografija.hr\/index.php?rest_route=\/wp\/v2\/users\/2"}],"replies":[{"embeddable":true,"href":"https:\/\/historiografija.hr\/index.php?rest_route=%2Fwp%2Fv2%2Fcomments&post=26894"}],"version-history":[{"count":1,"href":"https:\/\/historiografija.hr\/index.php?rest_route=\/wp\/v2\/posts\/26894\/revisions"}],"predecessor-version":[{"id":26896,"href":"https:\/\/historiografija.hr\/index.php?rest_route=\/wp\/v2\/posts\/26894\/revisions\/26896"}],"wp:featuredmedia":[{"embeddable":true,"href":"https:\/\/historiografija.hr\/index.php?rest_route=\/wp\/v2\/media\/26895"}],"wp:attachment":[{"href":"https:\/\/historiografija.hr\/index.php?rest_route=%2Fwp%2Fv2%2Fmedia&parent=26894"}],"wp:term":[{"taxonomy":"category","embeddable":true,"href":"https:\/\/historiografija.hr\/index.php?rest_route=%2Fwp%2Fv2%2Fcategories&post=26894"},{"taxonomy":"post_tag","embeddable":true,"href":"https:\/\/historiografija.hr\/index.php?rest_route=%2Fwp%2Fv2%2Ftags&post=26894"}],"curies":[{"name":"wp","href":"https:\/\/api.w.org\/{rel}","templated":true}]}}