{"id":26891,"date":"2021-07-14T22:06:09","date_gmt":"2021-07-14T22:06:09","guid":{"rendered":"http:\/\/historiografija.hr\/?p=26891"},"modified":"2021-07-14T22:06:09","modified_gmt":"2021-07-14T22:06:09","slug":"husnija-kamberovic-historija-porodice-alibegovic","status":"publish","type":"post","link":"https:\/\/historiografija.hr\/?p=26891","title":{"rendered":"Husnija Kamberovi\u0107, \u201cHistorija porodice Alibegovi\u0107\u201d"},"content":{"rendered":"\n<p>Udru\u017eenje za modernu historiju iz Sarajeva je objavilo knjigu \u201eHistorija porodice Alibegovi\u0107: transformacija iz begovske zemljoposjedni\u010dke i modernu gra\u0111ansku porodicu\u201c u kojoj Husnija Kamberovi\u0107 pokazuje model po kojem su se Alibegovi\u0107i uvrstili u modernu gra\u0111ansku porodicu krajem 19. i po\u010detkom 20. stolje\u0107a. Rije\u010d je o porodici koja je obavljala du\u017enost kapetana Koba\u0161ke kapetanije. Nakon ukidanja kapetanija, \u010dlanovi ove prodice su se po\u010deli baviti trgovinom, a jedan dio je sredinom 19. stolje\u0107a preselio u Dereventu i uspje\u0161no je nastavio graditi svoj gra\u0111anski \u017eivot. To uklju\u010divanje u trgovinu je omogu\u0107ilo ovoj porodici da izbjegne sudbinu mnogi velikih begovskih zemljoposjedni\u010dkih porodica koje su ve\u0107 krajem 19. stolje\u0107a, zbog povijesnih okonosti i gubitka zemlji\u0161nih posjeda, po\u010dele strmoglavo propadati.<\/p>\n\n\n\n<p>U ovoj knjizi se pokazuje \u010dime su sve trgovali \u010dlanovi ove porodice, kakva je bila politi\u010dka aktivnost u \u0161irem dru\u0161tvenom kontekstu, ali se obra\u0111uje i privatni \u017eivot pojedinih \u010dlanova, porodi\u010dne mre\u017ee i sli\u010dno. Porodica Alibegovi\u0107 je zahvalna za istra\u017eivanje i zbog toga \u0161to pokazuje koliko su begovske porodice bile uhva\u0107ene u \u010dvrstu mre\u017eu porodi\u010dnih veza. Alibegovi\u0107i su bili u porodi\u010dnim vezama sa Grada\u0161\u010devi\u0107ima, bijeljinskim Pa\u0161i\u0107ima, dubi\u010dkim Ceri\u0107ima, travni\u010dkim Ibrahimpa\u0161i\u0107ima. Pokazuje se da su te bra\u010dne veze bile vi\u0161estruke i ponavljale su se u nekoliko generacija.<\/p>\n\n\n\n<p>Dijelovi knjige sadr\u017ee i neke dramati\u010dne doga\u0111aje iz historije ove porodice koji mogu postati osnova za nove knjige (zagonetno ubistvo ili privatni \u017eivot pojedinih \u010dlanova porodice, sukobi u lokalnoj zajednici sa drugom, mo\u0107nom derventskom porodicom Begovi\u0107 oko izgradnje Prkos ku\u0107e i sli\u010dno).<\/p>\n\n\n\n<p>Osnovu izvorne gra\u0111e za ovu knjigu \u010dini trgova\u010dka prepiska \u010dlanova porodice Alibegovi\u0107 koja se \u010duva u Historijskom arhivu u Sarajevu. Me\u0111utim, zbog velikih o\u0161te\u0107enja mnoga pisma je bilo nemogu\u0107e pro\u010ditati. Osim toga, dio gra\u0111e potje\u010de i iz Arhiva Bosne i Hercegovine, prije svega iz fondova Agrarne direkcije i Vrhovnog \u0161erijatskog suda.<\/p>\n\n\n\n<p>Sadr\u017eaj i Predgovor mogu se \u010ditati <a href=\"https:\/\/www.historiografija.ba\/assets\/documents\/456_HISTORIJA%20PORODICE%20ALIBEGOVIC_Sdrzaj%20i%20Uvod.pdf\" target=\"_blank\" rel=\"noreferrer noopener\">Ovdje.<\/a><\/p>\n\n\n\n<p>Knjigu je mogu\u0107e kupiti kod Udru\u017eenja za modernu historiju slanjem e-maila: <a rel=\"noreferrer noopener\" href=\"mailto:%20umhissarajevo@gmail.com\" target=\"_blank\">umhissarajevo@gmail.com<\/a><\/p>\n\n\n\n<hr class=\"wp-block-separator\"\/>\n\n\n\n<p>Izvor: \u00a0<a href=\"https:\/\/www.historiografija.ba\/article.php?id=456\">https:\/\/www.historiografija.ba\/article.php?id=456<\/a><\/p>\n\n\n\n<hr class=\"wp-block-separator\"\/>\n","protected":false},"excerpt":{"rendered":"","protected":false},"author":2,"featured_media":26892,"comment_status":"open","ping_status":"open","sticky":false,"template":"","format":"standard","meta":{"_acf_changed":false,"jetpack_post_was_ever_published":false,"_jetpack_newsletter_access":"","_jetpack_dont_email_post_to_subs":false,"_jetpack_newsletter_tier_id":0,"_jetpack_memberships_contains_paywalled_content":false,"_jetpack_memberships_contains_paid_content":false,"footnotes":"","jetpack_publicize_message":"","jetpack_publicize_feature_enabled":true,"jetpack_social_post_already_shared":true,"jetpack_social_options":{"image_generator_settings":{"template":"highway","default_image_id":0,"font":"","enabled":false},"version":2}},"categories":[8,3],"tags":[],"class_list":["post-26891","post","type-post","status-publish","format-standard","has-post-thumbnail","hentry","category-knjige","category-novosti"],"acf":{"facebook_opis":""},"jetpack_publicize_connections":[],"jetpack_featured_media_url":"https:\/\/i0.wp.com\/historiografija.hr\/wp-content\/uploads\/2021\/07\/HISTORIJA-PORODICE-ALIBEGOVIC.jpg?fit=554%2C265&ssl=1","jetpack_sharing_enabled":true,"jetpack-related-posts":[],"_links":{"self":[{"href":"https:\/\/historiografija.hr\/index.php?rest_route=\/wp\/v2\/posts\/26891","targetHints":{"allow":["GET"]}}],"collection":[{"href":"https:\/\/historiografija.hr\/index.php?rest_route=\/wp\/v2\/posts"}],"about":[{"href":"https:\/\/historiografija.hr\/index.php?rest_route=\/wp\/v2\/types\/post"}],"author":[{"embeddable":true,"href":"https:\/\/historiografija.hr\/index.php?rest_route=\/wp\/v2\/users\/2"}],"replies":[{"embeddable":true,"href":"https:\/\/historiografija.hr\/index.php?rest_route=%2Fwp%2Fv2%2Fcomments&post=26891"}],"version-history":[{"count":1,"href":"https:\/\/historiografija.hr\/index.php?rest_route=\/wp\/v2\/posts\/26891\/revisions"}],"predecessor-version":[{"id":26893,"href":"https:\/\/historiografija.hr\/index.php?rest_route=\/wp\/v2\/posts\/26891\/revisions\/26893"}],"wp:featuredmedia":[{"embeddable":true,"href":"https:\/\/historiografija.hr\/index.php?rest_route=\/wp\/v2\/media\/26892"}],"wp:attachment":[{"href":"https:\/\/historiografija.hr\/index.php?rest_route=%2Fwp%2Fv2%2Fmedia&parent=26891"}],"wp:term":[{"taxonomy":"category","embeddable":true,"href":"https:\/\/historiografija.hr\/index.php?rest_route=%2Fwp%2Fv2%2Fcategories&post=26891"},{"taxonomy":"post_tag","embeddable":true,"href":"https:\/\/historiografija.hr\/index.php?rest_route=%2Fwp%2Fv2%2Ftags&post=26891"}],"curies":[{"name":"wp","href":"https:\/\/api.w.org\/{rel}","templated":true}]}}