{"id":26879,"date":"2021-07-13T22:36:44","date_gmt":"2021-07-13T22:36:44","guid":{"rendered":"http:\/\/historiografija.hr\/?p=26879"},"modified":"2021-07-13T22:37:31","modified_gmt":"2021-07-13T22:37:31","slug":"eduardo-r-antonich-hrvatska-i-hrvati-u-urugvaju","status":"publish","type":"post","link":"https:\/\/historiografija.hr\/?p=26879","title":{"rendered":"Eduardo R. Antonich, \u201cHrvatska i Hrvati u Urugvaju\u201d"},"content":{"rendered":"\n<p>Autor&nbsp;prikazuje \u017eivot i rad hrvatske iseljeni\u010dke zajednice u Urugvaju u razdoblju od 1918. do 1991. godine. Kao potomak hrvatskih iseljenika koji su dvadesetih godina pro\u0161log stolje\u0107a doselili u Urugvaj, uz odrastanje kroz pri\u010de predaka koji su \u017eivjeli daleko od svoje domovine, \u017eeli otrgnuti zaboravu sve one ljude koji su izgra\u0111ivali hrvatsku iseljeni\u010dku zajednicu u Urugvaju pri tome vole\u0107i i ne zaboravljaju\u0107i Hrvatsku.&nbsp;<\/p>\n\n\n\n<p>Konceptualno autor dijeli knjigu na nekoliko logi\u010dnih cjelina: prvi pioniri u Urugvaju, potom iseljavanje Hrvata u Urugvaj, osnivanje\u00a0<em>Hrvatskog doma\u00a0<\/em>u Montevideu, osnivanje\u00a0<em>Jugoslavenskog dru\u0161tva\u00a0<\/em>\u201e<em>Bratstvo\u201c,\u00a0<\/em>osnivanje\u00a0<em>Hrvatske katoli\u010dke zajednice<\/em>, progla\u0161avanje neovisne Republike Hrvatske \u2013 obja\u0161njavaju\u0107i ih kroz niz klju\u010dnih politi\u010dkih doga\u0111aja u dru\u0161tvu porijekla koji su obilje\u017eili i oblikovali smjer i na\u010din izgradnje same iseljeni\u010dke zajednice u Urugvaju. Stoga politi\u010dki doga\u0111aji poput atentata i smrti Stjepana Radi\u0107a, diktature kralja Aleksandra, osnivanja SFRJ ili kako autor definira \u201eTitove Jugoslavije\u201c &#8211; doga\u0111aji su koje analizira i smatra bitnim\u00a0\u010dimbenikom\u00a0u razumijevanju iseljeni\u010dke zajednice.\u00a0<\/p>\n\n\n\n<p>Treba napomenuti kako autor obja\u0161njava doga\u0111aje ne samo kao potomak i aktivni sudionik zajednice, ve\u0107 i iz perspektive odvjetnika i diplomiranog stru\u010dnjaka dru\u0161tvenih znanosti.&nbsp;<\/p>\n\n\n\n<p>Eduardo R. Antonich ro\u0111en je u Montevideu 1963. godine. U rodnome gradu studirao je na urugvajskom Dr\u017eavnom sveu\u010dili\u0161tu (Universidad de la Rep\u00fablica), stekav\u0161i 1990. diplomu iz podru\u010dja pravnih i dru\u0161tvenih znanosti, pa od tada uspje\u0161no razvija odvjetni\u010dku karijeru. Od 2003. godine po\u010dasni je konzul Republike Hrvatske u Urugvaju.\u00a0<\/p>\n\n\n\n<hr class=\"wp-block-separator\"\/>\n\n\n\n<p>Izvor: <a href=\"https:\/\/www.agm.hr\/hr\/shop\/hrvatska-i-hrvati-u-urugvaju,864.html\">https:\/\/www.agm.hr\/hr\/shop\/hrvatska-i-hrvati-u-urugvaju,864.html<\/a><\/p>\n\n\n\n<hr class=\"wp-block-separator\"\/>\n","protected":false},"excerpt":{"rendered":"","protected":false},"author":2,"featured_media":26880,"comment_status":"open","ping_status":"open","sticky":false,"template":"","format":"standard","meta":{"_acf_changed":false,"jetpack_post_was_ever_published":false,"_jetpack_newsletter_access":"","_jetpack_dont_email_post_to_subs":false,"_jetpack_newsletter_tier_id":0,"_jetpack_memberships_contains_paywalled_content":false,"_jetpack_memberships_contains_paid_content":false,"footnotes":"","jetpack_publicize_message":"","jetpack_publicize_feature_enabled":true,"jetpack_social_post_already_shared":true,"jetpack_social_options":{"image_generator_settings":{"template":"highway","default_image_id":0,"font":"","enabled":false},"version":2}},"categories":[8,3],"tags":[],"class_list":["post-26879","post","type-post","status-publish","format-standard","has-post-thumbnail","hentry","category-knjige","category-novosti"],"acf":{"facebook_opis":""},"jetpack_publicize_connections":[],"jetpack_featured_media_url":"https:\/\/i0.wp.com\/historiografija.hr\/wp-content\/uploads\/2021\/07\/URUGVAJ-NASLOVNICA.jpg?fit=287%2C431&ssl=1","jetpack_sharing_enabled":true,"jetpack-related-posts":[],"_links":{"self":[{"href":"https:\/\/historiografija.hr\/index.php?rest_route=\/wp\/v2\/posts\/26879","targetHints":{"allow":["GET"]}}],"collection":[{"href":"https:\/\/historiografija.hr\/index.php?rest_route=\/wp\/v2\/posts"}],"about":[{"href":"https:\/\/historiografija.hr\/index.php?rest_route=\/wp\/v2\/types\/post"}],"author":[{"embeddable":true,"href":"https:\/\/historiografija.hr\/index.php?rest_route=\/wp\/v2\/users\/2"}],"replies":[{"embeddable":true,"href":"https:\/\/historiografija.hr\/index.php?rest_route=%2Fwp%2Fv2%2Fcomments&post=26879"}],"version-history":[{"count":2,"href":"https:\/\/historiografija.hr\/index.php?rest_route=\/wp\/v2\/posts\/26879\/revisions"}],"predecessor-version":[{"id":26882,"href":"https:\/\/historiografija.hr\/index.php?rest_route=\/wp\/v2\/posts\/26879\/revisions\/26882"}],"wp:featuredmedia":[{"embeddable":true,"href":"https:\/\/historiografija.hr\/index.php?rest_route=\/wp\/v2\/media\/26880"}],"wp:attachment":[{"href":"https:\/\/historiografija.hr\/index.php?rest_route=%2Fwp%2Fv2%2Fmedia&parent=26879"}],"wp:term":[{"taxonomy":"category","embeddable":true,"href":"https:\/\/historiografija.hr\/index.php?rest_route=%2Fwp%2Fv2%2Fcategories&post=26879"},{"taxonomy":"post_tag","embeddable":true,"href":"https:\/\/historiografija.hr\/index.php?rest_route=%2Fwp%2Fv2%2Ftags&post=26879"}],"curies":[{"name":"wp","href":"https:\/\/api.w.org\/{rel}","templated":true}]}}