{"id":26870,"date":"2021-07-12T21:41:02","date_gmt":"2021-07-12T21:41:02","guid":{"rendered":"http:\/\/historiografija.hr\/?p=26870"},"modified":"2021-07-12T21:41:02","modified_gmt":"2021-07-12T21:41:02","slug":"sapiens-rodenje-covjecanstva","status":"publish","type":"post","link":"https:\/\/historiografija.hr\/?p=26870","title":{"rendered":"Sapiens: Ro\u0111enje \u010dovje\u010danstva"},"content":{"rendered":"\n<p>Rekli su o knjizi Yuvala Noe Hararija<br><em>Sapiens: Kratka povijest \u010dovje\u010danstva<\/em><\/p>\n\n\n\n<p>Prava eksplozija kvalitete, pru\u017ea u\u017eitak i poti\u010de na razmi\u0161ljanje.<br>Sunday Express<\/p>\n\n\n\n<p>Jedan od meni najdra\u017eih pisaca i mislilaca\u2026 Odu\u0161evit \u0107e vas pri\u010dom o ljudskoj povijesti i pogledu na na\u0161u budu\u0107nost.<br>Natalie Portman<\/p>\n\n\n\n<p>Rekao sam ve\u0107 i ponovit \u0107u, knjiga Sapiens Yuvala Noe Hararija zaista je spektakularna. Promijenila mi je pogled na gotovo sve.<br>Ne mogu ju dovoljno preporu\u010diti.<br>Chris Evans<\/p>\n\n\n\n<p>Razlog za\u0161to je Sapiens zauzeo ljestvice me\u0111unarodnih bestselera jednostavan je. Knjiga se bavi najve\u0107im pitanjima povijesti i dana\u0161njice, a proza je nezaboravna i \u017eivopisna. Obo\u017eavat \u0107ete ju.<br>Jared Diamond<\/p>\n\n\n\n<p>Knjigu zanimljivom i provokativnom \u010dini to \u0161to toliko sa\u017eima povijest i na taj sa\u017eeti na\u010din progovara o temeljnim stvarima koje su nam omogu\u0107ile sazdati ovu iznimnu civilizaciju koju uzimamo zdravo za gotovo, ali do kojih nije bilo lako do\u0107i. Tako\u0111er nam u perspektivu stavlja i koliko zapravo kratko postojimo na Zemlji.<br>Barack Obama<\/p>\n\n\n\n<p>Puna pri\u010da koje \u0107e vas \u0161okirati i zadiviti.<br>Sunday Times<\/p>\n\n\n\n<p>Harari pri\u010da na\u0161u pri\u010du toliko pristupa\u010dno da ne\u0107ete lako pustiti knjigu iz ruku\u2026 Preporu\u010dio bih ju svakom zainteresiranom za pro\u0161lost i budu\u0107nost na\u0161e vrste.<br>Bill Gates<\/p>\n\n\n\n<p>Ova knjiga op\u010dinjuje, ru\u0161i mitove i ne da se sa\u017eeti; jednostavno ju morate pro\u010ditati.<br>Financial Times<\/p>\n\n\n\n<hr class=\"wp-block-separator\"\/>\n\n\n\n<p>Autori: David Vandermeulen, Daniel Casanave, Yual Noah Harari<\/p>\n\n\n\n<p>Broj stranica: 248<\/p>\n\n\n\n<p>Godina izdanja: 2021<\/p>\n\n\n\n<p>Izdava\u010d: Fokus komunikacije d.o.o.<\/p>\n\n\n\n<p>Prijevod: Igor Rendi\u0107<\/p>\n\n\n\n<p>\u017danr: Publicistika, Strip<\/p>\n\n\n\n<hr class=\"wp-block-separator\"\/>\n\n\n\n<p>Izvor: <a href=\"https:\/\/fokusnahit.com\/proizvod\/sapiens-rodenje-covjecanstva\/\">https:\/\/fokusnahit.com\/proizvod\/sapiens-rodenje-covjecanstva\/<\/a><\/p>\n\n\n\n<hr class=\"wp-block-separator\"\/>\n","protected":false},"excerpt":{"rendered":"","protected":false},"author":2,"featured_media":26871,"comment_status":"open","ping_status":"open","sticky":false,"template":"","format":"standard","meta":{"_acf_changed":false,"jetpack_post_was_ever_published":false,"_jetpack_newsletter_access":"","_jetpack_dont_email_post_to_subs":false,"_jetpack_newsletter_tier_id":0,"_jetpack_memberships_contains_paywalled_content":false,"_jetpack_memberships_contains_paid_content":false,"footnotes":"","jetpack_publicize_message":"","jetpack_publicize_feature_enabled":true,"jetpack_social_post_already_shared":true,"jetpack_social_options":{"image_generator_settings":{"template":"highway","default_image_id":0,"font":"","enabled":false},"version":2}},"categories":[8,3,12],"tags":[],"class_list":["post-26870","post","type-post","status-publish","format-standard","has-post-thumbnail","hentry","category-knjige","category-novosti","category-knjizevnost"],"acf":{"facebook_opis":""},"jetpack_publicize_connections":[],"jetpack_featured_media_url":"https:\/\/i0.wp.com\/historiografija.hr\/wp-content\/uploads\/2021\/07\/sapiens_strip.jpg?fit=373%2C500&ssl=1","jetpack_sharing_enabled":true,"jetpack-related-posts":[],"_links":{"self":[{"href":"https:\/\/historiografija.hr\/index.php?rest_route=\/wp\/v2\/posts\/26870","targetHints":{"allow":["GET"]}}],"collection":[{"href":"https:\/\/historiografija.hr\/index.php?rest_route=\/wp\/v2\/posts"}],"about":[{"href":"https:\/\/historiografija.hr\/index.php?rest_route=\/wp\/v2\/types\/post"}],"author":[{"embeddable":true,"href":"https:\/\/historiografija.hr\/index.php?rest_route=\/wp\/v2\/users\/2"}],"replies":[{"embeddable":true,"href":"https:\/\/historiografija.hr\/index.php?rest_route=%2Fwp%2Fv2%2Fcomments&post=26870"}],"version-history":[{"count":1,"href":"https:\/\/historiografija.hr\/index.php?rest_route=\/wp\/v2\/posts\/26870\/revisions"}],"predecessor-version":[{"id":26872,"href":"https:\/\/historiografija.hr\/index.php?rest_route=\/wp\/v2\/posts\/26870\/revisions\/26872"}],"wp:featuredmedia":[{"embeddable":true,"href":"https:\/\/historiografija.hr\/index.php?rest_route=\/wp\/v2\/media\/26871"}],"wp:attachment":[{"href":"https:\/\/historiografija.hr\/index.php?rest_route=%2Fwp%2Fv2%2Fmedia&parent=26870"}],"wp:term":[{"taxonomy":"category","embeddable":true,"href":"https:\/\/historiografija.hr\/index.php?rest_route=%2Fwp%2Fv2%2Fcategories&post=26870"},{"taxonomy":"post_tag","embeddable":true,"href":"https:\/\/historiografija.hr\/index.php?rest_route=%2Fwp%2Fv2%2Ftags&post=26870"}],"curies":[{"name":"wp","href":"https:\/\/api.w.org\/{rel}","templated":true}]}}