{"id":26852,"date":"2021-07-09T21:49:26","date_gmt":"2021-07-09T21:49:26","guid":{"rendered":"http:\/\/historiografija.hr\/?p=26852"},"modified":"2021-08-31T09:53:29","modified_gmt":"2021-08-31T09:53:29","slug":"izlozba-arhitektura-skulptura-sjecanje-umjetnost-spomenika-jugoslavije-1945-1991","status":"publish","type":"post","link":"https:\/\/historiografija.hr\/?p=26852","title":{"rendered":"Izlo\u017eba \u201cArhitektura. Skulptura. Sje\u0107anje. Umjetnost spomenika Jugoslavije 1945.\u20131991.\u201d u Novigradu"},"content":{"rendered":"\n<p><strong>Muzej-Museo Lapidarium (Novigrad)<\/strong><\/p>\n\n\n\n<p>u suradnji s Galerijom DESSA (Ljubljana) i Galerijom Miroslav Kraljevi\u0107 (Zagreb)<\/p>\n\n\n\n<p>ima zadovoljstvo pozvati vas na izlo\u017ebu<\/p>\n\n\n\n<p><strong>Arhitektura. Skulptura. Sje\u0107anje. Umjetnost spomenika Jugoslavije 1945.\u20131991.<\/strong><\/p>\n\n\n\n<p>otvorenje izlo\u017ebe u subotu, 10. srpnja 2021. u 21 sat u Muzeju Lapidarium.<\/p>\n\n\n\n<p>U arhitekturi i umjetnosti svih kulturnih prostora nekada\u0161nje Jugoslavije isti\u010du se bezvremenski spomenici \u017ertvama narodnooslobodila\u010dke borbe. Njihovi su autori bili najpoznatiji jugoslavenski arhitekti, urbanisti i kipari, poput Bogdana Bogdanovi\u0107a, Edvarda Ravnikara, Vojina Baki\u0107a, Du\u0161ana D\u017eamonje, Zdenka Kolacija i mnogih drugih. Umjesto re\u017eimske simbolike u svojim autonomnim ostvarenjima isprepleli su suvremenost i pro\u0161lost, misti\u010dnost i geometriju, arhetipske simbole i nove materijale, arhitekturu i krajobraznu poetiku, historijsku auru mjesta i nove oblike komunikacije s posjetiteljem.<\/p>\n\n\n\n<p>Izlo\u017eba, koja je prvo predstavljena u Ljubljani u Galeriji Dessa (2020), prikazuje 33 spomenika i\/ili memorijalnih kompleksa iz svih republika i autonomnih pokrajina Jugoslavije odabranih na temelju visoke arhitektonske i umjetni\u010dke vrijednosti objekata te iznimne kontemplacije krajobraznog prostora. Toj izlo\u017ebi u Muzeju Lapidarium, dodana su tri spomenika: Spomenik \u2013 kosturnica Vladimira Gortana (Pod Beram), Spomenik rudaru borcu (Labin) i Spomen-park Dotr\u0161\u010dina (Zagreb), \u010dime dopunjujemo korpus memorijale spomeni\u010dke ba\u0161tine. Osnovne su zna\u010dajke toga korpusa, pored visokih umjetni\u010dkih dosega, je i me\u0111uodnos konstruktivnih elemenata spomenika i njegova suodnosa spram prirodnoga krajolika. Iz perspektive spomeni\u010dke skulpture nakon Drugog svjetskog rata, upravo su jugoslavenski spomenici jedan od najdojmljivijih monumentalnih ostvarenja. To potvr\u0111uje i izlo\u017eba <em>Toward a Concrete Utopia: Architecture in Yugoslavia, 1948\u20131980<\/em>, odr\u017eana u njujor\u0161koj MoMI 2018.\/2019., na kojoj su <em>Spomenik Monuments<\/em> zauzeli istaknuto mjesto.<\/p>\n\n\n\n<p>Izlo\u017ebu u Novigradu-Cittanovi prate originalni crte\u017ei i skice Bogdana Bogdanovi\u0107a za jasenova\u010dki \u201eCvijet\u201c, izdvojeni pano o radu i djelima Zdenka Kolacija i Zdenka Sile, katalo\u0161ka baza podataka spomenika autorice Sanje Horvatin\u010di\u0107 (2017), vi\u0161estruko nagra\u0111ivani dokumentarni film Igora Grubi\u0107a <em>Spomenik (2015)<\/em> te dokumentarni film Jelene Radenovi\u0107 Umetnost se\u0107anja (2019).<\/p>\n\n\n\n<p>Osim toga predstavljamo i posebnu publikaciju <em>Arhitektura. Skulptura. Spomin. Umetnost spomenikov Jugoslavije 1945\u20131991. Architecture. Sculpture. Remembrance. The Art of Monuments of Yugoslavia 1945\u20131991<\/em>, izdava\u010da Galerije Dessa i revije AB \u2013 Arhitektov bilten\/Architect\u2019s Bulletin, Ljubljana, 2020.<\/p>\n\n\n\n<p><strong><em>Kustosi<\/em><\/strong><em>: Bo\u0161tjan Bugari\u010d, Kristina De\u0161man, Maja Ivani\u010d, \u0160pela Kuhar, Eva Mavsar, \u0160pela Nardoni Kova\u010d, Damjana Zavir\u0161ek Hudnik;<br><strong>Producent<\/strong>: Gallery DESSA, \u017didovska steza 4, Ljubljana; <strong>Organizatori<\/strong>: Galleria DESSA, ab_Arhitektov bilten, DAL, Arhitectuul<\/em><\/p>\n\n\n\n<p>i<\/p>\n\n\n\n<p><em>Jerica Ziherl, za <strong>Muzej-Museo Lapidarium<\/strong>, Veliki trg 8a, Novigrad-Cittanova; suradnici: Renata Kmet, Branko Metzger \u0160ober<\/em><\/p>\n\n\n\n<p>Izlo\u017eba je otvorena do 18. kolovoza 2021. Mo\u017ee se razgledati svaki dan, osim nedjelje i praznika, od 10 do 13 i od 19 do 22 sata.<\/p>\n\n\n\n<p><br>Program Muzeja Lapidarium ostvaren je sredstvima Grada Novigrada-Cittanove, Upravnog odjela za kulturu i zavi\u010dajnost Istarske \u017eupanije, Ministarstva kulture i medija Republike Hrvatske i Galerije Dessa, Ljubljana.<\/p>\n\n\n\n<hr class=\"wp-block-separator\"\/>\n\n\n\n<p>Izvor: <\/p>\n\n\n\n<p><a href=\"http:\/\/www.muzej-lapidarium.hr\/arhitektura-skulptura-sjecanje-umjetnost-spomenika-jugoslavije-1945-1991\/\">http:\/\/www.muzej-lapidarium.hr\/arhitektura-skulptura-sjecanje-umjetnost-spomenika-jugoslavije-1945-1991\/<\/a><\/p>\n\n\n\n<hr class=\"wp-block-separator\"\/>\n","protected":false},"excerpt":{"rendered":"","protected":false},"author":2,"featured_media":26853,"comment_status":"open","ping_status":"open","sticky":false,"template":"","format":"standard","meta":{"_acf_changed":false,"jetpack_post_was_ever_published":false,"_jetpack_newsletter_access":"","_jetpack_dont_email_post_to_subs":false,"_jetpack_newsletter_tier_id":0,"_jetpack_memberships_contains_paywalled_content":false,"_jetpack_memberships_contains_paid_content":false,"footnotes":"","jetpack_publicize_message":"","jetpack_publicize_feature_enabled":true,"jetpack_social_post_already_shared":true,"jetpack_social_options":{"image_generator_settings":{"template":"highway","default_image_id":0,"font":"","enabled":false},"version":2}},"categories":[10,3],"tags":[],"class_list":["post-26852","post","type-post","status-publish","format-standard","has-post-thumbnail","hentry","category-izlozbe","category-novosti"],"acf":{"facebook_opis":""},"jetpack_publicize_connections":[],"jetpack_featured_media_url":"https:\/\/i0.wp.com\/historiografija.hr\/wp-content\/uploads\/2021\/07\/web-Spomenici.jpg?fit=1920%2C1090&ssl=1","jetpack_sharing_enabled":true,"jetpack-related-posts":[],"_links":{"self":[{"href":"https:\/\/historiografija.hr\/index.php?rest_route=\/wp\/v2\/posts\/26852","targetHints":{"allow":["GET"]}}],"collection":[{"href":"https:\/\/historiografija.hr\/index.php?rest_route=\/wp\/v2\/posts"}],"about":[{"href":"https:\/\/historiografija.hr\/index.php?rest_route=\/wp\/v2\/types\/post"}],"author":[{"embeddable":true,"href":"https:\/\/historiografija.hr\/index.php?rest_route=\/wp\/v2\/users\/2"}],"replies":[{"embeddable":true,"href":"https:\/\/historiografija.hr\/index.php?rest_route=%2Fwp%2Fv2%2Fcomments&post=26852"}],"version-history":[{"count":2,"href":"https:\/\/historiografija.hr\/index.php?rest_route=\/wp\/v2\/posts\/26852\/revisions"}],"predecessor-version":[{"id":27244,"href":"https:\/\/historiografija.hr\/index.php?rest_route=\/wp\/v2\/posts\/26852\/revisions\/27244"}],"wp:featuredmedia":[{"embeddable":true,"href":"https:\/\/historiografija.hr\/index.php?rest_route=\/wp\/v2\/media\/26853"}],"wp:attachment":[{"href":"https:\/\/historiografija.hr\/index.php?rest_route=%2Fwp%2Fv2%2Fmedia&parent=26852"}],"wp:term":[{"taxonomy":"category","embeddable":true,"href":"https:\/\/historiografija.hr\/index.php?rest_route=%2Fwp%2Fv2%2Fcategories&post=26852"},{"taxonomy":"post_tag","embeddable":true,"href":"https:\/\/historiografija.hr\/index.php?rest_route=%2Fwp%2Fv2%2Ftags&post=26852"}],"curies":[{"name":"wp","href":"https:\/\/api.w.org\/{rel}","templated":true}]}}