{"id":26845,"date":"2021-07-09T21:13:35","date_gmt":"2021-07-09T21:13:35","guid":{"rendered":"http:\/\/historiografija.hr\/?p=26845"},"modified":"2021-07-09T21:16:34","modified_gmt":"2021-07-09T21:16:34","slug":"znanstveni-skup-zidovska-zajednica-na-tlu-sjeverne-hrvatske","status":"publish","type":"post","link":"https:\/\/historiografija.hr\/?p=26845","title":{"rendered":"Znanstveni skup &#8220;\u017didovska zajednica na tlu sjeverne Hrvatske&#8221;"},"content":{"rendered":"\n<p>Zavod za znanstveni rad HAZU u Vara\u017edinu i Gradski muzej Vara\u017edin organiziraju znanstveni skup \u017didovska zajednica na tlu sjeverne Hrvatske, u ponedjeljak 12. srpnja s po\u010detkom u 10 sati u multimedijskoj dvorani pala\u010de Hercer Gradskog muzeja Vara\u017edin, Franjeva\u010dki trg 10 u Vara\u017edinu.<\/p>\n\n\n\n<p><strong>Ponedjeljak, 12. srpnja<\/strong><\/p>\n\n\n\n<p>U 9 sati u \u0160etali\u0161tu Vatroslava Jagi\u0107a otkrivanje spomen-plo\u010de kao podsjetnika na tragi\u010dan doga\u0111aj progona \u017didova u Vara\u017edinu 1941. godine. Nakon prigodnih govora \u010delnika Grada Vara\u017edina, Vara\u017edinske \u017eupanije te predstavnika \u017didovske op\u0107ine bit \u0107e izveden kratak glazbeni program.<\/p>\n\n\n\n<p>U 10 sati otvorenje znanstvenog skupa: \u017didovska zajednica na tlu sjeverne Hrvatske u multimedijskoj dvorani pala\u010de Hercer Gradskog muzeja Vara\u017edin, Franjeva\u010dki trg 10. Organizatori skupa su Zavod za znanstveni rad HAZU u Vara\u017edinu i Gradski muzej Vara\u017edin, a voditelji su: dr. sc. Vladimir Huzjan i Spomenka Te\u017eak, prof.<\/p>\n\n\n\n<p>Dr. sc. Vladimir Huzjan: Vara\u017edin 1941. godine<\/p>\n\n\n\n<p>Spomenka Te\u017eak, prof.: Srpanj 1941. u Vara\u017edinu<\/p>\n\n\n\n<p>Barbara Marka\u010d-Despini\u0107: \u017didovi \u2013 \u0111aci i profesori u Vara\u017edinskoj gimnaziji<\/p>\n\n\n\n<p>Klara Macoli\u0107: Kultura ukopa u primjerima nadgrobnih spomenika \u017didovskog groblja u Vara\u017edinu<\/p>\n\n\n\n<p>Milivoj Dretar, prof.: Dva stolje\u0107a \u017eidovstva u Ludbregu<\/p>\n\n\n\n<p>Mirjam Despini\u0107-Bi\u0161kup: Politi\u010dki, dru\u0161tveni i kulturni aspekti \u017eivota \u017didova u Me\u0111imurju<\/p>\n\n\n\n<p><strong>Utorak, 13. srpnja<\/strong><\/p>\n\n\n\n<p>U 12 sati predavanje dr. sc. Borisa Jesiha: Pravednik Breskvar Vara\u017edinski Slovenac u multimedijskoj dvorani pala\u010de Hercer Gradskog muzeja Vara\u017edin, Franjeva\u010dki trg 10. Predavanje organiziraju Zavoda za znanstveni rad HHAZU u Vara\u017edinu, Institut za narodnosna vpra\u0161anja u Ljubljani, Urad za Slovence v zamejstvu in po svetu, Slovensko kulturno dru\u0161tvo Nagelj Vara\u017edin i Gradski muzej Vara\u017edin. Glazbeni program odr\u017eat \u0107e Barbara Othman i Ruta Bobi\u0107. Pozdrav okupljenima odr\u017eat \u0107e Barbara Antoli\u0107 Vupora, a uvodno izlaganje dr. sc. Vladimir Huzjan.<\/p>\n\n\n\n<p>U 18 sati Pu\u010dko otvoreno u\u010dili\u0161te Vara\u017edin u Kinu Gaj prikazuje film Saulov sin<\/p>\n\n\n\n<p><strong>Srijeda, 14. srpnja<\/strong><\/p>\n\n\n\n<p>U 20 sati u Velikoj koncertnoj dvorani HNK u Vara\u017edinu klavirska izvedba opere &#8221;Dnevnik Anne Frank&#8221;<\/p>\n\n\n\n<p><strong>\u010cetvrtak, 15. srpnja<\/strong><\/p>\n\n\n\n<p>U 11 sati otvorenje izlo\u017ebe \u017didovi u Vara\u017edinu \u2013 od rasnih do klasnih neprijatelja u organizaciji Dr\u017eavnog arhiva u Vara\u017edinu na adresi Koprivni\u010dka 51.<\/p>\n\n\n\n<p>U 18 sati Pu\u010dko otvoreno u\u010dili\u0161te Vara\u017edin u Kinu Gaj prikazuje film \u017divot je lijep<\/p>\n\n\n\n<p><strong>Petak, 16. srpnja<\/strong><\/p>\n\n\n\n<p>U 18 sati u prostoru Gradske knji\u017enice i \u010ditaonice &#8220;Metel O\u017eegovi\u0107&#8221; Vara\u017edin Andreja Toljan odr\u017eat \u0107e predavanje Kulturno naslje\u0111e pripadnika vara\u017edinske \u017eidovske zajednice, predstavljeno na temelju djela iz Zavi\u010dajne zbirke Gradske knji\u017enice i \u010ditaonice &#8220;Metel O\u017eegovi\u0107&#8221; Vara\u017edin.<\/p>\n\n\n\n<p><strong>Potvrde dolaska potrebno najaviti na telefon 042\/ 214 503 ili na e-mail adresu <a href=\"mailto:varazdin@hazu.hr\">varazdin@hazu.hr<\/a><\/strong><\/p>\n\n\n\n<hr class=\"wp-block-separator\"\/>\n\n\n\n<p>Izvor:<\/p>\n\n\n\n<figure class=\"wp-block-embed-wordpress wp-block-embed is-type-wp-embed is-provider-hazu\"><div class=\"wp-block-embed__wrapper\">\n<blockquote class=\"wp-embedded-content\" data-secret=\"31OJcn0aSj\"><a href=\"https:\/\/www.info.hazu.hr\/events\/znanstveni-skup-zidovska-zajednica-na-tlu-sjeverne-hrvatske\/\">Znanstveni skup \u017didovska zajednica na tlu sjeverne Hrvatske<\/a><\/blockquote><iframe loading=\"lazy\" class=\"wp-embedded-content\" sandbox=\"allow-scripts\" security=\"restricted\" style=\"position: absolute; clip: rect(1px, 1px, 1px, 1px);\" title=\"&#8220;Znanstveni skup \u017didovska zajednica na tlu sjeverne Hrvatske&#8221; &#8212; HAZU\" src=\"https:\/\/www.info.hazu.hr\/events\/znanstveni-skup-zidovska-zajednica-na-tlu-sjeverne-hrvatske\/embed\/#?secret=31OJcn0aSj\" data-secret=\"31OJcn0aSj\" width=\"600\" height=\"338\" frameborder=\"0\" marginwidth=\"0\" marginheight=\"0\" scrolling=\"no\"><\/iframe>\n<\/div><\/figure>\n\n\n\n<hr class=\"wp-block-separator\"\/>\n","protected":false},"excerpt":{"rendered":"","protected":false},"author":2,"featured_media":26846,"comment_status":"open","ping_status":"open","sticky":false,"template":"","format":"standard","meta":{"_acf_changed":false,"jetpack_post_was_ever_published":false,"_jetpack_newsletter_access":"","_jetpack_dont_email_post_to_subs":false,"_jetpack_newsletter_tier_id":0,"_jetpack_memberships_contains_paywalled_content":false,"_jetpack_memberships_contains_paid_content":false,"footnotes":"","jetpack_publicize_message":"","jetpack_publicize_feature_enabled":true,"jetpack_social_post_already_shared":true,"jetpack_social_options":{"image_generator_settings":{"template":"highway","default_image_id":0,"font":"","enabled":false},"version":2}},"categories":[3,9],"tags":[],"class_list":["post-26845","post","type-post","status-publish","format-standard","has-post-thumbnail","hentry","category-novosti","category-skupovi"],"acf":{"facebook_opis":""},"jetpack_publicize_connections":[],"jetpack_featured_media_url":"https:\/\/i0.wp.com\/historiografija.hr\/wp-content\/uploads\/2021\/07\/80-obljetnica-progona-Zidova-u-Varazdinu.jpg?fit=788%2C371&ssl=1","jetpack_sharing_enabled":true,"jetpack-related-posts":[],"_links":{"self":[{"href":"https:\/\/historiografija.hr\/index.php?rest_route=\/wp\/v2\/posts\/26845","targetHints":{"allow":["GET"]}}],"collection":[{"href":"https:\/\/historiografija.hr\/index.php?rest_route=\/wp\/v2\/posts"}],"about":[{"href":"https:\/\/historiografija.hr\/index.php?rest_route=\/wp\/v2\/types\/post"}],"author":[{"embeddable":true,"href":"https:\/\/historiografija.hr\/index.php?rest_route=\/wp\/v2\/users\/2"}],"replies":[{"embeddable":true,"href":"https:\/\/historiografija.hr\/index.php?rest_route=%2Fwp%2Fv2%2Fcomments&post=26845"}],"version-history":[{"count":2,"href":"https:\/\/historiografija.hr\/index.php?rest_route=\/wp\/v2\/posts\/26845\/revisions"}],"predecessor-version":[{"id":26848,"href":"https:\/\/historiografija.hr\/index.php?rest_route=\/wp\/v2\/posts\/26845\/revisions\/26848"}],"wp:featuredmedia":[{"embeddable":true,"href":"https:\/\/historiografija.hr\/index.php?rest_route=\/wp\/v2\/media\/26846"}],"wp:attachment":[{"href":"https:\/\/historiografija.hr\/index.php?rest_route=%2Fwp%2Fv2%2Fmedia&parent=26845"}],"wp:term":[{"taxonomy":"category","embeddable":true,"href":"https:\/\/historiografija.hr\/index.php?rest_route=%2Fwp%2Fv2%2Fcategories&post=26845"},{"taxonomy":"post_tag","embeddable":true,"href":"https:\/\/historiografija.hr\/index.php?rest_route=%2Fwp%2Fv2%2Ftags&post=26845"}],"curies":[{"name":"wp","href":"https:\/\/api.w.org\/{rel}","templated":true}]}}