{"id":26839,"date":"2021-07-08T17:32:07","date_gmt":"2021-07-08T17:32:07","guid":{"rendered":"http:\/\/historiografija.hr\/?p=26839"},"modified":"2021-07-08T17:32:07","modified_gmt":"2021-07-08T17:32:07","slug":"poziv-za-prijavu-na-znanstveni-skup-lokalni-mediji-u-hrvatskom-proljecu-sveuciliste-sjever-koprivnica-6-prosinca-2021","status":"publish","type":"post","link":"https:\/\/historiografija.hr\/?p=26839","title":{"rendered":"Poziv za prijavu na znanstveni skup \u201eLokalni mediji u Hrvatskom prolje\u0107u\u201c (Sveu\u010dili\u0161te Sjever, Koprivnica, 6. prosinca 2021.)"},"content":{"rendered":"\n<p>Godine 2021. obilje\u017eava se pedeseta godi\u0161njica Hrvatskog prolje\u0107a, koje je upravo 1971. do\u017eivjelo svoj vrhunac, a krajem iste godine i slom.<\/p>\n\n\n\n<p>Tim povodom na Sveu\u010dili\u0161tu Sjever u Koprivnici organizira se znanstveni skup <strong>\u201eLokalni mediji u Hrvatskom prolje\u0107u\u201c<\/strong> planiran za 6. prosinca 2021. godine. Ovisno o razvoju epidemiolo\u0161ke situacije odlu\u010dit \u0107e se o formi konferencije \u2013 najvjerojatnije u hibridnom obliku kako bi se omogu\u0107ilo i <em>online<\/em> sudjelovanje. Dio izlaganja sa skupa bit \u0107e objavljen u zasebnom bloku, u \u010dasopisu <em>Podravina<\/em>.<\/p>\n\n\n\n<p>Tijekom Hrvatskog prolje\u0107a upravo su mediji igrali zna\u010dajnu ulogu, a novinari se \u010desto na\u0161li na prvoj crti kada je bilo u pitanju propagiranje reformskih trendova ili na udaru kada su u pitanju bile posljedice osude prolje\u0107ara u Kara\u0111or\u0111evu. To se odnosi kako na medije koji su izlazili na republi\u010dkoj razini, tako i na lokalne medije. U pojedinim sredinama, naravno, o mnogo \u010demu ovisilo je i prvo i potonje. Ponajprije je to bilo vezano uz personalni sastav novinskih redakcija, ali i lokalne odnose mo\u0107i. Bez obzira na lokalne specifi\u010dnosti, Hrvatsko se prolje\u0107e sna\u017eno odrazilo na lokalne medije te utisnulo sna\u017ean pe\u010dat i na razvoj lokalnih listova i na sudbine mnogih novinara.<\/p>\n\n\n\n<p>Cilj je ove konferencije preispitati pojedine slu\u010dajeve, a potom preko studija slu\u010daja produbiti spoznaje o razvoju lokalnih medija u burnom razdoblju kraja 1960-ih i po\u010detka 1970-ih u Hrvatskoj. Dobrodo\u0161la su ne samo povijesna istra\u017eivanja, ve\u0107 i istra\u017eivanja s gledi\u0161ta drugih struka, kao i interdisciplinarna istra\u017eivanja koja mogu doprinijeti boljem poznavanju razvoja lokalnih medija u Hrvatskoj u analiziranom razdoblju.<\/p>\n\n\n\n<p>Prijave za sudjelovanje na konferenciji s kratkim sa\u017eetkom izlaganja (do 150 rije\u010di) primaju se do 31. kolovoza 2021. godine na adresu: <a href=\"mailto:mnajbar@unin.hr\">mnajbar@unin.hr<\/a><\/p>\n\n\n\n<hr class=\"wp-block-separator\"\/>\n","protected":false},"excerpt":{"rendered":"","protected":false},"author":2,"featured_media":26840,"comment_status":"open","ping_status":"open","sticky":false,"template":"","format":"standard","meta":{"_acf_changed":false,"jetpack_post_was_ever_published":false,"_jetpack_newsletter_access":"","_jetpack_dont_email_post_to_subs":false,"_jetpack_newsletter_tier_id":0,"_jetpack_memberships_contains_paywalled_content":false,"_jetpack_memberships_contains_paid_content":false,"footnotes":"","jetpack_publicize_message":"","jetpack_publicize_feature_enabled":true,"jetpack_social_post_already_shared":true,"jetpack_social_options":{"image_generator_settings":{"template":"highway","default_image_id":0,"font":"","enabled":false},"version":2}},"categories":[3,9],"tags":[],"class_list":["post-26839","post","type-post","status-publish","format-standard","has-post-thumbnail","hentry","category-novosti","category-skupovi"],"acf":{"facebook_opis":""},"jetpack_publicize_connections":[],"jetpack_featured_media_url":"https:\/\/i0.wp.com\/historiografija.hr\/wp-content\/uploads\/2021\/07\/Sjever.jpg?fit=364%2C512&ssl=1","jetpack_sharing_enabled":true,"jetpack-related-posts":[],"_links":{"self":[{"href":"https:\/\/historiografija.hr\/index.php?rest_route=\/wp\/v2\/posts\/26839","targetHints":{"allow":["GET"]}}],"collection":[{"href":"https:\/\/historiografija.hr\/index.php?rest_route=\/wp\/v2\/posts"}],"about":[{"href":"https:\/\/historiografija.hr\/index.php?rest_route=\/wp\/v2\/types\/post"}],"author":[{"embeddable":true,"href":"https:\/\/historiografija.hr\/index.php?rest_route=\/wp\/v2\/users\/2"}],"replies":[{"embeddable":true,"href":"https:\/\/historiografija.hr\/index.php?rest_route=%2Fwp%2Fv2%2Fcomments&post=26839"}],"version-history":[{"count":1,"href":"https:\/\/historiografija.hr\/index.php?rest_route=\/wp\/v2\/posts\/26839\/revisions"}],"predecessor-version":[{"id":26841,"href":"https:\/\/historiografija.hr\/index.php?rest_route=\/wp\/v2\/posts\/26839\/revisions\/26841"}],"wp:featuredmedia":[{"embeddable":true,"href":"https:\/\/historiografija.hr\/index.php?rest_route=\/wp\/v2\/media\/26840"}],"wp:attachment":[{"href":"https:\/\/historiografija.hr\/index.php?rest_route=%2Fwp%2Fv2%2Fmedia&parent=26839"}],"wp:term":[{"taxonomy":"category","embeddable":true,"href":"https:\/\/historiografija.hr\/index.php?rest_route=%2Fwp%2Fv2%2Fcategories&post=26839"},{"taxonomy":"post_tag","embeddable":true,"href":"https:\/\/historiografija.hr\/index.php?rest_route=%2Fwp%2Fv2%2Ftags&post=26839"}],"curies":[{"name":"wp","href":"https:\/\/api.w.org\/{rel}","templated":true}]}}