{"id":26836,"date":"2021-07-08T17:23:14","date_gmt":"2021-07-08T17:23:14","guid":{"rendered":"http:\/\/historiografija.hr\/?p=26836"},"modified":"2021-07-08T17:23:14","modified_gmt":"2021-07-08T17:23:14","slug":"antun-mates-od-sedamdesetih-do-kraja-milenija-u-zagrebu-i-svijetu-1970-1999-bez-cenzure","status":"publish","type":"post","link":"https:\/\/historiografija.hr\/?p=26836","title":{"rendered":"Antun Mate\u0161, \u201cOd sedamdesetih do kraja milenija u Zagrebu i svijetu 1970. &#8211; 1999. Bez cenzure\u201d"},"content":{"rendered":"\n<p>Knjiga Antuna Mate\u0161a o sedamdesetim, osamdesetim i devedesetim godinama u Hrvatskoj i svijetu nastavak je sjajne knjige \u201c\u0160ezdesete godine u Zagrebu\u201d koja je do\u017eivjela veliki uspjeh. Njome se zaokru\u017euje pam\u0107enje \u010detiriju posljednjih desetlje\u0107a 20. stolje\u0107a &#8211; kraja milenija, pam\u0107enje jedinstveno po tome \u0161to se u njemu ni\u017eu najva\u017eniji politi\u010dki, kulturni, umjetni\u010dki, sportski, medijski, zabavnoglazbeni&#8230; doga\u0111aji i najva\u017enije li\u010dnosti u svijetu i Lijepoj na\u0161oj koje povezuje izniman autor &#8211; slikar, pisac, novinar, ribolovac&#8230;, koji se planetom, Hrvatskom i Zagrebom kre\u0107e kao svojim dnevnim boravkom. Sve je pratio i bilje\u017eio, o svemu ima svoje mi\u0161ljenje, ima fotografije o svemu i svima (vi\u0161e od tisu\u0107u i pet stotina), to je memorija gotovo polustoljetnog vremena, \u201csnimka\u201d svega po \u010demu je zna\u010dajno. &#8211; Milan Ivko\u0161i\u0107<\/p>\n\n\n\n<hr class=\"wp-block-separator\"\/>\n\n\n\n<p>GODINA IZDANJA: 2021<\/p>\n\n\n\n<p>NAKLADNIK: 24 sata<\/p>\n\n\n\n<p>BROJ STRANICA: 450 stranica<\/p>\n\n\n\n<hr class=\"wp-block-separator\"\/>\n\n\n\n<p>Izvor: &nbsp;<\/p>\n\n\n\n<p><a href=\"https:\/\/znanje.hr\/product\/od-sedamdesetih-do-kraja-milenija-u-zagrebu-i-svijetu-1970-1999-bez-cenzure\/421966\">https:\/\/znanje.hr\/product\/od-sedamdesetih-do-kraja-milenija-u-zagrebu-i-svijetu-1970-1999-bez-cenzure\/421966<\/a><\/p>\n\n\n\n<hr class=\"wp-block-separator\"\/>\n","protected":false},"excerpt":{"rendered":"","protected":false},"author":2,"featured_media":26837,"comment_status":"open","ping_status":"open","sticky":false,"template":"","format":"standard","meta":{"_acf_changed":false,"jetpack_post_was_ever_published":false,"_jetpack_newsletter_access":"","_jetpack_dont_email_post_to_subs":false,"_jetpack_newsletter_tier_id":0,"_jetpack_memberships_contains_paywalled_content":false,"_jetpack_memberships_contains_paid_content":false,"footnotes":"","jetpack_publicize_message":"","jetpack_publicize_feature_enabled":true,"jetpack_social_post_already_shared":true,"jetpack_social_options":{"image_generator_settings":{"template":"highway","default_image_id":0,"font":"","enabled":false},"version":2}},"categories":[8,3],"tags":[],"class_list":["post-26836","post","type-post","status-publish","format-standard","has-post-thumbnail","hentry","category-knjige","category-novosti"],"acf":{"facebook_opis":""},"jetpack_publicize_connections":[],"jetpack_featured_media_url":"https:\/\/i0.wp.com\/historiografija.hr\/wp-content\/uploads\/2021\/07\/Mates.jpg?fit=360%2C425&ssl=1","jetpack_sharing_enabled":true,"jetpack-related-posts":[],"_links":{"self":[{"href":"https:\/\/historiografija.hr\/index.php?rest_route=\/wp\/v2\/posts\/26836","targetHints":{"allow":["GET"]}}],"collection":[{"href":"https:\/\/historiografija.hr\/index.php?rest_route=\/wp\/v2\/posts"}],"about":[{"href":"https:\/\/historiografija.hr\/index.php?rest_route=\/wp\/v2\/types\/post"}],"author":[{"embeddable":true,"href":"https:\/\/historiografija.hr\/index.php?rest_route=\/wp\/v2\/users\/2"}],"replies":[{"embeddable":true,"href":"https:\/\/historiografija.hr\/index.php?rest_route=%2Fwp%2Fv2%2Fcomments&post=26836"}],"version-history":[{"count":1,"href":"https:\/\/historiografija.hr\/index.php?rest_route=\/wp\/v2\/posts\/26836\/revisions"}],"predecessor-version":[{"id":26838,"href":"https:\/\/historiografija.hr\/index.php?rest_route=\/wp\/v2\/posts\/26836\/revisions\/26838"}],"wp:featuredmedia":[{"embeddable":true,"href":"https:\/\/historiografija.hr\/index.php?rest_route=\/wp\/v2\/media\/26837"}],"wp:attachment":[{"href":"https:\/\/historiografija.hr\/index.php?rest_route=%2Fwp%2Fv2%2Fmedia&parent=26836"}],"wp:term":[{"taxonomy":"category","embeddable":true,"href":"https:\/\/historiografija.hr\/index.php?rest_route=%2Fwp%2Fv2%2Fcategories&post=26836"},{"taxonomy":"post_tag","embeddable":true,"href":"https:\/\/historiografija.hr\/index.php?rest_route=%2Fwp%2Fv2%2Ftags&post=26836"}],"curies":[{"name":"wp","href":"https:\/\/api.w.org\/{rel}","templated":true}]}}