{"id":26833,"date":"2021-07-08T16:58:22","date_gmt":"2021-07-08T16:58:22","guid":{"rendered":"http:\/\/historiografija.hr\/?p=26833"},"modified":"2021-07-08T16:58:22","modified_gmt":"2021-07-08T16:58:22","slug":"dorothy-day-duga-usamljenost","status":"publish","type":"post","link":"https:\/\/historiografija.hr\/?p=26833","title":{"rendered":"Dorothy Day, \u201cDuga usamljenost\u201d"},"content":{"rendered":"\n<p><em>Duga usamljenost<\/em> autobiografsko je djelo Dorothy Day u kojem autorica pripovijeda svoj \u017eivot od najranijih sje\u0107anja do 1950. i smrti bliskog joj prijatelja i suutemeljitelja Katoli\u010dkog radni\u010dkog pokreta Petera Maurina. Pri\u010da je to dijelom istkana od o\u010dekivanih \u017eanrovskih elemenata poput obiteljskih seljenja sa Zapadne na Isto\u010dnu obalu Sjedinjenih Dr\u017eava i tipi\u010dnih ameri\u010dkih ambijenata koji prizivaju u sje\u0107anje tolike druge pri\u010de, a dijelom mo\u017eda neo\u010dekivanih elemenata poput sporog zova vjere koji \u0107e provirivati za svakim uglom, da bi se kona\u010dno sasvim probila po ro\u0111enju Dorothyina djeteta. Velik dio ove biografske pri\u010de usredoto\u010dit \u0107e se na \u017eivotno djelo Dorothy Day, osnutak Katoli\u010dkog radni\u010dkog pokreta i \u017eivot predan slu\u017eenju siroma\u0161nima i ugro\u017eenima. Djelatnost na koju smo mi dana\u0161nji ve\u0107 prili\u010dno navikli da je mo\u017eda i ne primje\u0107ujemo oko sebe, u ono vrijeme zahtijevala je mnogo hrabrosti, kad je jo\u0161 i Katoli\u010dka Crkva slu\u017ebeno oklijevala posvetiti se radniku, dok je iz svakog grma vrebala komunisti\u010dka opasnost. Ali vrijeme \u0107e dati za pravo ovoj hrabroj \u017eeni, pa \u0107e je i papa Franjo kona\u010dno u novom tisu\u0107lje\u0107u ubrojiti u \u010detvorstvo zaslu\u017enih Amerikanaca. Mo\u017eda \u0107e hrvatskom \u010ditatelju mnoga imena i doga\u0111aji iz ovog \u017eivotopisa biti strani \u2013 uz poneko iznena\u0111enje poput spomena Stepin\u010deva imena \u2013 pa \u0107e mu na trenutke i probijanje kroz tu preciznu \u0161umu Dorothyina sje\u0107anja djelovati zahtjevno, ali isplatit \u0107e se svaki trud jer je cjelina \u017eivota ove slu\u017ebenice Bo\u017eje fascinantna, ispri\u010dana rukom vje\u0161te pripovjeda\u010dice i lucidne \u010ditateljice svjetske knji\u017eevnosti.<\/p>\n\n\n\n<hr class=\"wp-block-separator\"\/>\n\n\n\n<p><strong>O autorici<\/strong><\/p>\n\n\n\n<p><strong>Dorothy Day<\/strong><\/p>\n\n\n\n<p>Dorothy Day (1897. \u2013 1980.) ameri\u010dka je spisateljica, novinarka i katoli\u010dka aktivistica. Ro\u0111ena je u Brooklynu u tipi\u010dnoj ameri\u010dkoj obitelji srednje klase. Jo\u0161 od djetinjstva bila je gorljiva \u010ditateljica Uptona Sinclaira, Kropotkina, Dostojevskog, Tolstoja i drugih realisti\u010dkih pisaca. Mladost provodi u boemskim i radikalnim krugovima Chicaga i New Yorka. Zanima se za siroma\u0161ne i za marginalizirane, bori za \u017eenska prava, sudjeluje na prosvjedima, zbog \u010dega je i nekoliko puta uhi\u0107ena. Godine 1918. obu\u010dava se za medicinsku sestru i radi u bolnici u vrijeme pandemije \u0161panjolske gripe. Zapo\u010dinje nekoliko veza, da bi se potom skrasila sa znanstvenikom Forsterom Batterhamom. 1926. rodit \u0107e k\u0107er Tamar Teresu i nekako u to vrijeme pada i njezino obra\u0107enje na katoli\u010danstvo. Te\u0161ka srca ostavlja partnera i krsti se, stavlja na prvo mjesto dijete i borbu za siroma\u0161ne. S Peterom Maurinom 1933. osniva Katoli\u010dki radni\u010dki pokret, koji se zala\u017ee za distributizam kao alternativu komunizmu i kapitalizmu. Otvaraju ku\u0107e i farme gostoprimstva s pu\u010dkim kuhinjama \u0161irom Amerike i objavljuju radni\u010dke novine. Godine 2000. otvorena je kauza za njezino progla\u0161enje svetom. Autorica je vi\u0161e knjiga, romana, dnevnika, dviju autobiografija te biografije svete Terezije iz Lisieuxa.<\/p>\n\n\n\n<hr class=\"wp-block-separator\"\/>\n\n\n\n<p>Izdava\u010d: Biblioteka Keriks za Edicije Bo\u017ei\u010devi\u0107<\/p>\n\n\n\n<p>Godina izdanja: 2021.<\/p>\n\n\n\n<p>Autor: Dorothy Day<\/p>\n\n\n\n<p>Prevoditeljica: Ivana Krencer<\/p>\n\n\n\n<p>Urednik: Matija Jane\u0161<\/p>\n\n\n\n<p>Ovitak: Iva Mandi\u0107<\/p>\n\n\n\n<p>Cijena: 150,00 kn<\/p>\n\n\n\n<p>Broj stranica: 320<\/p>\n\n\n\n<hr class=\"wp-block-separator\"\/>\n\n\n\n<p>Izvor: <a href=\"https:\/\/www.edicije-bozicevic.com\/katalog\/duga-usamljenost\/\">https:\/\/www.edicije-bozicevic.com\/katalog\/duga-usamljenost\/<\/a><\/p>\n\n\n\n<hr class=\"wp-block-separator\"\/>\n","protected":false},"excerpt":{"rendered":"","protected":false},"author":2,"featured_media":26834,"comment_status":"open","ping_status":"open","sticky":false,"template":"","format":"standard","meta":{"_acf_changed":false,"jetpack_post_was_ever_published":false,"_jetpack_newsletter_access":"","_jetpack_dont_email_post_to_subs":false,"_jetpack_newsletter_tier_id":0,"_jetpack_memberships_contains_paywalled_content":false,"_jetpack_memberships_contains_paid_content":false,"footnotes":"","jetpack_publicize_message":"","jetpack_publicize_feature_enabled":true,"jetpack_social_post_already_shared":true,"jetpack_social_options":{"image_generator_settings":{"template":"highway","default_image_id":0,"font":"","enabled":false},"version":2}},"categories":[8,3],"tags":[],"class_list":["post-26833","post","type-post","status-publish","format-standard","has-post-thumbnail","hentry","category-knjige","category-novosti"],"acf":{"facebook_opis":""},"jetpack_publicize_connections":[],"jetpack_featured_media_url":"https:\/\/i0.wp.com\/historiografija.hr\/wp-content\/uploads\/2021\/07\/Dorothy-Day-naslovnica.jpg?fit=479%2C677&ssl=1","jetpack_sharing_enabled":true,"jetpack-related-posts":[],"_links":{"self":[{"href":"https:\/\/historiografija.hr\/index.php?rest_route=\/wp\/v2\/posts\/26833","targetHints":{"allow":["GET"]}}],"collection":[{"href":"https:\/\/historiografija.hr\/index.php?rest_route=\/wp\/v2\/posts"}],"about":[{"href":"https:\/\/historiografija.hr\/index.php?rest_route=\/wp\/v2\/types\/post"}],"author":[{"embeddable":true,"href":"https:\/\/historiografija.hr\/index.php?rest_route=\/wp\/v2\/users\/2"}],"replies":[{"embeddable":true,"href":"https:\/\/historiografija.hr\/index.php?rest_route=%2Fwp%2Fv2%2Fcomments&post=26833"}],"version-history":[{"count":1,"href":"https:\/\/historiografija.hr\/index.php?rest_route=\/wp\/v2\/posts\/26833\/revisions"}],"predecessor-version":[{"id":26835,"href":"https:\/\/historiografija.hr\/index.php?rest_route=\/wp\/v2\/posts\/26833\/revisions\/26835"}],"wp:featuredmedia":[{"embeddable":true,"href":"https:\/\/historiografija.hr\/index.php?rest_route=\/wp\/v2\/media\/26834"}],"wp:attachment":[{"href":"https:\/\/historiografija.hr\/index.php?rest_route=%2Fwp%2Fv2%2Fmedia&parent=26833"}],"wp:term":[{"taxonomy":"category","embeddable":true,"href":"https:\/\/historiografija.hr\/index.php?rest_route=%2Fwp%2Fv2%2Fcategories&post=26833"},{"taxonomy":"post_tag","embeddable":true,"href":"https:\/\/historiografija.hr\/index.php?rest_route=%2Fwp%2Fv2%2Ftags&post=26833"}],"curies":[{"name":"wp","href":"https:\/\/api.w.org\/{rel}","templated":true}]}}