{"id":26820,"date":"2021-07-07T14:27:47","date_gmt":"2021-07-07T14:27:47","guid":{"rendered":"http:\/\/historiografija.hr\/?p=26820"},"modified":"2021-07-07T14:27:47","modified_gmt":"2021-07-07T14:27:47","slug":"medunarodna-konferencija-oziljci-devedesetih","status":"publish","type":"post","link":"https:\/\/historiografija.hr\/?p=26820","title":{"rendered":"Me\u0111unarodna konferencija O\u017eiljci devedesetih"},"content":{"rendered":"\n<p><strong>Scars: Reflections on Art and Society in Central-East Europe in the 1990s<\/strong><\/p>\n\n\n\n<p>Zagreb, 9. \u2013 10. srpnja 2021.<\/p>\n\n\n\n<ul class=\"wp-block-list\"><li><strong><a href=\"https:\/\/www.ipu.hr\/content\/info\/IPU_ISU_90_scars_program.pdf\">PROGRAM<\/a><\/strong><\/li><li><strong><a href=\"https:\/\/www.ipu.hr\/content\/info\/IPU_ISU_90_scars_abstracts.pdf\">KNJI\u017dICA SA\u017dETAKA<\/a><\/strong><\/li><\/ul>\n\n\n\n<p><strong>Organizacija<\/strong><br>Institut za povijest umjetnosti (Zagreb), Institut za suvremenu umjetnost (Zagreb)<\/p>\n\n\n\n<p><strong>Znanstveni odbor<\/strong><br>Konstantin Akinsha, PhD, independent researcher and curator, USA\/Ukraine<br>Michal Kole\u010dek, PhD, Faculty of Art and Design, Jan Evangelista Purkyn\u011b<br>University, \u00dast\u00ed nad Labem<br>Ljiljana Kole\u0161nik, PhD, Institute of Art History, Zagreb<br>Ivana Mance, PhD, Institute of Art History, Zagreb<br>Ksenia Nouril, The Print Center in Philadelphia, Pennsylvania<\/p>\n\n\n\n<p><strong>Organizacijski odbor<\/strong><br>Sanja Sekelj, Institute of Art History, Zagreb<br>Janka Vukmir, Institute for Contemporary Art, Zagreb<br>Jadranka Vinterhalter, Institute for Contemporary Art, Zagreb<br>Darko \u0160imi\u010di\u0107, Tomislav Gotovac Institute, Zagreb<br>Ana \u0106uri\u0107, Institute of Art History, Zagreb<\/p>\n\n\n\n<p><strong>Plenarna izlaganja<\/strong><br>Konstantin Akinsha, Andreas Broeckmann<\/p>\n\n\n\n<p><strong>Izlaga\u010di\/ce<\/strong><br>John Blackwood, Sandra Bradvi\u0107, Miha Colner, Milena Dragi\u0107evi\u0107-\u0160e\u0161i\u0107, Barbora H\u00e1jkov\u00e1, Bojan Ivanov, Jasna Jak\u0161i\u0107, Kaja Kraner, Cristina Moraru, Christian Nae, Stella Pel\u0161e, Anne Pfautsch, Dijana Proti\u0107, Tihana Puc, Keiko Sei, Sanja Sekelj, Anya Smirnova, Darko \u0160imi\u010di\u0107, \u017deljka Tonkovi\u0107, Jadranka Vinterhalter<\/p>\n\n\n\n<p>&#8211;<br>Cilj konferencije <a href=\"http:\/\/www.institute.hr\/en\/program-en\/international-conference-scars-reflections-on-art-and-society-in-central-east-europe-in-the-1990s\/\" target=\"_blank\" rel=\"noreferrer noopener\">\u201cScars: Reflections on Art and Society in Central-East Europe in the 1990s\u201d<\/a>, u organizaciji Instituta za povijest umjetnosti i Instituta za suvremenu umjetnost u Zagrebu, jest potaknuti daljnji interes za istra\u017eivanje umjetni\u010dkog polja tijekom devedesetih godina te pokrenuti dijalog s istra\u017eiva\u010dima koji se bave umjetno\u0161\u0107u sli\u010dne ili usporedive kulturalne pozadine i politi\u010dke povijesti.<\/p>\n\n\n\n<p>Konferencija se bavi \u0161irokim spektrom razli\u010ditih tema, koje se\u017eu od izazova pri definiranju regije Srednjoisto\u010dne Europe i prate\u0107ih terminolo\u0161kih problema, odnosima mo\u0107i nakon pada Berlinskog zida, me\u0111uodnosima nacionalnog, internacionalnog i transnacionalnog dru\u0161tvenog i kulturalnog prostora u novonastalim zemljama, kao i samoorganizacijskim i samo-institucionaliziraju\u0107im praksama aktera u kulturnom polju. Uz propitivanje relacija izme\u0111u umjetnosti i politi\u010dkog aktivizma, konferencija se tako\u0111er doti\u010de uloge novih mre\u017ea nastalih u devedesetima, poput Syndicate mailing liste ili mre\u017ee Soros centara za suvremenu umjetnost, kao i umjetni\u010dkih fenomena koji su se u tom desetlje\u0107u pojavili ili zadobili ve\u0107u vidljivost, poput dru\u0161tveno anga\u017eirane umjetnosti, internetske umjetnosti ili javne umjetnosti. Uzimaju\u0107i u obzir \u0161iroki spektar tema i pristupa te karakteristi\u010dnih prostornih perspektiva, nadamo se da \u0107e konferencija pru\u017eiti doprinos horizontalnoj interpretaciji umjetnosti regije, ali i da \u0107e slu\u017eiti kao doprinos razumijevanju promjena u kulturalnom polju i njegovim relacijama sa \u0161irim dru\u0161tveno-politi\u010dkim kontekstom u desetlje\u0107ima koja su slijedila.<\/p>\n\n\n\n<p><strong>***<br>Konferencija se odr\u017eava <em>online<\/em>. Za registraciju i ZOOM link po\u0161aljite e-mail s imenom i prezimenom do srijede 7. srpnja 2021. godine na adresu <a href=\"mailto:ssekelj@ipu.hr\">ssekelj@ipu.hr<\/a>. Konferencija \u0107e se mo\u0107i pratiti i u izravnom prijenosu na Facebook stranicama <a href=\"https:\/\/www.facebook.com\/institutzapovijestumjetnosti\" target=\"_blank\" rel=\"noreferrer noopener\">Instituta za povijest umjetnosti<\/a> i <a href=\"https:\/\/www.facebook.com\/isuzagreb\" target=\"_blank\" rel=\"noreferrer noopener\">Instituta za suvremenu umjetnost<\/a>.<\/strong><\/p>\n\n\n\n<p>&#8211;<br>Konferencija je organizirana u sklopu istra\u017eiva\u010dkog projekta \u201cPovijest umjetni\u010dkih institucija u Hrvatskoj\u201d (PU-IPU-2019-6) koji se provodi na Institutu za povijest umjetnosti u Zagrebu.<\/p>\n\n\n\n<p>Konferencija je izvorno organizirana u suradnji s Muzejom moderne i suvremene umjetnosti u Rijeci, kao popratni program izlo\u017ebe <a href=\"https:\/\/mmsu.hr\/en\/event\/90s-scars-3\/\" target=\"_blank\" rel=\"noreferrer noopener\"><em>90e: O\u017eiljci<\/em> <\/a>u sklopu projekta Rijeka2020: Europska prijestolnica kulture.<\/p>\n\n\n\n<p>Konferenciju su financijski podr\u017eali Goethe Institut Zagreb, Grad Rijeka, Rijeka2020: Europska prijestolnica kulture.<\/p>\n\n\n\n<p>Izvor: <a href=\"https:\/\/www.ipu.hr\/article\/hr\/1093\/oziljci-devedesetih\">https:\/\/www.ipu.hr\/article\/hr\/1093\/oziljci-devedesetih<\/a><\/p>\n","protected":false},"excerpt":{"rendered":"","protected":false},"author":2,"featured_media":26821,"comment_status":"open","ping_status":"open","sticky":false,"template":"","format":"standard","meta":{"_acf_changed":false,"jetpack_post_was_ever_published":false,"_jetpack_newsletter_access":"","_jetpack_dont_email_post_to_subs":false,"_jetpack_newsletter_tier_id":0,"_jetpack_memberships_contains_paywalled_content":false,"_jetpack_memberships_contains_paid_content":false,"footnotes":"","jetpack_publicize_message":"","jetpack_publicize_feature_enabled":true,"jetpack_social_post_already_shared":true,"jetpack_social_options":{"image_generator_settings":{"template":"highway","default_image_id":0,"font":"","enabled":false},"version":2}},"categories":[3,9],"tags":[],"class_list":["post-26820","post","type-post","status-publish","format-standard","has-post-thumbnail","hentry","category-novosti","category-skupovi"],"acf":{"facebook_opis":""},"jetpack_publicize_connections":[],"jetpack_featured_media_url":"https:\/\/i0.wp.com\/historiografija.hr\/wp-content\/uploads\/2021\/07\/ipu-isu-90-scars.jpg?fit=900%2C562&ssl=1","jetpack_sharing_enabled":true,"jetpack-related-posts":[],"_links":{"self":[{"href":"https:\/\/historiografija.hr\/index.php?rest_route=\/wp\/v2\/posts\/26820","targetHints":{"allow":["GET"]}}],"collection":[{"href":"https:\/\/historiografija.hr\/index.php?rest_route=\/wp\/v2\/posts"}],"about":[{"href":"https:\/\/historiografija.hr\/index.php?rest_route=\/wp\/v2\/types\/post"}],"author":[{"embeddable":true,"href":"https:\/\/historiografija.hr\/index.php?rest_route=\/wp\/v2\/users\/2"}],"replies":[{"embeddable":true,"href":"https:\/\/historiografija.hr\/index.php?rest_route=%2Fwp%2Fv2%2Fcomments&post=26820"}],"version-history":[{"count":1,"href":"https:\/\/historiografija.hr\/index.php?rest_route=\/wp\/v2\/posts\/26820\/revisions"}],"predecessor-version":[{"id":26822,"href":"https:\/\/historiografija.hr\/index.php?rest_route=\/wp\/v2\/posts\/26820\/revisions\/26822"}],"wp:featuredmedia":[{"embeddable":true,"href":"https:\/\/historiografija.hr\/index.php?rest_route=\/wp\/v2\/media\/26821"}],"wp:attachment":[{"href":"https:\/\/historiografija.hr\/index.php?rest_route=%2Fwp%2Fv2%2Fmedia&parent=26820"}],"wp:term":[{"taxonomy":"category","embeddable":true,"href":"https:\/\/historiografija.hr\/index.php?rest_route=%2Fwp%2Fv2%2Fcategories&post=26820"},{"taxonomy":"post_tag","embeddable":true,"href":"https:\/\/historiografija.hr\/index.php?rest_route=%2Fwp%2Fv2%2Ftags&post=26820"}],"curies":[{"name":"wp","href":"https:\/\/api.w.org\/{rel}","templated":true}]}}