{"id":26816,"date":"2021-07-06T20:55:31","date_gmt":"2021-07-06T20:55:31","guid":{"rendered":"http:\/\/historiografija.hr\/?p=26816"},"modified":"2021-07-06T20:55:43","modified_gmt":"2021-07-06T20:55:43","slug":"promocija-romana-roberta-kleindiensta-doba-presvlacenja","status":"publish","type":"post","link":"https:\/\/historiografija.hr\/?p=26816","title":{"rendered":"Promocija romana Roberta Kleindiensta &#8216;Doba presvla\u010denja&#8217;"},"content":{"rendered":"\n<p>Austrijski pisac <strong>Robert Kleindienst<\/strong> predstavit \u0107e u Zagrebu svoj roman &#8220;<a href=\"https:\/\/mvinfo.hr\/knjiga\/14180\/doba-presvlacenja\" target=\"_blank\" rel=\"noreferrer noopener\">Doba presvla\u010denja<\/a>&#8221; (Leykam International, 2021.) koji se bavi rijetko tematiziranim aspektima hrvatske pro\u0161losti.&nbsp;<\/p>\n\n\n\n<p>U sredi\u0161tu zbivanja je glavni \u017eenski lik Ana Sadak, koja 1945. bje\u017ei pred partizanima u austrijski Altaussee. Opisuje se njezin bijeg du\u017e zelene granice, kao i prethodni slojevi zbivanja koji su doveli do bijega i borbe za pre\u017eivljavanje. Ona je bila njegovateljica u usta\u0161kom dje\u010djem logoru, gdje se altruisti\u010dki brinula za male zarobljenike, ne slute\u0107i njihovu sudbinu. Time se prikazuje sudbina pojedinca zarobljenoga u povijesnim zbivanjima te se opisuje tzv. \u201e\u0161takorski put\u201c fa\u0161isti\u010dke emigracije. Roman svakako otvara va\u017ene teme suo\u010davanja s austrijskom i hrvatskom pro\u0161lo\u0161\u0107u.<\/p>\n\n\n\n<p><strong>Robert Kleindienst<\/strong> (1975.), austrijski je autor, studirao je germanistiku, politologiju i pedagogiju na sveu\u010dili\u0161tu u Salzburgu. Od 2016. godine ima status slobodnog umjetnika, \u010dlan je knji\u017eevnih skupina Grazer Autorenversammlung i IG Autorinnen Autoren, Salzburger Autorengruppe te utemeljitelj knji\u017eevnog portala die flut. Autor je romana &#8220;Sp\u00e4ter vielleicht&#8221; (Poslije mo\u017eda, 2009.), &#8220;Nicht im Traum&#8221; (Ni u snu, 2013.) i &#8220;Zeit der H\u00e4utung&#8221; (Doba presvla\u010denja, 2019.), zbirke pripovijedaka &#8220;Vermintes Echo&#8221; (Minirana jeka, 2014.) kao i zbirke poezije &#8220;Brandseeleute&#8221; (Ljudi s jezera Brandsee, 2014.). Dobitnik je knji\u017eevnih nagrada, primjerice za tekst &#8220;Aschenmeerschwein: Antikodex&#8221; koji se bavi razotkrivanjem nacionalsocijalisti\u010dkih zlo\u010dina. Kleindienstove su glavne teme suo\u010davanje s pro\u0161lo\u0161\u0107u i traumama Drugoga svjetskog rata.<\/p>\n\n\n\n<p>Promocija romana odr\u017eat \u0107e se u <strong>\u010detvrtak, 8. srpnja u 19 sati <\/strong>ispred Knji\u017enice Marije Juri\u0107 Zagorke u Zagrebu (Krvavi most 2).<\/p>\n\n\n\n<p>O romanu \u0107e govoriti: prof. dr. sc. <strong>Milka Car<\/strong>,<strong> Eugenia Ehgartner<\/strong> i autor <strong>Robert Kleindienst<\/strong>.<\/p>\n\n\n\n<p>Roman \u0107e tako\u0111er biti predstavljen:<\/p>\n\n\n\n<p>\u2192 06.07.2021 \u2022 19:00 \u2022 Gradska knji\u017enica Karlovac<\/p>\n\n\n\n<p>\u2192 07.07.2021 \u2022 19:45 \u2022 Festival tolerancije, Bundek, Zagreb<\/p>\n\n\n\n<hr class=\"wp-block-separator\"\/>\n\n\n\n<p>Izvori i dodatne informacije:<\/p>\n\n\n\n<p><a href=\"https:\/\/mvinfo.hr\/clanak\/promocija-romana-roberta-kleindiensta-doba-presvlacenja\">https:\/\/mvinfo.hr\/clanak\/promocija-romana-roberta-kleindiensta-doba-presvlacenja<\/a><\/p>\n\n\n\n<p><a href=\"http:\/\/www.leykam-international.hr\/\">http:\/\/www.leykam-international.hr\/<\/a><\/p>\n\n\n\n<p><a href=\"https:\/\/festivaloftolerance.com\/event\/doba-presvlacenja\">https:\/\/festivaloftolerance.com\/event\/doba-presvlacenja<\/a><\/p>\n\n\n\n<hr class=\"wp-block-separator\"\/>\n","protected":false},"excerpt":{"rendered":"","protected":false},"author":2,"featured_media":23807,"comment_status":"open","ping_status":"open","sticky":false,"template":"","format":"standard","meta":{"_acf_changed":false,"jetpack_post_was_ever_published":false,"_jetpack_newsletter_access":"","_jetpack_dont_email_post_to_subs":false,"_jetpack_newsletter_tier_id":0,"_jetpack_memberships_contains_paywalled_content":false,"_jetpack_memberships_contains_paid_content":false,"footnotes":"","jetpack_publicize_message":"","jetpack_publicize_feature_enabled":true,"jetpack_social_post_already_shared":true,"jetpack_social_options":{"image_generator_settings":{"template":"highway","default_image_id":0,"font":"","enabled":false},"version":2}},"categories":[3,12],"tags":[],"class_list":["post-26816","post","type-post","status-publish","format-standard","has-post-thumbnail","hentry","category-novosti","category-knjizevnost"],"acf":{"facebook_opis":""},"jetpack_publicize_connections":[],"jetpack_featured_media_url":"https:\/\/i0.wp.com\/historiografija.hr\/wp-content\/uploads\/2020\/11\/Doba-presvlacenja.jpg?fit=246%2C368&ssl=1","jetpack_sharing_enabled":true,"jetpack-related-posts":[],"_links":{"self":[{"href":"https:\/\/historiografija.hr\/index.php?rest_route=\/wp\/v2\/posts\/26816","targetHints":{"allow":["GET"]}}],"collection":[{"href":"https:\/\/historiografija.hr\/index.php?rest_route=\/wp\/v2\/posts"}],"about":[{"href":"https:\/\/historiografija.hr\/index.php?rest_route=\/wp\/v2\/types\/post"}],"author":[{"embeddable":true,"href":"https:\/\/historiografija.hr\/index.php?rest_route=\/wp\/v2\/users\/2"}],"replies":[{"embeddable":true,"href":"https:\/\/historiografija.hr\/index.php?rest_route=%2Fwp%2Fv2%2Fcomments&post=26816"}],"version-history":[{"count":1,"href":"https:\/\/historiografija.hr\/index.php?rest_route=\/wp\/v2\/posts\/26816\/revisions"}],"predecessor-version":[{"id":26817,"href":"https:\/\/historiografija.hr\/index.php?rest_route=\/wp\/v2\/posts\/26816\/revisions\/26817"}],"wp:featuredmedia":[{"embeddable":true,"href":"https:\/\/historiografija.hr\/index.php?rest_route=\/wp\/v2\/media\/23807"}],"wp:attachment":[{"href":"https:\/\/historiografija.hr\/index.php?rest_route=%2Fwp%2Fv2%2Fmedia&parent=26816"}],"wp:term":[{"taxonomy":"category","embeddable":true,"href":"https:\/\/historiografija.hr\/index.php?rest_route=%2Fwp%2Fv2%2Fcategories&post=26816"},{"taxonomy":"post_tag","embeddable":true,"href":"https:\/\/historiografija.hr\/index.php?rest_route=%2Fwp%2Fv2%2Ftags&post=26816"}],"curies":[{"name":"wp","href":"https:\/\/api.w.org\/{rel}","templated":true}]}}