{"id":26813,"date":"2021-07-06T20:41:12","date_gmt":"2021-07-06T20:41:12","guid":{"rendered":"http:\/\/historiografija.hr\/?p=26813"},"modified":"2021-07-06T20:41:12","modified_gmt":"2021-07-06T20:41:12","slug":"znanstveni-skup-dakovacko-osjecka-crkvena-pokrajina-povijesno-pravno-pastoralni-znacaj-njezinog-osnutka","status":"publish","type":"post","link":"https:\/\/historiografija.hr\/?p=26813","title":{"rendered":"Znanstveni skup \u201e\u0110akova\u010dko-osje\u010dka crkvena pokrajina: Povijesno-pravno-pastoralni zna\u010daj njezinog osnutka\u201c"},"content":{"rendered":"\n<p>Katoli\u010dki bogoslovni fakultet u \u0110akovu Sveu\u010dili\u0161ta Josipa Jurja Strossmayera u Osijeku, \u0110akova\u010dko-osje\u010dka nadbiskupija, Po\u017ee\u0161ka biskupija i Srijemska biskupija organiziraju\u00a0u utorak i srijedu, <strong>6. <\/strong>i<strong> 7. srpnja 2021.<\/strong>\u00a0znanstveni skup na temu <strong>\u201e\u0110akova\u010dko-osje\u010dka crkvena pokrajina \u2013 Povijesno-pravno-pastoralni zna\u010daj njezinog osnutka\u201c<\/strong>.<\/p>\n\n\n\n<hr class=\"wp-block-separator\"\/>\n\n\n\n<p>Izvor i program:<\/p>\n\n\n\n<figure class=\"wp-block-embed-wordpress wp-block-embed is-type-wp-embed is-provider-hrvatski-institut-za-povijest\"><div class=\"wp-block-embed__wrapper\">\n<blockquote class=\"wp-embedded-content\" data-secret=\"mHA2Ma4W0z\"><a href=\"http:\/\/hipsb.hr\/znanstveni-skup-dakovacko-osjecka-crkvena-pokrajina-povijesno-pravno-pastoralni-znacaj-njezinog-osnutka\/\">Znanstveni skup \u201e\u0110akova\u010dko-osje\u010dka crkvena pokrajina: Povijesno-pravno-pastoralni zna\u010daj njezinog osnutka\u201c<\/a><\/blockquote><iframe loading=\"lazy\" class=\"wp-embedded-content\" sandbox=\"allow-scripts\" security=\"restricted\" style=\"position: absolute; clip: rect(1px, 1px, 1px, 1px);\" title=\"&#8220;Znanstveni skup \u201e\u0110akova\u010dko-osje\u010dka crkvena pokrajina: Povijesno-pravno-pastoralni zna\u010daj njezinog osnutka\u201c&#8221; &#8212; Hrvatski institut za povijest\" src=\"http:\/\/hipsb.hr\/znanstveni-skup-dakovacko-osjecka-crkvena-pokrajina-povijesno-pravno-pastoralni-znacaj-njezinog-osnutka\/embed\/#?secret=mHA2Ma4W0z\" data-secret=\"mHA2Ma4W0z\" width=\"600\" height=\"338\" frameborder=\"0\" marginwidth=\"0\" marginheight=\"0\" scrolling=\"no\"><\/iframe>\n<\/div><\/figure>\n\n\n\n<hr class=\"wp-block-separator\"\/>\n","protected":false},"excerpt":{"rendered":"","protected":false},"author":2,"featured_media":26814,"comment_status":"open","ping_status":"open","sticky":false,"template":"","format":"standard","meta":{"_acf_changed":false,"jetpack_post_was_ever_published":false,"_jetpack_newsletter_access":"","_jetpack_dont_email_post_to_subs":false,"_jetpack_newsletter_tier_id":0,"_jetpack_memberships_contains_paywalled_content":false,"_jetpack_memberships_contains_paid_content":false,"footnotes":"","jetpack_publicize_message":"","jetpack_publicize_feature_enabled":true,"jetpack_social_post_already_shared":true,"jetpack_social_options":{"image_generator_settings":{"template":"highway","default_image_id":0,"font":"","enabled":false},"version":2}},"categories":[3,9],"tags":[],"class_list":["post-26813","post","type-post","status-publish","format-standard","has-post-thumbnail","hentry","category-novosti","category-skupovi"],"acf":{"facebook_opis":""},"jetpack_publicize_connections":[],"jetpack_featured_media_url":"https:\/\/i0.wp.com\/historiografija.hr\/wp-content\/uploads\/2021\/07\/znanstveni-skup-Djakovo.jpg?fit=1749%2C2481&ssl=1","jetpack_sharing_enabled":true,"jetpack-related-posts":[],"_links":{"self":[{"href":"https:\/\/historiografija.hr\/index.php?rest_route=\/wp\/v2\/posts\/26813","targetHints":{"allow":["GET"]}}],"collection":[{"href":"https:\/\/historiografija.hr\/index.php?rest_route=\/wp\/v2\/posts"}],"about":[{"href":"https:\/\/historiografija.hr\/index.php?rest_route=\/wp\/v2\/types\/post"}],"author":[{"embeddable":true,"href":"https:\/\/historiografija.hr\/index.php?rest_route=\/wp\/v2\/users\/2"}],"replies":[{"embeddable":true,"href":"https:\/\/historiografija.hr\/index.php?rest_route=%2Fwp%2Fv2%2Fcomments&post=26813"}],"version-history":[{"count":1,"href":"https:\/\/historiografija.hr\/index.php?rest_route=\/wp\/v2\/posts\/26813\/revisions"}],"predecessor-version":[{"id":26815,"href":"https:\/\/historiografija.hr\/index.php?rest_route=\/wp\/v2\/posts\/26813\/revisions\/26815"}],"wp:featuredmedia":[{"embeddable":true,"href":"https:\/\/historiografija.hr\/index.php?rest_route=\/wp\/v2\/media\/26814"}],"wp:attachment":[{"href":"https:\/\/historiografija.hr\/index.php?rest_route=%2Fwp%2Fv2%2Fmedia&parent=26813"}],"wp:term":[{"taxonomy":"category","embeddable":true,"href":"https:\/\/historiografija.hr\/index.php?rest_route=%2Fwp%2Fv2%2Fcategories&post=26813"},{"taxonomy":"post_tag","embeddable":true,"href":"https:\/\/historiografija.hr\/index.php?rest_route=%2Fwp%2Fv2%2Ftags&post=26813"}],"curies":[{"name":"wp","href":"https:\/\/api.w.org\/{rel}","templated":true}]}}