{"id":2679,"date":"2016-11-18T23:00:05","date_gmt":"2016-11-18T23:00:05","guid":{"rendered":"http:\/\/historiografija.hr\/?p=2679"},"modified":"2016-11-18T23:00:05","modified_gmt":"2016-11-18T23:00:05","slug":"razprave-in-gradivo-revija-za-narodnostna-vprasanja-treatises-and-documents-journal-of-ethnic-studies","status":"publish","type":"post","link":"https:\/\/historiografija.hr\/?p=2679","title":{"rendered":"&#8220;Razprave in gradivo, Revija za narodnostna vpra\u0161anja \/ Treatises and Documents, Journal of Ethnic Studies&#8221;"},"content":{"rendered":"<p align=\"justify\"><font  size=\"3\">  <br \/><\/font><\/p>\n<p align=\"justify\" style=\"margin: 0cm 0cm 10pt; text-align: justify;\"><b style=\"mso-bidi-font-weight: normal;\"><span style=\"mso-ansi-language: EN-GB; mso-bidi-font-family: Tahoma;\"><font face=\"Calibri\" size=\"3\">In\u0161titut za narodnostna vpra\u0161anja<\/font><\/span><\/b><\/p>\n<p align=\"justify\"><font  size=\"3\">  <br \/><\/font><\/p>\n<p align=\"justify\" style=\"margin: 0cm 0cm 10pt; text-align: justify;\"><b style=\"mso-bidi-font-weight: normal;\"><span style=\"mso-ansi-language: EN-GB; mso-bidi-font-family: Tahoma;\"><font face=\"Calibri\" size=\"3\">&nbsp;<\/font><\/span><\/b><\/p>\n<p align=\"justify\"><font  size=\"3\">  <br \/><\/font><\/p>\n<p align=\"justify\" style=\"margin: 0cm 0cm 10pt; text-align: justify;\"><b style=\"mso-bidi-font-weight: normal;\"><span style=\"mso-ansi-language: EN-GB; mso-bidi-font-family: Tahoma;\"><font face=\"Calibri\" size=\"3\">The Institute for Ethnic Studies<\/font><\/span><\/b><\/p>\n<p align=\"justify\"><font  size=\"3\">  <br \/><\/font><\/p>\n<p align=\"justify\" style=\"margin: 0cm 0cm 10pt; text-align: justify;\"><span style=\"mso-ansi-language: EN-GB; mso-bidi-font-family: Tahoma;\"><font face=\"Calibri\" size=\"3\">&nbsp;<\/font><\/span><\/p>\n<p align=\"justify\"><font  size=\"3\">  <br \/><\/font><\/p>\n<p align=\"justify\" style=\"margin: 0cm 0cm 10pt; text-align: justify;\"><span style=\"mso-ansi-language: EN-GB; mso-bidi-font-family: Tahoma;\"><font face=\"Calibri\" size=\"3\">Ljubljana, Slovenija<\/font><\/span><\/p>\n<p align=\"justify\"><font  size=\"3\">  <br \/><\/font><\/p>\n<p align=\"justify\" style=\"margin: 0cm 0cm 10pt; text-align: justify;\"><span style=\"mso-ansi-language: EN-GB; mso-bidi-font-family: Tahoma;\"><font face=\"Calibri\" size=\"3\">&nbsp;<\/font><\/span><\/p>\n<p align=\"justify\"><font  size=\"3\">  <br \/><\/font><\/p>\n<p align=\"justify\" style=\"margin: 0cm 0cm 10pt; text-align: justify;\"><span style=\"mso-ansi-language: EN-GB; mso-bidi-font-family: Tahoma;\"><font face=\"Calibri\" size=\"3\">http:\/\/www.inv.si\/<\/font><\/span><\/p>\n<p align=\"justify\"><font  size=\"3\">  <br \/><\/font><\/p>\n<p align=\"justify\" style=\"margin: 0cm 0cm 10pt; text-align: justify;\"><span style=\"mso-ansi-language: EN-GB; mso-bidi-font-family: Tahoma;\"><font face=\"Calibri\" size=\"3\">&nbsp;<\/font><\/span><\/p>\n<p align=\"justify\"><font  size=\"3\">  <br \/><\/font><\/p>\n<p align=\"justify\" style=\"margin: 0cm 0cm 10pt; text-align: justify;\"><b style=\"mso-bidi-font-weight: normal;\"><i style=\"mso-bidi-font-style: normal;\"><span style=\"mso-ansi-language: EN-GB; mso-bidi-font-family: Tahoma;\"><font face=\"Calibri\" size=\"3\">Razprave in gradivo, Revija za narodnostna vpra\u0161anja<\/font><\/span><\/i><\/b><\/p>\n<p align=\"justify\"><font  size=\"3\">  <br \/><\/font><\/p>\n<p align=\"justify\" style=\"margin: 0cm 0cm 10pt; text-align: justify;\"><b style=\"mso-bidi-font-weight: normal;\"><i style=\"mso-bidi-font-style: normal;\"><span style=\"mso-ansi-language: EN-GB; mso-bidi-font-family: Tahoma;\"><font face=\"Calibri\" size=\"3\">&nbsp;<\/font><\/span><\/i><\/b><\/p>\n<p align=\"justify\"><font  size=\"3\">  <br \/><\/font><\/p>\n<p align=\"justify\" style=\"margin: 0cm 0cm 10pt; text-align: justify;\"><em><b><span style=\"font-family: &quot;Calibri&quot;,&quot;sans-serif&quot;; mso-ansi-language: EN-GB; mso-ascii-theme-font: minor-latin; mso-hansi-theme-font: minor-latin; mso-bidi-font-family: Tahoma;\"><font size=\"3\">Treatises and Documents, Journal of Ethnic Studies<\/font><\/span><\/b><\/em><\/p>\n<p align=\"justify\"><font  size=\"3\">  <br \/><\/font><\/p>\n<p align=\"justify\" style=\"margin: 0cm 0cm 10pt; text-align: justify;\"><span style=\"mso-ansi-language: EN-GB; mso-bidi-font-family: Tahoma;\"><font face=\"Calibri\" size=\"3\">&nbsp;<\/font><\/span><\/p>\n<p align=\"justify\"><font  size=\"3\">  <br \/><\/font><\/p>\n<p align=\"justify\" style=\"margin: 0cm 0cm 10pt; text-align: justify;\"><span style=\"mso-ansi-language: EN-GB; mso-bidi-font-family: Tahoma;\"><br \/><font size=\"3\"><font face=\"Calibri\"> <br \/> <\/font><em><b><span style=\"font-family: &quot;Calibri&quot;,&quot;sans-serif&quot;; mso-ascii-theme-font: minor-latin; mso-hansi-theme-font: minor-latin; mso-bidi-font-family: Tahoma;\">Treatises and Documents, Journal of Ethnic Studies<\/span><\/b><\/em><font face=\"Calibri\"> welcomes the submission of scholarly articles for the next thematic issue on <b style=\"mso-bidi-font-weight: normal;\"><i style=\"mso-bidi-font-style: normal;\">Political Participation of Ethnic and Linguistic Minorities, to be published <\/i><\/b>in June 2017.<\/font><\/font><\/span><\/p>\n<p align=\"justify\"><font  size=\"3\">  <br \/><\/font><\/p>\n<p align=\"justify\" style=\"margin: 0cm 0cm 10pt; text-align: justify;\"><span style=\"mso-ansi-language: EN-GB; mso-bidi-font-family: Tahoma;\"><font face=\"Calibri\" size=\"3\">The editors welcome the submission of articles on relevant issues concerning different models of representation of national and linguistic minorities in elective bodies and of power-sharing, minority consultative mechanisms, models of minority self-governance and self-government including minority political and civil society organisations, their involvement in cross-border cooperation policies and programmes and related subjects in the field of diversity management. The journal is particularly interested in discussions regarding ethnic and minority issues in the so-called Alpine-Adriatic-Panonnian area and all comparative studies, which include \u2013 only partially or as a whole &#8211; this geographic area.<\/font><\/span><\/p>\n<p align=\"justify\"><font  size=\"3\">  <br \/><\/font><\/p>\n<p align=\"justify\" style=\"margin: 0cm 0cm 10pt; text-align: justify;\"><span style=\"mso-ansi-language: EN-GB; mso-bidi-font-family: Tahoma;\"><font face=\"Calibri\" size=\"3\">The thematic issue will be edited by Professor Mitja \u017dagar (guest editor), and by a guest editorial board.<\/font><\/span><\/p>\n<p align=\"justify\"><font  size=\"3\">  <br \/><\/font><\/p>\n<p align=\"justify\" style=\"margin: 0cm 0cm 10pt; text-align: justify;\"><span style=\"mso-ansi-language: EN-GB; mso-bidi-font-family: Tahoma;\"><font face=\"Calibri\" size=\"3\">&nbsp;<\/font><\/span><\/p>\n<p align=\"justify\"><font  size=\"3\">  <br \/><\/font><\/p>\n<p align=\"justify\" style=\"margin: 0cm 0cm 10pt;\"><font size=\"3\"><i style=\"mso-bidi-font-style: normal;\"><span lang=\"SL\" style=\"mso-bidi-font-family: Tahoma;\"><font face=\"Calibri\">Uredni\u0161tvo revije <\/font><strong><span style=\"font-family: &quot;Calibri&quot;,&quot;sans-serif&quot;; mso-ascii-theme-font: minor-latin; mso-hansi-theme-font: minor-latin; mso-bidi-font-family: Tahoma; mso-bidi-font-style: italic;\">Razprave in gradivo, Revija za narodnostna vpra\u0161anja<\/span><\/strong><font face=\"Calibri\"> vas vabi k oddaji znanstvenih prispevkov za tematsko \u0161tevilko revije na temo <\/font><\/span><\/i><font face=\"Calibri\"><b style=\"mso-bidi-font-weight: normal;\"><i style=\"mso-bidi-font-style: normal;\"><span style=\"mso-ansi-language: EN-GB; mso-bidi-font-family: Tahoma;\">Political Participation of Ethnic and Linguistic Minorities<\/span><\/i><\/b><i style=\"mso-bidi-font-style: normal;\"><span lang=\"SL\" style=\"mso-bidi-font-family: Tahoma;\"> (Politi\u010dna participacija etni\u010dnih in narodnih manj\u0161in), ki bo iz\u0161la predvidoma junija 2017. <\/span><\/i><\/font><\/font><\/p>\n<p align=\"justify\"><font  size=\"3\">  <br \/><\/font><\/p>\n<p align=\"justify\" style=\"margin: 0cm 0cm 10pt;\"><i style=\"mso-bidi-font-style: normal;\"><span lang=\"SL\" style=\"mso-bidi-font-family: Tahoma;\"><font face=\"Calibri\" size=\"3\">Vabimo Vas k oddaji znanstvenih prispevkov s podro\u010dja modelov politi\u010dne participacije in samouprave narodnih in jezikovnih manj\u0161in, modelov predstavni\u0161tva narodnih in jezikovnih manj\u0161in v volilnih telesih, modelov delitve oblasti, posvetovalnih mehanizmov manj\u0161in, modelov samouprave manj\u0161in, vklju\u010dno s politi\u010dnimi organizacijami in organizacijami civilne dru\u017ebe, ter vpletenosti manj\u0161in v politike in programe \u010dezmejnega sodelovanja ter sorodnih tem upravljanja razli\u010dnosti.<\/font><\/span><\/i><\/p>\n<p align=\"justify\"><font  size=\"3\">  <br \/><\/font><\/p>\n<p align=\"justify\" style=\"margin: 0cm 0cm 10pt;\"><i style=\"mso-bidi-font-style: normal;\"><span lang=\"SL\" style=\"mso-bidi-font-family: Tahoma;\"><font face=\"Calibri\" size=\"3\">Tematsko \u0161tevilko do uredil prof. dr. Mitja \u017dagar in gostujo\u010di uredni\u0161ki odbor. <\/font><\/span><\/i><\/p>\n<p align=\"justify\"><font  size=\"3\">  <br \/><\/font><\/p>\n<p align=\"justify\"><font  size=\"3\"><br \/><\/font><\/p>\n<p align=\"justify\"><font  size=\"3\"><br \/><\/font><\/p>\n<p align=\"justify\" style=\"margin: 0cm 0cm 10pt;\"><b style=\"mso-bidi-font-weight: normal;\"><u><span lang=\"SL\" style=\"mso-bidi-font-family: Tahoma;\"><br \/><font face=\"Calibri\" size=\"3\"> Details and deadline<\/font><i style=\"mso-bidi-font-style: normal;\"><font face=\"Calibri\" size=\"3\"> \/ Podrobnosti in roki <br style=\"mso-special-character: line-break;\"> <br style=\"mso-special-character: line-break;\"> <\/font><\/i><\/span><\/u><\/b><\/p>\n<p align=\"justify\"><font  size=\"3\">  <br \/><\/font><\/p>\n<p align=\"justify\" style=\"margin: 0cm 0cm 10pt;\"><font face=\"Calibri\"><font size=\"3\"><span lang=\"SL\" style=\"mso-bidi-font-family: Tahoma;\">All papers are subject to a double blind review procedure.<br \/> <\/span><\/font><\/font><span lang=\"SL\" style=\"mso-bidi-font-family: Tahoma;\"><font size=\"3\"><font face=\"Calibri\">&nbsp;<br \/> Deadline for submission: <\/font><strong><span style=\"font-family: &quot;Calibri&quot;,&quot;sans-serif&quot;; mso-ascii-theme-font: minor-latin; mso-hansi-theme-font: minor-latin; mso-bidi-font-family: Tahoma;\">January 30th, 2017<\/span><\/strong><\/font><font face=\"Calibri\" size=\"3\">. <\/font><\/span><\/p>\n<p align=\"justify\" style=\"margin: 0cm 0cm 10pt;\"><span lang=\"SL\" style=\"mso-bidi-font-family: Tahoma;\"><font face=\"Calibri\" size=\"3\"><br \/> Articles should be submitted to: <\/font><\/span><span lang=\"SL\"><a href=\"mailto:editorTD@guest.arnes.si\" target=\"_blank\"><span style=\"color: windowtext; mso-bidi-font-family: Tahoma;\"><font face=\"Calibri\" size=\"3\">editorTD@guest.arnes.si<\/font><\/span><\/a><\/span><span lang=\"SL\" style=\"mso-bidi-font-family: Tahoma;\"><font face=\"Calibri\" size=\"3\">.<br style=\"mso-special-character: line-break;\"> <br style=\"mso-special-character: line-break;\"> <\/font><\/span><\/p>\n<p align=\"justify\"><font  size=\"3\">  <br \/><\/font><\/p>\n<p align=\"justify\" style=\"margin: 0cm 0cm 10pt;\"><font face=\"Calibri\"><font size=\"3\"><span lang=\"SL\" style=\"mso-bidi-font-family: Tahoma;\">Vse prispevke anonimno recenzirata dva recenzenta.<br \/> <\/span><\/font><\/font><font size=\"3\"><font face=\"Calibri\"><span lang=\"SL\" style=\"mso-bidi-font-family: Tahoma;\"><br \/> Prispevke po\u0161ljite na e-mail naslov: <\/span><span lang=\"SL\"><a href=\"mailto:editorTD@guest.arnes.si\" target=\"_blank\"><span style=\"color: windowtext; mso-bidi-font-family: Tahoma;\">editorTD@guest.arnes.si<\/span><\/a><\/span><\/font><span lang=\"SL\" style=\"mso-bidi-font-family: Tahoma;\"><font face=\"Calibri\">, <\/font><strong><span style=\"font-family: &quot;Calibri&quot;,&quot;sans-serif&quot;; mso-ascii-theme-font: minor-latin; mso-hansi-theme-font: minor-latin; mso-bidi-font-family: Tahoma;\">do 30. januarja 2017<\/span><\/strong><font face=\"Calibri\">.<\/font><\/span><\/font><\/p>\n<p align=\"justify\"><font  size=\"3\">  <br \/><\/font><\/p>\n<p align=\"justify\" style=\"margin: 0cm 0cm 10pt;\"><span lang=\"SL\" style=\"mso-bidi-font-family: Tahoma;\"><font face=\"Calibri\" size=\"3\">&nbsp;<\/font><\/span><\/p>\n<p align=\"justify\"><font  size=\"3\">  <br \/><\/font><\/p>\n<p align=\"justify\" style=\"margin: 0cm 0cm 10pt;\"><b style=\"mso-bidi-font-weight: normal;\"><span lang=\"SL\" style=\"mso-bidi-font-family: Tahoma;\"><font face=\"Calibri\"><font size=\"3\">About the Journal <i style=\"mso-bidi-font-style: normal;\">\/ O reviji<\/i><\/font><\/font><\/span><\/b><\/p>\n<p align=\"justify\"><font  size=\"3\">  <br \/><\/font><\/p>\n<p align=\"justify\" style=\"margin: 0cm 0cm 10pt;\"><span lang=\"SL\" style=\"mso-bidi-font-family: Tahoma;\"><font face=\"Calibri\" size=\"3\">The Journal is published since 1960 by the Institute for Ethnic Studies, the leading institution on Ethnic and Minority Studies in Slovenia. The editorial board of the Journal is formed by world renowned scholars, such as William Kymlicka, Benjamin Barber, Patrick Thornberry, Colin Williams, Fernand de Varennes, Srdja Pavlovi\u0107, Joseph Marko and others.<\/font><\/span><\/p>\n<p align=\"justify\" style=\"margin: 0cm 0cm 10pt;\"><span lang=\"SL\" style=\"mso-bidi-font-family: Tahoma;\"><font face=\"Calibri\" size=\"3\"><br \/> The Journal is currently noted in SCOPUS, CSA Sociological Abstract, CSA Worldwide Political Science Abstracts, IPSA, IBZ and FRANCIS. <\/font><\/span><\/p>\n<p align=\"justify\"><font  size=\"3\">  <br \/><\/font><\/p>\n<p align=\"justify\" style=\"margin: 0cm 0cm 10pt;\"><i style=\"mso-bidi-font-style: normal;\"><span lang=\"SL\" style=\"mso-bidi-font-family: Tahoma;\"><font face=\"Calibri\" size=\"3\">Znanstveno revijo izdaja od leta 1960 In\u0161titut za narodnostna vpra\u0161anja, ki je vodilna ustanova na podro\u010dju etni\u010dnih in manj\u0161inskih \u0161tudij v Sloveniji. Uredni\u0161ki odbor revije sestavljajo svetovno znani znanstveniki, ko so npr. William Kymlicka, Benjamin Barber, Patrick Thornberry, Colin Williams, Fernand de Varennes, Rainer Hofmann, Srdja Pavlovi\u0107, Joseph Marko in drugi. Revija je vklju\u010dena v SCOPUS, CSA Sociological Abstract, CSA Worldwide Political Science Abstracts, IPSA, IBZ in FRANCIS.<br \/> <\/font><\/span><\/i><span lang=\"SL\" style=\"mso-bidi-font-family: Tahoma;\"><br \/><font face=\"Calibri\" size=\"3\"> <br style=\"mso-special-character: line-break;\"> <br style=\"mso-special-character: line-break;\"> <\/font><\/span><\/p>\n<p align=\"justify\"><font  size=\"3\">  <br \/><\/font><\/p>\n<p align=\"justify\" style=\"margin: 0cm 0cm 10pt;\"><span lang=\"SL\" style=\"mso-bidi-font-family: Tahoma;\"><br style=\"mso-special-character: line-break;\"><font face=\"Calibri\" size=\"3\"> <br style=\"mso-special-character: line-break;\"> <\/font><\/span><\/p>\n<p align=\"justify\"><font  size=\"3\">  <br \/><\/font><\/p>\n","protected":false},"excerpt":{"rendered":"","protected":false},"author":1,"featured_media":0,"comment_status":"open","ping_status":"open","sticky":false,"template":"","format":"standard","meta":{"_acf_changed":false,"jetpack_post_was_ever_published":false,"_jetpack_newsletter_access":"","_jetpack_dont_email_post_to_subs":false,"_jetpack_newsletter_tier_id":0,"_jetpack_memberships_contains_paywalled_content":false,"_jetpack_memberships_contains_paid_content":false,"footnotes":"","jetpack_publicize_message":"","jetpack_publicize_feature_enabled":true,"jetpack_social_post_already_shared":false,"jetpack_social_options":{"image_generator_settings":{"template":"highway","default_image_id":0,"font":"","enabled":false},"version":2}},"categories":[3],"tags":[],"class_list":["post-2679","post","type-post","status-publish","format-standard","hentry","category-novosti"],"acf":{"facebook_opis":""},"jetpack_publicize_connections":[],"jetpack_featured_media_url":"","jetpack_sharing_enabled":true,"jetpack-related-posts":[{"id":52559,"url":"https:\/\/historiografija.hr\/?p=52559","url_meta":{"origin":2679,"position":0},"title":"Dobitnici dr\u017eavne nagrade za znanost za 2024. godinu","author":"Branimir Jankovi\u0107","date":"20. travnja 2026.","format":false,"excerpt":"Na sjednici Odbora za podjelu dr\u017eavnih nagrada za znanost odr\u017eanoj 16. travnja 2026. godine donesena je Odluka o dodjeli dr\u017eavnih nagrada za znanost za 2024. godinu. Godi\u0161njom nagradom za popularizaciju i promid\u017ebu znanosti nagra\u0111eni su u podru\u010dju humanisti\u010dkih znanosti znanstveni suradnici dr. sc. Josip Mihaljevi\u0107 i dr. sc. Gordan Ravan\u010di\u0107,\u2026","rel":"","context":"U &quot;Novosti&quot;","block_context":{"text":"Novosti","link":"https:\/\/historiografija.hr\/?cat=3"},"img":{"alt_text":"","src":"https:\/\/i0.wp.com\/historiografija.hr\/wp-content\/uploads\/2021\/12\/povijesne-kontroverze.jpg?fit=1200%2C675&ssl=1&resize=350%2C200","width":350,"height":200,"srcset":"https:\/\/i0.wp.com\/historiografija.hr\/wp-content\/uploads\/2021\/12\/povijesne-kontroverze.jpg?fit=1200%2C675&ssl=1&resize=350%2C200 1x, https:\/\/i0.wp.com\/historiografija.hr\/wp-content\/uploads\/2021\/12\/povijesne-kontroverze.jpg?fit=1200%2C675&ssl=1&resize=525%2C300 1.5x, https:\/\/i0.wp.com\/historiografija.hr\/wp-content\/uploads\/2021\/12\/povijesne-kontroverze.jpg?fit=1200%2C675&ssl=1&resize=700%2C400 2x, https:\/\/i0.wp.com\/historiografija.hr\/wp-content\/uploads\/2021\/12\/povijesne-kontroverze.jpg?fit=1200%2C675&ssl=1&resize=1050%2C600 3x"},"classes":[]},{"id":52589,"url":"https:\/\/historiografija.hr\/?p=52589","url_meta":{"origin":2679,"position":1},"title":"Predstavljena knjiga Miomira \u017du\u017eula &#8220;Dayton: Diplomacija &#8211; druga strana rata&#8221;","author":"Branimir Jankovi\u0107","date":"22. travnja 2026.","format":false,"excerpt":"Knjiga Miomira \u017du\u017eula \u201eDayton: Diplomacija \u2013 druga strana rata\u201d predstavljena je u srijedu, 22. travnja 2026. godine u foajeu Hrvatskoga narodnog kazali\u0161ta u Zagrebu. Op\u0161irnije: https:\/\/vijesti.hrt.hr\/hrvatska\/predstavljena-knjiga-miomira-zuzula-dayton-diplomacija-druga-strana-rata-12683259 https:\/\/www.vecernji.ba\/amp\/vijesti\/zuzulova-knjiga-o-daytonu-predstavljena-u-zagrebu-diplomacija-kao-druga-strana-rata-1953700 https:\/\/www.tportal.hr\/vijesti\/clanak\/bivsi-sanaderov-ministar-odrzao-promociju-evo-tko-je-sve-dosao-na-predstavljanje-knjige-miomira-zuzula-foto-20260422 https:\/\/direktno.hr\/zivot\/kultura\/zuzul-otkrio-sve-o-drugoj-strani-rata-za-hrvatsku-se-nije-libio-povuci-nekoga-i-za-kosu-395042 https:\/\/www.24sata.hr\/news\/miomir-zuzul-predstavio-je-knjigu-o-daytonu-diplomacija-je-bila-druga-strana-rata-1123152 https:\/\/www.vecernji.hr\/kultura\/kolinda-grabar-kitarovic-otvoreno-miomir-zuzul-nije-vukao-samo-za-rukav-nego-i-za-kosu-1953722 https:\/\/www.vecernji.hr\/kultura\/i-papa-lav-xiv-eksplicitno-je-daytonski-sporazum-istaknuo-kao-primjer-uspjesna-rjesavanja-sukoba-1952215","rel":"","context":"U &quot;Novosti&quot;","block_context":{"text":"Novosti","link":"https:\/\/historiografija.hr\/?cat=3"},"img":{"alt_text":"","src":"https:\/\/i0.wp.com\/historiografija.hr\/wp-content\/uploads\/2026\/04\/Dayton.jpg?fit=1024%2C683&ssl=1&resize=350%2C200","width":350,"height":200,"srcset":"https:\/\/i0.wp.com\/historiografija.hr\/wp-content\/uploads\/2026\/04\/Dayton.jpg?fit=1024%2C683&ssl=1&resize=350%2C200 1x, https:\/\/i0.wp.com\/historiografija.hr\/wp-content\/uploads\/2026\/04\/Dayton.jpg?fit=1024%2C683&ssl=1&resize=525%2C300 1.5x, https:\/\/i0.wp.com\/historiografija.hr\/wp-content\/uploads\/2026\/04\/Dayton.jpg?fit=1024%2C683&ssl=1&resize=700%2C400 2x"},"classes":[]},{"id":52148,"url":"https:\/\/historiografija.hr\/?p=52148","url_meta":{"origin":2679,"position":2},"title":"Poziv za prijavu na me\u0111unarodnu znanstvenu konferenciju \u201eGranice (ne)slobode: Zadarski krug 1966. Intelektualna opozicija u totalitarnom dru\u0161tvu\u201c","author":"Branimir Jankovi\u0107","date":"27. o\u017eujka 2026.","format":false,"excerpt":"\u00a0\u00a0\u00a0\u00a0 Povodom \u0161ezdesete obljetnice poku\u0161aja osnivanja \u010dasopisa Slobodan glas u Zadru 1966. godine, pozivamo vas na znanstvenu konferenciju posve\u0107enu istra\u017eivanju disidentstva, intelektualne opozicije i granica divergentnog mi\u0161ljenja nasuprot slu\u017ebenoj ideologiji u komunisti\u010dkoj Jugoslaviji. Ideja konferencije je analizirati konkretan fenomen zadarskog slu\u010daja razloge i okolnosti njegove pojave, ali uz otvaranje komparativnih\u2026","rel":"","context":"U &quot;Novosti&quot;","block_context":{"text":"Novosti","link":"https:\/\/historiografija.hr\/?cat=3"},"img":{"alt_text":"","src":"https:\/\/i0.wp.com\/historiografija.hr\/wp-content\/uploads\/2026\/03\/Poziv-konferencija-Zadar.jpg?fit=1200%2C509&ssl=1&resize=350%2C200","width":350,"height":200,"srcset":"https:\/\/i0.wp.com\/historiografija.hr\/wp-content\/uploads\/2026\/03\/Poziv-konferencija-Zadar.jpg?fit=1200%2C509&ssl=1&resize=350%2C200 1x, https:\/\/i0.wp.com\/historiografija.hr\/wp-content\/uploads\/2026\/03\/Poziv-konferencija-Zadar.jpg?fit=1200%2C509&ssl=1&resize=525%2C300 1.5x, https:\/\/i0.wp.com\/historiografija.hr\/wp-content\/uploads\/2026\/03\/Poziv-konferencija-Zadar.jpg?fit=1200%2C509&ssl=1&resize=700%2C400 2x, https:\/\/i0.wp.com\/historiografija.hr\/wp-content\/uploads\/2026\/03\/Poziv-konferencija-Zadar.jpg?fit=1200%2C509&ssl=1&resize=1050%2C600 3x"},"classes":[]},{"id":52666,"url":"https:\/\/historiografija.hr\/?p=52666","url_meta":{"origin":2679,"position":3},"title":"Najava programa Festivala povijesti Kliofest (5-8. V. 2026)","author":"Branimir Jankovi\u0107","date":"24. travnja 2026.","format":false,"excerpt":"Po trinaesti put odr\u017eava se Festival povijesti Kliofest! Do petka \u0107emo odr\u017eati osam okruglih stolova i dva kolokvija te niz predstavljanja knjiga i projekata razli\u010dite tematike, od antike do suvremenosti. Bit \u0107e predstavljeno i nekoliko izlo\u017ebi te odr\u017ean jedan povijesni kviz. Prikazat \u0107emo i jedan film \u2013 o generalu Boroevi\u0107u.\u2026","rel":"","context":"U &quot;Novosti&quot;","block_context":{"text":"Novosti","link":"https:\/\/historiografija.hr\/?cat=3"},"img":{"alt_text":"","src":"https:\/\/i0.wp.com\/historiografija.hr\/wp-content\/uploads\/2026\/04\/Kliofest-2026.jpg?fit=526%2C526&ssl=1&resize=350%2C200","width":350,"height":200,"srcset":"https:\/\/i0.wp.com\/historiografija.hr\/wp-content\/uploads\/2026\/04\/Kliofest-2026.jpg?fit=526%2C526&ssl=1&resize=350%2C200 1x, https:\/\/i0.wp.com\/historiografija.hr\/wp-content\/uploads\/2026\/04\/Kliofest-2026.jpg?fit=526%2C526&ssl=1&resize=525%2C300 1.5x"},"classes":[]},{"id":52508,"url":"https:\/\/historiografija.hr\/?p=52508","url_meta":{"origin":2679,"position":4},"title":"Glazbena radionica \u201eDUGMETARA REVISITED\u201c","author":"Branimir Jankovi\u0107","date":"17. travnja 2026.","format":false,"excerpt":"DUGMETARA REVISITED glazbena radionica vodi: Ana Horvat 13., 20. i 27. travnja, od 18 do 20 sati Radiona, Nova cesta 186 Na tri radioni\u010dka susreta uranjamo u naslje\u0111e Dugmetare, biv\u0161e tvornice dugmadi na Savskoj cesti koja je po\u010detkom 2000-ih igrom slu\u010daja postala \u017eivo, jedinstveno mjesto glazbene proizvodnje. Svoje su probe\u2026","rel":"","context":"U &quot;Novosti&quot;","block_context":{"text":"Novosti","link":"https:\/\/historiografija.hr\/?cat=3"},"img":{"alt_text":"","src":"https:\/\/i0.wp.com\/historiografija.hr\/wp-content\/uploads\/2026\/04\/TRESNJA_TRESTI.jpg?fit=380%2C475&ssl=1&resize=350%2C200","width":350,"height":200},"classes":[]},{"id":52657,"url":"https:\/\/historiografija.hr\/?p=52657","url_meta":{"origin":2679,"position":5},"title":"[Predavanje] Jezik i drugost u (post)socijalisti\u010dkoj Srbiji: diskurzivne politike identiteta (YugoLab)","author":"Branimir Jankovi\u0107","date":"24. travnja 2026.","format":false,"excerpt":"U sklopu projekta Prizma \/ IMAGINATION (\u201eZami\u0161ljanje nacije: srpski nacionalni narativi u sporu (XX\u2013XXI vek)\u201c), koji se realizuje na Institutu za filozofiju i dru\u0161tvenu teoriju Univerziteta u Beogradu (2024\u20132027) uz finansijsku podr\u0161ku Fonda za nauku Republike Srbije, organizuje se serija predavanja na kojoj istra\u017eiva\u010di i istra\u017eiva\u010dice projekta predstavljaju rezultate svojih\u2026","rel":"","context":"U &quot;Novosti&quot;","block_context":{"text":"Novosti","link":"https:\/\/historiografija.hr\/?cat=3"},"img":{"alt_text":"","src":"https:\/\/i0.wp.com\/historiografija.hr\/wp-content\/uploads\/2026\/04\/IFDT_28_IV.png?fit=1200%2C675&ssl=1&resize=350%2C200","width":350,"height":200,"srcset":"https:\/\/i0.wp.com\/historiografija.hr\/wp-content\/uploads\/2026\/04\/IFDT_28_IV.png?fit=1200%2C675&ssl=1&resize=350%2C200 1x, https:\/\/i0.wp.com\/historiografija.hr\/wp-content\/uploads\/2026\/04\/IFDT_28_IV.png?fit=1200%2C675&ssl=1&resize=525%2C300 1.5x, https:\/\/i0.wp.com\/historiografija.hr\/wp-content\/uploads\/2026\/04\/IFDT_28_IV.png?fit=1200%2C675&ssl=1&resize=700%2C400 2x, https:\/\/i0.wp.com\/historiografija.hr\/wp-content\/uploads\/2026\/04\/IFDT_28_IV.png?fit=1200%2C675&ssl=1&resize=1050%2C600 3x"},"classes":[]}],"_links":{"self":[{"href":"https:\/\/historiografija.hr\/index.php?rest_route=\/wp\/v2\/posts\/2679","targetHints":{"allow":["GET"]}}],"collection":[{"href":"https:\/\/historiografija.hr\/index.php?rest_route=\/wp\/v2\/posts"}],"about":[{"href":"https:\/\/historiografija.hr\/index.php?rest_route=\/wp\/v2\/types\/post"}],"author":[{"embeddable":true,"href":"https:\/\/historiografija.hr\/index.php?rest_route=\/wp\/v2\/users\/1"}],"replies":[{"embeddable":true,"href":"https:\/\/historiografija.hr\/index.php?rest_route=%2Fwp%2Fv2%2Fcomments&post=2679"}],"version-history":[{"count":0,"href":"https:\/\/historiografija.hr\/index.php?rest_route=\/wp\/v2\/posts\/2679\/revisions"}],"wp:attachment":[{"href":"https:\/\/historiografija.hr\/index.php?rest_route=%2Fwp%2Fv2%2Fmedia&parent=2679"}],"wp:term":[{"taxonomy":"category","embeddable":true,"href":"https:\/\/historiografija.hr\/index.php?rest_route=%2Fwp%2Fv2%2Fcategories&post=2679"},{"taxonomy":"post_tag","embeddable":true,"href":"https:\/\/historiografija.hr\/index.php?rest_route=%2Fwp%2Fv2%2Ftags&post=2679"}],"curies":[{"name":"wp","href":"https:\/\/api.w.org\/{rel}","templated":true}]}}