{"id":26769,"date":"2021-06-30T15:24:24","date_gmt":"2021-06-30T15:24:24","guid":{"rendered":"http:\/\/historiografija.hr\/?p=26769"},"modified":"2021-06-30T15:24:24","modified_gmt":"2021-06-30T15:24:24","slug":"medunarodna-konferencija-art-and-the-state-in-modern-central-europe-18th-21st-century","status":"publish","type":"post","link":"https:\/\/historiografija.hr\/?p=26769","title":{"rendered":"Me\u0111unarodna konferencija \u201dArt and the State in Modern Central Europe (18th \u2013 21st Century)\u201d"},"content":{"rendered":"\n<p>Odsjek za povijest umjetnosti Filozofskog fakulteta Sveu\u010dili\u0161ta u Zagrebu <strong>od srijede 30. lipnja do subote 3. srpnja<\/strong> organizira konferenciju <strong>Art and State in Modern Central Europe (18th \u2013 21st Century)<\/strong>. Tijekom \u010detiri dana stru\u010dnjaci iz raznih znanstvenih podru\u010dja (povijest, povijest umjetnosti, antropologija, sociologija, muzeologija\u2026) govorit \u0107e o odnosu dr\u017eave prema umjetnosti u sredi\u0161njoj Europi od 19. stolje\u0107a do danas. Najve\u0107i broj predava\u010da \u0107e, me\u0111utim, propitivati odnos dr\u017eave prema umjetnosti u zadnjih stotinu godina, obilje\u017eenim dvama svjetskim ratovima, komunisti\u010dkim re\u017eimima i tranzicijama 90-tih godina 20. stolje\u0107a. Konferencija \u0107e biti odr\u017eana u hibridnom obliku kako bi se zadovoljile sve protuepidemijske mjere.<\/p>\n\n\n\n<p>Najzvu\u010dnije ime me\u0111u predava\u010dima je <strong>Mirko Ili\u0107<\/strong>, grafi\u010dki dizajner koji u Hrvatskoj, odnosno u Jugoslaviji, provodi formativne godine, a potom se seli u Ameriku gdje \u017eivi i radi zadnjih 35 godina. Njegovo \u0107e predavanje pokazati kako je, \u017eive\u0107i i rade\u0107i u Jugoslaviji 70-tim i 80-tim godinama pro\u0161log stolje\u0107a, razvio razli\u010dite subverzivne taktike vizualnog komuniciranja i to zbog cenzure koju je nametao tada\u0161nji re\u017eim. Zadnji njegov kontroverzni plakat je onaj za <a href=\"https:\/\/www.facebook.com\/festivalmiroslavkrleza\/\"><em>10. festival Miroslav Krle\u017ea<\/em>.<\/a><\/p>\n\n\n\n<p><strong>Ili\u0107evo \u0107e se predavanje mo\u0107i slobodno pratiti na <a href=\"https:\/\/www.facebook.com\/Art-and-the-State-in-Modern-Central-Europe-18th-21st-Century-100349035620095\">Facebook stranici skupa <\/a>&nbsp;u \u010detvrtak 1.7. od 11:00 sati.<\/strong><\/p>\n\n\n\n<p>Dr\u017eavne institucije, bez obzira na to o kojemu se tipu dr\u017eava radilo (monarhijama, republikama, diktaturama, demokratskim, federalnim ili unitarnim dr\u017eavama, itd.) igrale su kroz povijest veliku, \u010desto i klju\u010dnu ulogu u umjetni\u010dkoj produkciji, a osobito u institucionalizaciji obrazovanja i kulture.<\/p>\n\n\n\n<p>\u201e<em>Odlu\u010dili smo se na organiziranje me\u0111unarodnoga znanstvenoga skupa koji bi prikazao mnogostruke utjecaje dr\u017eave na umjetnost i to na podru\u010dju kojemu je Hrvatska kulturolo\u0161ki bliska, \u0161ire shva\u0107enom teritoriju Srednje Europe, od obala Balti\u010dkog mora do Sredozemlja. Znanstvenici iz brojnih europskih zemalja (Njema\u010dke, Italije, Poljske, \u010ce\u0161ke, Litve, Latvije, Ma\u0111arske, Rusije, Ukrajine, Rumunjske, Slovenije, Srbije, Bosne i Hercegovine, Makedonije, itd.) te iz Izraela i Sjedinjenih Ameri\u010dkih Dr\u017eava kroz 74 izlaganja dotaknut \u0107e se brojnih epizoda iz povijesti javne skulpture, obrazovanja umjetnika, cenzure i autocenzure, odnosa umjetnika i umjetnosti op\u0107enito prema totalitarnim sustavima te drugih epizoda iz povijesti umjetnosti Srednje Europe<\/em>.\u201c \u2013 poja\u0161njava prof. Dragan Damjanovi\u0107 s Odsjeka za povijest umjetnosti FFZG-a.<\/p>\n\n\n\n<ul class=\"wp-block-list\"><li><a href=\"https:\/\/web2020.ffzg.unizg.hr\/wp-content\/uploads\/2021\/06\/AS_Programme.pdf\">Program skupa<\/a><\/li><li><a href=\"https:\/\/web2020.ffzg.unizg.hr\/wp-content\/uploads\/2021\/06\/AS_Programme-and-Book-of-Abstracts.pdf\">Knji\u017eica sa\u017eetaka<\/a><\/li><li><a href=\"https:\/\/art-state.ffzg.unizg.hr\/\">Poveznica na stranice Konferencije<\/a><\/li><li><a href=\"https:\/\/www.facebook.com\/Art-and-the-State-in-Modern-Central-Europe-18th-21st-Century-100349035620095\">Poveznica na FB stranicu Konferencije<\/a><\/li><\/ul>\n\n\n\n<hr class=\"wp-block-separator\"\/>\n\n\n\n<p>Izvor: <\/p>\n\n\n\n<p><a href=\"https:\/\/web2020.ffzg.unizg.hr\/blog\/2021\/06\/30\/medunarodna-konferencija-art-and-the-state-in-modern-central-europe-18th-21st-century\/\">https:\/\/web2020.ffzg.unizg.hr\/blog\/2021\/06\/30\/medunarodna-konferencija-art-and-the-state-in-modern-central-europe-18th-21st-century\/<\/a><\/p>\n\n\n\n<hr class=\"wp-block-separator\"\/>\n","protected":false},"excerpt":{"rendered":"","protected":false},"author":2,"featured_media":26770,"comment_status":"open","ping_status":"open","sticky":false,"template":"","format":"standard","meta":{"_acf_changed":false,"jetpack_post_was_ever_published":false,"_jetpack_newsletter_access":"","_jetpack_dont_email_post_to_subs":false,"_jetpack_newsletter_tier_id":0,"_jetpack_memberships_contains_paywalled_content":false,"_jetpack_memberships_contains_paid_content":false,"footnotes":"","jetpack_publicize_message":"","jetpack_publicize_feature_enabled":true,"jetpack_social_post_already_shared":true,"jetpack_social_options":{"image_generator_settings":{"template":"highway","default_image_id":0,"font":"","enabled":false},"version":2}},"categories":[3,9],"tags":[],"class_list":["post-26769","post","type-post","status-publish","format-standard","has-post-thumbnail","hentry","category-novosti","category-skupovi"],"acf":{"facebook_opis":""},"jetpack_publicize_connections":[],"jetpack_featured_media_url":"https:\/\/i0.wp.com\/historiografija.hr\/wp-content\/uploads\/2021\/06\/AS_plakat.jpg?fit=400%2C567&ssl=1","jetpack_sharing_enabled":true,"jetpack-related-posts":[],"_links":{"self":[{"href":"https:\/\/historiografija.hr\/index.php?rest_route=\/wp\/v2\/posts\/26769","targetHints":{"allow":["GET"]}}],"collection":[{"href":"https:\/\/historiografija.hr\/index.php?rest_route=\/wp\/v2\/posts"}],"about":[{"href":"https:\/\/historiografija.hr\/index.php?rest_route=\/wp\/v2\/types\/post"}],"author":[{"embeddable":true,"href":"https:\/\/historiografija.hr\/index.php?rest_route=\/wp\/v2\/users\/2"}],"replies":[{"embeddable":true,"href":"https:\/\/historiografija.hr\/index.php?rest_route=%2Fwp%2Fv2%2Fcomments&post=26769"}],"version-history":[{"count":1,"href":"https:\/\/historiografija.hr\/index.php?rest_route=\/wp\/v2\/posts\/26769\/revisions"}],"predecessor-version":[{"id":26771,"href":"https:\/\/historiografija.hr\/index.php?rest_route=\/wp\/v2\/posts\/26769\/revisions\/26771"}],"wp:featuredmedia":[{"embeddable":true,"href":"https:\/\/historiografija.hr\/index.php?rest_route=\/wp\/v2\/media\/26770"}],"wp:attachment":[{"href":"https:\/\/historiografija.hr\/index.php?rest_route=%2Fwp%2Fv2%2Fmedia&parent=26769"}],"wp:term":[{"taxonomy":"category","embeddable":true,"href":"https:\/\/historiografija.hr\/index.php?rest_route=%2Fwp%2Fv2%2Fcategories&post=26769"},{"taxonomy":"post_tag","embeddable":true,"href":"https:\/\/historiografija.hr\/index.php?rest_route=%2Fwp%2Fv2%2Ftags&post=26769"}],"curies":[{"name":"wp","href":"https:\/\/api.w.org\/{rel}","templated":true}]}}