{"id":26761,"date":"2021-06-30T15:04:55","date_gmt":"2021-06-30T15:04:55","guid":{"rendered":"http:\/\/historiografija.hr\/?p=26761"},"modified":"2021-06-30T15:04:55","modified_gmt":"2021-06-30T15:04:55","slug":"znanstveno-strucni-simpozij-800-godina-pozeskoga-zbornog-kaptola-sv-petra","status":"publish","type":"post","link":"https:\/\/historiografija.hr\/?p=26761","title":{"rendered":"Znanstveno-stru\u010dni simpozij &#8220;800 godina Po\u017ee\u0161koga zbornog kaptola sv. Petra&#8221;"},"content":{"rendered":"\n<p>U Po\u017eegi je 28. lipnja 2021. odr\u017ean znanstveno-stru\u010dni simpozij &#8220;800 godina Po\u017ee\u0161koga zbornog kaptola Sv. Petra&#8221;. Op\u0161irnije na poveznicama u nastavku.<\/p>\n\n\n\n<hr class=\"wp-block-separator\"\/>\n\n\n\n<figure class=\"wp-block-embed-wordpress wp-block-embed is-type-wp-embed is-provider-hrvatski-institut-za-povijest\"><div class=\"wp-block-embed__wrapper\">\n<blockquote class=\"wp-embedded-content\" data-secret=\"gG3QeNwfnV\"><a href=\"http:\/\/hipsb.hr\/simpozij-prigodom-800-obljetnice-pozeskoga-zbornog-kaptola\/\">Simpozij prigodom 800. obljetnice Po\u017ee\u0161koga zbornog kaptola<\/a><\/blockquote><iframe loading=\"lazy\" class=\"wp-embedded-content\" sandbox=\"allow-scripts\" security=\"restricted\" style=\"position: absolute; clip: rect(1px, 1px, 1px, 1px);\" title=\"&#8220;Simpozij prigodom 800. obljetnice Po\u017ee\u0161koga zbornog kaptola&#8221; &#8212; Hrvatski institut za povijest\" src=\"http:\/\/hipsb.hr\/simpozij-prigodom-800-obljetnice-pozeskoga-zbornog-kaptola\/embed\/#?secret=gG3QeNwfnV\" data-secret=\"gG3QeNwfnV\" width=\"600\" height=\"338\" frameborder=\"0\" marginwidth=\"0\" marginheight=\"0\" scrolling=\"no\"><\/iframe>\n<\/div><\/figure>\n\n\n\n<figure class=\"wp-block-embed-wordpress wp-block-embed is-type-wp-embed is-provider-pozeska-biskupija\"><div class=\"wp-block-embed__wrapper\">\n<blockquote class=\"wp-embedded-content\" data-secret=\"bGjdgOUnXl\"><a href=\"https:\/\/pozeska-biskupija.hr\/2021\/06\/28\/simpozij-prigodom-800-obljetnice-pozeskoga-zbornog-kaptola\/\">Simpozij prigodom 800.obljetnice Po\u017ee\u0161koga zbornog kaptola<\/a><\/blockquote><iframe loading=\"lazy\" class=\"wp-embedded-content\" sandbox=\"allow-scripts\" security=\"restricted\" style=\"position: absolute; clip: rect(1px, 1px, 1px, 1px);\" title=\"&#8220;Simpozij prigodom 800.obljetnice Po\u017ee\u0161koga zbornog kaptola&#8221; &#8212; Po\u017ee\u0161ka biskupija\" src=\"https:\/\/pozeska-biskupija.hr\/2021\/06\/28\/simpozij-prigodom-800-obljetnice-pozeskoga-zbornog-kaptola\/embed\/#?secret=bGjdgOUnXl\" data-secret=\"bGjdgOUnXl\" width=\"600\" height=\"338\" frameborder=\"0\" marginwidth=\"0\" marginheight=\"0\" scrolling=\"no\"><\/iframe>\n<\/div><\/figure>\n\n\n\n<hr class=\"wp-block-separator\"\/>\n","protected":false},"excerpt":{"rendered":"","protected":false},"author":2,"featured_media":26762,"comment_status":"open","ping_status":"open","sticky":false,"template":"","format":"standard","meta":{"_acf_changed":false,"jetpack_post_was_ever_published":false,"_jetpack_newsletter_access":"","_jetpack_dont_email_post_to_subs":false,"_jetpack_newsletter_tier_id":0,"_jetpack_memberships_contains_paywalled_content":false,"_jetpack_memberships_contains_paid_content":false,"footnotes":"","jetpack_publicize_message":"","jetpack_publicize_feature_enabled":true,"jetpack_social_post_already_shared":true,"jetpack_social_options":{"image_generator_settings":{"template":"highway","default_image_id":0,"font":"","enabled":false},"version":2}},"categories":[3,9],"tags":[],"class_list":["post-26761","post","type-post","status-publish","format-standard","has-post-thumbnail","hentry","category-novosti","category-skupovi"],"acf":{"facebook_opis":""},"jetpack_publicize_connections":[],"jetpack_featured_media_url":"https:\/\/i0.wp.com\/historiografija.hr\/wp-content\/uploads\/2021\/06\/Simpozij.jpg?fit=960%2C640&ssl=1","jetpack_sharing_enabled":true,"jetpack-related-posts":[],"_links":{"self":[{"href":"https:\/\/historiografija.hr\/index.php?rest_route=\/wp\/v2\/posts\/26761","targetHints":{"allow":["GET"]}}],"collection":[{"href":"https:\/\/historiografija.hr\/index.php?rest_route=\/wp\/v2\/posts"}],"about":[{"href":"https:\/\/historiografija.hr\/index.php?rest_route=\/wp\/v2\/types\/post"}],"author":[{"embeddable":true,"href":"https:\/\/historiografija.hr\/index.php?rest_route=\/wp\/v2\/users\/2"}],"replies":[{"embeddable":true,"href":"https:\/\/historiografija.hr\/index.php?rest_route=%2Fwp%2Fv2%2Fcomments&post=26761"}],"version-history":[{"count":1,"href":"https:\/\/historiografija.hr\/index.php?rest_route=\/wp\/v2\/posts\/26761\/revisions"}],"predecessor-version":[{"id":26763,"href":"https:\/\/historiografija.hr\/index.php?rest_route=\/wp\/v2\/posts\/26761\/revisions\/26763"}],"wp:featuredmedia":[{"embeddable":true,"href":"https:\/\/historiografija.hr\/index.php?rest_route=\/wp\/v2\/media\/26762"}],"wp:attachment":[{"href":"https:\/\/historiografija.hr\/index.php?rest_route=%2Fwp%2Fv2%2Fmedia&parent=26761"}],"wp:term":[{"taxonomy":"category","embeddable":true,"href":"https:\/\/historiografija.hr\/index.php?rest_route=%2Fwp%2Fv2%2Fcategories&post=26761"},{"taxonomy":"post_tag","embeddable":true,"href":"https:\/\/historiografija.hr\/index.php?rest_route=%2Fwp%2Fv2%2Ftags&post=26761"}],"curies":[{"name":"wp","href":"https:\/\/api.w.org\/{rel}","templated":true}]}}