{"id":26751,"date":"2021-06-29T08:14:37","date_gmt":"2021-06-29T08:14:37","guid":{"rendered":"http:\/\/historiografija.hr\/?p=26751"},"modified":"2021-06-29T08:14:37","modified_gmt":"2021-06-29T08:14:37","slug":"zbornik-radova-antemurale-christianitatis-crkva-i-drustvo-na-podrucju-sredisnje-hrvatske-krajem-15-i-pocetkom-16-stoljeca","status":"publish","type":"post","link":"https:\/\/historiografija.hr\/?p=26751","title":{"rendered":"Zbornik radova \u201cAntemurale Christianitatis \u2013 Crkva i dru\u0161tvo na podru\u010dju sredi\u0161nje Hrvatske krajem 15. i po\u010detkom 16. stolje\u0107a\u201d"},"content":{"rendered":"\n<p>Zbornik radova <em>Antemurale Christianitatis \u2013 Crkva i dru\u0161tvo na podru\u010dju sredi\u0161nje Hrvatske krajem 15. i po\u010detkom 16. stolje\u0107a<\/em>, objavljen u izdanju Sisa\u010dke biskupije, Hrvatskog katoli\u010dkog sveu\u010dili\u0161ta i Fakulteta hrvatskih studija Sveu\u010dili\u0161ta u Zagrebu izi\u0161ao je iz tiska. Urednici zbornika su dr. sc. Tomislav Mati\u0107 s Odjela za povijest Hrvatskog katoli\u010dkog sveu\u010dili\u0161ta i dr. sc. Stipica Grgi\u0107 s Hrvatskog instituta za povijest, a tekstovi sadr\u017eani u njemu nastali su na temelju izlaganja odr\u017eanih na istoimenom znanstvenom skupu odr\u017eanom u Sisku i Hrvatskoj Dubici 15. studenog 2019. godine.<\/p>\n\n\n\n<p>Zbornik sadr\u017ei deset tekstova na temu vojnih, kulturnih i dru\u0161tvenih doga\u0111aja i promjena kroz koje je prolazio prostor dana\u0161nje sredi\u0161nje Hrvatske tijekom turbulentnog razdoblja osmanskih osvajanja i unutra\u0161njih previranja na kraju srednjega vijeka. Svi su radovi pro\u0161li dvostruku slijepu recenziju. Recenzenti zbornika su izv. prof. dr. sc. Darko Vitek s Fakulteta hrvatskih studija Sveu\u010dili\u0161ta u Zagrebu i dr. sc. Vedran Klau\u017eer s Hrvatskog instituta za povijest. Me\u0111u autorima je i niz djelatnika Odjela za povijest Hrvatskog katoli\u010dkog sveu\u010dili\u0161ta, izv. prof. dr. sc. Hrvoja Kekeza, izv. prof. dr. sc. Ivana Majnari\u0107a, doc. dr. sc. Valentine Jankovi\u0107 i dr. sc. Tomislava Mati\u0107a.<\/p>\n\n\n\n<p>Tekstovi analiziraju nekoliko vojnih doga\u0111aja indikativnih za strate\u0161ko stanje hrvatskih zemalja krajem srednjeg vijeka \u2013 bitku kod Dubice 1513. i bitku kod \u201egaza Zrinskih\u201c 1483. godine, te aktivnosti bana Petra Berislavi\u0107a u organizaciji obrane od Osmanskog Carstva. Dio tekstova bavi se tada\u0161njim stanjem u kulturi, te je tako analizirana i kontekstualizirana sintagma \u201eAntemurale Christianitatis\u201c, koja se u to vrijeme po\u010dela primjenjivati na hrvatske zemlje i prou\u010den je utjecaj njihovog politi\u010dkog i vojnog polo\u017eaja na ideju dr\u017eave i dr\u017eavnosti u kasnosrednjovjekovnoj Hrvatskoj. Odre\u0111eni tekstovi prou\u010davaju stanje odre\u0111enih dru\u0161tvenih slojeva i skupina u tada\u0161njoj sredi\u0161njoj hrvatskoj, poput redovni\u0161tva, ni\u017eeg i vi\u0161eg plemstva. Jedan od tekstova donosi analizu dosada\u0161njih saznanja o tvrdom gradu Dubici, va\u017enoj obrambenoj to\u010dki tada\u0161njih hrvatskih zemalja, a u zborniku se nalazi i ekskurs o \u017eivotu i karijeri zagreba\u010dkog biskupa Ivana Albena, jednog od prvih koji su aktivno organizirali obranu od osmanskih prodora. Zbornik donosi i fotografije sa znanstvenog skupa autora Stjepana Vege, kao i predgovor biskupa sisa\u010dkog dr. sc. Vlade Ko\u0161i\u0107a.<\/p>\n\n\n\n<hr class=\"wp-block-separator\"\/>\n\n\n\n<p>Izvor i dodatne informacije:<\/p>\n\n\n\n<figure class=\"wp-block-embed-wordpress wp-block-embed is-type-wp-embed is-provider-hrvatsko-katolicko-sveuciliste\"><div class=\"wp-block-embed__wrapper\">\n<blockquote class=\"wp-embedded-content\" data-secret=\"l7JthKMdTY\"><a href=\"http:\/\/www.unicath.hr\/objavljen-zbornik-radova-antemurale-christianitatis-crkva-i-drustvo-na-podrucju-sredisnje-hrvatske-krajem-15-i-pocetkom-16-stoljeca\">Objavljen zbornik radova Antemurale Christianitatis &#8211; Crkva i dru\u0161tvo na podru\u010dju sredi\u0161nje Hrvatske krajem 15. i po\u010detkom 16. stolje\u0107a<\/a><\/blockquote><iframe loading=\"lazy\" class=\"wp-embedded-content\" sandbox=\"allow-scripts\" security=\"restricted\" style=\"position: absolute; clip: rect(1px, 1px, 1px, 1px);\" title=\"&#8220;Objavljen zbornik radova Antemurale Christianitatis &#8211; Crkva i dru\u0161tvo na podru\u010dju sredi\u0161nje Hrvatske krajem 15. i po\u010detkom 16. stolje\u0107a&#8221; &#8212; Hrvatsko katoli\u010dko sveu\u010dili\u0161te\" src=\"http:\/\/www.unicath.hr\/objavljen-zbornik-radova-antemurale-christianitatis-crkva-i-drustvo-na-podrucju-sredisnje-hrvatske-krajem-15-i-pocetkom-16-stoljeca\/embed#?secret=l7JthKMdTY\" data-secret=\"l7JthKMdTY\" width=\"600\" height=\"338\" frameborder=\"0\" marginwidth=\"0\" marginheight=\"0\" scrolling=\"no\"><\/iframe>\n<\/div><\/figure>\n\n\n\n<hr class=\"wp-block-separator\"\/>\n","protected":false},"excerpt":{"rendered":"","protected":false},"author":2,"featured_media":26752,"comment_status":"open","ping_status":"open","sticky":false,"template":"","format":"standard","meta":{"_acf_changed":false,"jetpack_post_was_ever_published":false,"_jetpack_newsletter_access":"","_jetpack_dont_email_post_to_subs":false,"_jetpack_newsletter_tier_id":0,"_jetpack_memberships_contains_paywalled_content":false,"_jetpack_memberships_contains_paid_content":false,"footnotes":"","jetpack_publicize_message":"","jetpack_publicize_feature_enabled":true,"jetpack_social_post_already_shared":true,"jetpack_social_options":{"image_generator_settings":{"template":"highway","default_image_id":0,"font":"","enabled":false},"version":2}},"categories":[8,3],"tags":[],"class_list":["post-26751","post","type-post","status-publish","format-standard","has-post-thumbnail","hentry","category-knjige","category-novosti"],"acf":{"facebook_opis":""},"jetpack_publicize_connections":[],"jetpack_featured_media_url":"https:\/\/i0.wp.com\/historiografija.hr\/wp-content\/uploads\/2021\/06\/AC_zbornik.jpg?fit=1284%2C874&ssl=1","jetpack_sharing_enabled":true,"jetpack-related-posts":[],"_links":{"self":[{"href":"https:\/\/historiografija.hr\/index.php?rest_route=\/wp\/v2\/posts\/26751","targetHints":{"allow":["GET"]}}],"collection":[{"href":"https:\/\/historiografija.hr\/index.php?rest_route=\/wp\/v2\/posts"}],"about":[{"href":"https:\/\/historiografija.hr\/index.php?rest_route=\/wp\/v2\/types\/post"}],"author":[{"embeddable":true,"href":"https:\/\/historiografija.hr\/index.php?rest_route=\/wp\/v2\/users\/2"}],"replies":[{"embeddable":true,"href":"https:\/\/historiografija.hr\/index.php?rest_route=%2Fwp%2Fv2%2Fcomments&post=26751"}],"version-history":[{"count":1,"href":"https:\/\/historiografija.hr\/index.php?rest_route=\/wp\/v2\/posts\/26751\/revisions"}],"predecessor-version":[{"id":26753,"href":"https:\/\/historiografija.hr\/index.php?rest_route=\/wp\/v2\/posts\/26751\/revisions\/26753"}],"wp:featuredmedia":[{"embeddable":true,"href":"https:\/\/historiografija.hr\/index.php?rest_route=\/wp\/v2\/media\/26752"}],"wp:attachment":[{"href":"https:\/\/historiografija.hr\/index.php?rest_route=%2Fwp%2Fv2%2Fmedia&parent=26751"}],"wp:term":[{"taxonomy":"category","embeddable":true,"href":"https:\/\/historiografija.hr\/index.php?rest_route=%2Fwp%2Fv2%2Fcategories&post=26751"},{"taxonomy":"post_tag","embeddable":true,"href":"https:\/\/historiografija.hr\/index.php?rest_route=%2Fwp%2Fv2%2Ftags&post=26751"}],"curies":[{"name":"wp","href":"https:\/\/api.w.org\/{rel}","templated":true}]}}