{"id":26734,"date":"2021-06-25T21:51:15","date_gmt":"2021-06-25T21:51:15","guid":{"rendered":"http:\/\/historiografija.hr\/?p=26734"},"modified":"2021-06-25T21:52:56","modified_gmt":"2021-06-25T21:52:56","slug":"najava-online-konferencije-trauma-komunizma-postkomunizam-i-uloga-crkve","status":"publish","type":"post","link":"https:\/\/historiografija.hr\/?p=26734","title":{"rendered":"Najava online konferencije: \u201cTrauma komunizma, postkomunizam i uloga Crkve\u201d"},"content":{"rendered":"\n<p>Nanovic Institut za europske studije Sveu\u010dili\u0161ta Notre Dame iz Sjedinjenih Ameri\u010dkih Dr\u017eava i \u010dlanice Partnerstva katoli\u010dkih sveu\u010dili\u0161ta, Ukrajinsko katoli\u010dko sveu\u010dili\u0161te iz Lavova u Ukrajini, Katoli\u010dko sveu\u010dili\u0161te P\u00e9ter P\u00e1zm\u00e1ny iz Budimpe\u0161te u Ma\u0111arskoj, Katoli\u010dko sveu\u010dili\u0161te Ivan Pavao II. iz Lublina u Poljskoj, Katoli\u010dko sveu\u010dili\u0161te Ru\u017eomberok iz Slova\u010dke, Sveu\u010dili\u0161te Sulkhan-Saba Orbeliani iz Tbilisija u Gruziji i Hrvatsko katoli\u010dko sveu\u010dili\u0161te organiziraju online konferenciju \u201cTrauma komunizma, postkomunizam i uloga Crkve\u201d&nbsp; (The Trauma of Communism, Postcommunism, and the Role of the Church) koja \u0107e se odr\u017eati od 29. lipnja do 1. srpnja 2021.<\/p>\n\n\n\n<p>Glavni predava\u010di su profesor Myroslav Marynovych, prorektor za poslanje sveu\u010dili\u0161ta s Ukrajinskog katoli\u010dkog sveu\u010dili\u0161ta, mons. Tom\u00e1\u0161 Hal\u00edk profesor sociologije religije na Karlovom sveu\u010dili\u0161tu u Pragu u \u010ce\u0161koj i profesor A. James McAdams, dugogodi\u0161nji direktor Nanovic instituta, profesor za me\u0111unarodne odnose na Sveu\u010dili\u0161tu Notre Dame i osniva\u010d Partnerstva katoli\u010dkih sveu\u010dili\u0161ta (<a href=\"https:\/\/nanovic.nd.edu\/about\/catholic-universities-partnership\/\">Catholic University Partnership \u2013 CUP<\/a>) koji podr\u017eava katoli\u010dke visokoobrazovne ustanove i civilno dru\u0161tvo u biv\u0161im komunisti\u010dkim zemljama.<\/p>\n\n\n\n<p>Iz Hrvatske \u0107e na konferenciji sudjelovati publicistica i kolumnistica Vi\u0161nja Stare\u0161ina, prof. dr. sc. Andrea Feldman s U\u010diteljskog fakulteta Sveu\u010dili\u0161ta u Zagrebu, a s Hrvatskog katoli\u010dkog sveu\u010dili\u0161ta izv. prof. dr. sc. Mario Bara, pro\u010delnik Odjela za sociologiju, i izv. prof. dr. sc. Mario Kevo, pro\u010delnik Odjela za povijest.<\/p>\n\n\n\n<p>U sklopu konferencije bit \u0107e predstavljen i studentski projekt \u201eFaith and Freedom\u201c u kojem su sudjelovali i studenti s Hrvatskog katoli\u010dkog sveu\u010dili\u0161ta.<\/p>\n\n\n\n<p>Svi zainteresirani mogu se registrirati na <a href=\"https:\/\/nanovic.nd.edu\/events\/2021\/06\/29\/conference-the-trauma-of-communism\/\">poveznici<\/a>, a vi\u0161e informacije prona\u0111ite <a href=\"https:\/\/nanovic.nd.edu\/news\/bearing-witness-the-trauma-of-communism-postcommunism-and-the-role-of-the-church\/\">ovdje<\/a>.<\/p>\n\n\n\n<p><strong>Partnerstvo katoli\u010dkih sveu\u010dili\u0161ta (PKS)<\/strong> djeluje u sklopu Nanovic instituta za Europske studije ameri\u010dkog sveu\u010dili\u0161ta Notre-Dame iz Indiane i nastoji ponovno osnovati katoli\u010dka sveu\u010dili\u0161ta u Europi koja su uga\u0161ena pod pritiskom komunisti\u010dkih re\u017eima te potpomo\u0107i otvaranju novih katoli\u010dkih sveu\u010dili\u0161ta u postkomunisti\u010dkim zemljama. Partnerstvo od 2005. od godine organizira znanstveno-stru\u010dne skupove jednom godi\u0161nje u razli\u010ditim europskim zemljama. Me\u0111u prvim partnerima u ovoj skupini sveu\u010dili\u0161ta, nazvanoj Partnerstvo katoli\u010dkih sveu\u010dili\u0161ta, bili su Katoli\u010dko sveu\u010dili\u0161te Ivan Pavao II., Lublin (Poljska), Katoli\u010dko sveu\u010dili\u0161te u Ru\u017eomberoku (Slova\u010dka), Katoli\u010dko sveu\u010dili\u0161te P\u00e9ter P\u00e1zm\u00e1ny, Budimpe\u0161ta (Ma\u0111arska) te Ukrajinsko katoli\u010dko sveu\u010dili\u0161te, Lavov (Ukrajina). Godine 2009. ova je skupina pro\u0161irena novim prijateljima, kao \u0161to su Universit\u00e0 Cattolica del Sacro Cuore, Milano (Italija) te Institut Catholique de Paris, Pariz (Francuska). Godine 2013. dobrodo\u0161licu su iskazali Hrvatskom katoli\u010dkom sveu\u010dili\u0161tu, Zagreb (Hrvatska) te Papinskom sveu\u010dili\u0161tu Sv. Tome, Rim (Italija).<\/p>\n\n\n\n<h4 class=\"wp-block-heading\"><a href=\"https:\/\/nanovic.nd.edu\/events\/2021\/06\/29\/conference-the-trauma-of-communism\/\" target=\"_blank\" rel=\"noreferrer noopener\">Conference Schedule<\/a><\/h4>\n\n\n\n<p><em>Times are U.S. Eastern;&nbsp;see time conversion below. Updated April 23, 2021.<\/em><\/p>\n\n\n\n<h3 class=\"wp-block-heading\">Tuesday, June&nbsp;29<\/h3>\n\n\n\n<p>7:45 am \u2013 Moment of Recollection and Reflection&nbsp;<\/p>\n\n\n\n<p>8:00 am \u2013 Welcome and Introductions<\/p>\n\n\n\n<p>8:10&nbsp;am \u2013&nbsp;<strong>Keynote I<\/strong><br><strong><a href=\"https:\/\/ucu.edu.ua\/en\/administration\/55684-2\/\">Myroslav Marynovych<\/a>, <\/strong><em>Vice-Rector for University Mission, Ukrainian Catholic University<\/em><\/p>\n\n\n\n<p>9:00 am \u2013 Break<\/p>\n\n\n\n<p>9:05 am \u2013&nbsp;<strong>Panel I: The Experience in Georgia and Ukraine<\/strong><\/p>\n\n\n\n<p>10:30&nbsp;am&nbsp;\u2013 Adjourn<\/p>\n\n\n\n<h3 class=\"wp-block-heading\">Wednesday, June 30<\/h3>\n\n\n\n<p>7:45 am \u2013 Moment of Recollection and Reflection&nbsp;<\/p>\n\n\n\n<p>8:00 am \u2013&nbsp;<strong>Panel II: The Experience in Hungary and Poland<\/strong><\/p>\n\n\n\n<p>9:25 am \u2013 Break<\/p>\n\n\n\n<p>9:35 am \u2013&nbsp;<strong>Panel III: The Experience in Croatia and Slovakia<\/strong><\/p>\n\n\n\n<p>11:00&nbsp;am&nbsp;\u2013 Break<\/p>\n\n\n\n<p>11:10&nbsp;am \u2013&nbsp;<strong>Keynote II<\/strong><br><a href=\"http:\/\/ufar.ff.cuni.cz\/10\/prof-tomas-halik-thd\"><strong>Tom\u00e1\u0161 Hal\u00edk<\/strong><\/a>, <em>Professor of Sociology of Religion, Charles University<\/em><\/p>\n\n\n\n<p>12:00 pm \u2013&nbsp;Adjournment<\/p>\n\n\n\n<p><strong>Thursday, July 1<\/strong><\/p>\n\n\n\n<p>7:45 am \u2013 Moment of Recollection and Reflection&nbsp;<\/p>\n\n\n\n<p>8:00 am \u2013&nbsp;<strong>Keynote III<\/strong><strong><br><a href=\"https:\/\/politicalscience.nd.edu\/people\/a-james-mcadams\/\">A. James McAdams<\/a>, <\/strong><em>William M. Scholl Professor of International Affairs, University of Notre Dame<\/em><\/p>\n\n\n\n<p>8:50 am \u2013 Break<\/p>\n\n\n\n<p>9:00 am \u2013&nbsp;<strong>Student Presentations from the \u201cFaith and Freedom\u201d Project<\/strong><\/p>\n\n\n\n<p>9:50&nbsp;am&nbsp;\u2013 Break<\/p>\n\n\n\n<p>10:00&nbsp;am \u2013&nbsp;<strong>Panel IV: Pathways towards the Future<\/strong><\/p>\n\n\n\n<p>11:25 am \u2013&nbsp;Break<\/p>\n\n\n\n<p>11:35 am \u2013&nbsp;<strong>Concluding Remarks and \u201cLessons Learnt\u201d<\/strong><\/p>\n\n\n\n<p>11:45 am&nbsp;\u2013 Adjournment<\/p>\n\n\n\n<figure class=\"wp-block-table\"><table><tbody><tr><td><strong>Notre Dame<\/strong><\/td><\/tr><tr><td><strong>(ET)<\/strong><\/td><td><strong>Zagreb<\/strong><\/td><\/tr><tr><td>8:00 AM<\/td><td>14:00<\/td><\/tr><tr><td>9:00 AM<\/td><td>15:00<\/td><\/tr><tr><td>10:00 AM<\/td><td>16:00<\/td><\/tr><tr><td>11:00 AM<\/td><td>17:00<\/td><\/tr><tr><td>12:00 noon<\/td><td>18:00<\/td><\/tr><\/tbody><\/table><\/figure>\n\n\n\n<hr class=\"wp-block-separator\"\/>\n\n\n\n<p>Izvor:<\/p>\n\n\n\n<figure class=\"wp-block-embed-wordpress wp-block-embed is-type-wp-embed is-provider-hrvatsko-katolicko-sveuciliste\"><div class=\"wp-block-embed__wrapper\">\n<blockquote class=\"wp-embedded-content\" data-secret=\"vDbin2NCFN\"><a href=\"http:\/\/www.unicath.hr\/najava-online-konferencije_trauma-komunizma-postkomunizma-i-uloga-crkve\">Najava online konferencije: &#8220;Trauma komunizma, postkomunizam i uloga Crkve&#8221;<\/a><\/blockquote><iframe loading=\"lazy\" class=\"wp-embedded-content\" sandbox=\"allow-scripts\" security=\"restricted\" style=\"position: absolute; clip: rect(1px, 1px, 1px, 1px);\" title=\"&#8220;Najava online konferencije: &#8220;Trauma komunizma, postkomunizam i uloga Crkve&#8221;&#8221; &#8212; Hrvatsko katoli\u010dko sveu\u010dili\u0161te\" src=\"http:\/\/www.unicath.hr\/najava-online-konferencije_trauma-komunizma-postkomunizma-i-uloga-crkve\/embed#?secret=vDbin2NCFN\" data-secret=\"vDbin2NCFN\" width=\"600\" height=\"338\" frameborder=\"0\" marginwidth=\"0\" marginheight=\"0\" scrolling=\"no\"><\/iframe>\n<\/div><\/figure>\n\n\n\n<hr class=\"wp-block-separator\"\/>\n","protected":false},"excerpt":{"rendered":"","protected":false},"author":2,"featured_media":6428,"comment_status":"open","ping_status":"open","sticky":false,"template":"","format":"standard","meta":{"_acf_changed":false,"jetpack_post_was_ever_published":false,"_jetpack_newsletter_access":"","_jetpack_dont_email_post_to_subs":false,"_jetpack_newsletter_tier_id":0,"_jetpack_memberships_contains_paywalled_content":false,"_jetpack_memberships_contains_paid_content":false,"footnotes":"","jetpack_publicize_message":"","jetpack_publicize_feature_enabled":true,"jetpack_social_post_already_shared":true,"jetpack_social_options":{"image_generator_settings":{"template":"highway","default_image_id":0,"font":"","enabled":false},"version":2}},"categories":[3,9],"tags":[],"class_list":["post-26734","post","type-post","status-publish","format-standard","has-post-thumbnail","hentry","category-novosti","category-skupovi"],"acf":{"facebook_opis":""},"jetpack_publicize_connections":[],"jetpack_featured_media_url":"https:\/\/i0.wp.com\/historiografija.hr\/wp-content\/uploads\/2017\/10\/HKS.png?fit=200%2C200&ssl=1","jetpack_sharing_enabled":true,"jetpack-related-posts":[],"_links":{"self":[{"href":"https:\/\/historiografija.hr\/index.php?rest_route=\/wp\/v2\/posts\/26734","targetHints":{"allow":["GET"]}}],"collection":[{"href":"https:\/\/historiografija.hr\/index.php?rest_route=\/wp\/v2\/posts"}],"about":[{"href":"https:\/\/historiografija.hr\/index.php?rest_route=\/wp\/v2\/types\/post"}],"author":[{"embeddable":true,"href":"https:\/\/historiografija.hr\/index.php?rest_route=\/wp\/v2\/users\/2"}],"replies":[{"embeddable":true,"href":"https:\/\/historiografija.hr\/index.php?rest_route=%2Fwp%2Fv2%2Fcomments&post=26734"}],"version-history":[{"count":2,"href":"https:\/\/historiografija.hr\/index.php?rest_route=\/wp\/v2\/posts\/26734\/revisions"}],"predecessor-version":[{"id":26736,"href":"https:\/\/historiografija.hr\/index.php?rest_route=\/wp\/v2\/posts\/26734\/revisions\/26736"}],"wp:featuredmedia":[{"embeddable":true,"href":"https:\/\/historiografija.hr\/index.php?rest_route=\/wp\/v2\/media\/6428"}],"wp:attachment":[{"href":"https:\/\/historiografija.hr\/index.php?rest_route=%2Fwp%2Fv2%2Fmedia&parent=26734"}],"wp:term":[{"taxonomy":"category","embeddable":true,"href":"https:\/\/historiografija.hr\/index.php?rest_route=%2Fwp%2Fv2%2Fcategories&post=26734"},{"taxonomy":"post_tag","embeddable":true,"href":"https:\/\/historiografija.hr\/index.php?rest_route=%2Fwp%2Fv2%2Ftags&post=26734"}],"curies":[{"name":"wp","href":"https:\/\/api.w.org\/{rel}","templated":true}]}}